{"id":225454,"date":"2025-11-08T17:57:37","date_gmt":"2025-11-08T17:57:37","guid":{"rendered":"https:\/\/www.europesays.com\/es\/225454\/"},"modified":"2025-11-08T17:57:37","modified_gmt":"2025-11-08T17:57:37","slug":"estos-son-los-colores-tendencia-que-dominaran-la-decoracion-en-2026-con-un-aire-moderno-y-elegante","status":"publish","type":"post","link":"https:\/\/www.europesays.com\/es\/225454\/","title":{"rendered":"Estos son los colores tendencia que dominar\u00e1n la decoraci\u00f3n en 2026 con un aire moderno y elegante"},"content":{"rendered":"<p id=\"ehPIuLmMoL\" data-wc=\"85\">Los <a class=\"hm-link ho-link\" href=\"https:\/\/www.hola.com\/decoracion\/20250402823845\/tonos-tierra-tendencia-2025-estilo-hogar\/\" data-mrf-recirculation=\"article-body-link\" rel=\"nofollow noopener\" target=\"_blank\">tonos m\u00e1s terrosos de la paleta crom\u00e1tica<\/a> conquistan los hogares, pero con una lectura moderna. Beiges, terracotas, ocres o verdes oliva se combinan ahora con acentos profundos \u2014azules, borgo\u00f1as, rojizos\u2014 que <strong>aportan energ\u00eda y car\u00e1cter<\/strong>. En esta tendencia con la que se presenta el a\u00f1o 2026, el <strong>color se convierte en arquitectura, emoci\u00f3n y materia<\/strong>. Una paleta que conecta con la tierra, pero tambi\u00e9n con la vida contempor\u00e1nea. <strong>Pilar Garc\u00eda Ferrer (Pilsferrer) y Meritxell Rib\u00e9 y Josep Puigdom\u00e8nech (The Room Studio)<\/strong>; aportan su visi\u00f3n.<\/p>\n<p>110<\/p>\n<p>  <img src=\"https:\/\/www.europesays.com\/es\/wp-content\/uploads\/2025\/11\/066c468be2a5-almirante10-6.jpg\"   width=\"1080\" height=\"1800\" loading=\"lazy\" decoding=\"async\" alt=\"Sal\u00f3n-comedor\" fetchpriority=\"auto\" class=\"image ho-image\"\/>\u00a9 CARLA CAPDEVILA<\/p>\n<p> La vuelta a lo natural: por qu\u00e9 los tonos tierra son tendencia<\/p>\n<p id=\"eXJfOFoNOgb\">En una <strong>\u00e9poca que busca calma y autenticidad,<\/strong> los colores terrosos se han convertido en <strong>r<\/strong><strong>efugio visual<\/strong>. Inspirados en la naturaleza \u2014arena, arcilla, piedra, madera\u2014 transmiten estabilidad y confort. Esta paleta conecta con lo esencial y aporta una <a class=\"hm-link ho-link\" href=\"https:\/\/www.hola.com\/decoracion\/20221107220293\/colores-tierra-tendencias-decoracion-ms\/\" data-mrf-recirculation=\"article-body-link\" rel=\"nofollow noopener\" target=\"_blank\">sensaci\u00f3n de hogar<\/a><strong>\u00a0en tiempos de exceso digital<\/strong>. En palabras de Meritxell Rib\u00e9 y Josep Puigdom\u00e8nech, de The Room Studio, \u201cm\u00e1s que una tendencia, es una forma de conectar con lo natural y con uno mismo\u201d. Proyecto de Myriam G\u00f3mez y Alejandra Heredia, de Gomeira Studio.\u00a0<\/p>\n<p>210<\/p>\n<p>  <img src=\"https:\/\/www.europesays.com\/es\/wp-content\/uploads\/2025\/11\/d920dc5444bb-delavilla07.jpg\"   width=\"1080\" height=\"1800\" loading=\"lazy\" decoding=\"async\" alt=\"Sal\u00f3n con notas de color vibrante\" fetchpriority=\"auto\" class=\"image ho-image\"\/>\u00a9 De la Villa Studio<\/p>\n<p> Una reinterpretaci\u00f3n contempor\u00e1nea del color org\u00e1nico<\/p>\n<p id=\"e8n5QuCBhEl\">Esta tendencia crom\u00e1tica con la que se presenta 2026 nos invita a olvidarnos de los tonos tierra como algo r\u00fastico o cl\u00e1sico. La <strong>nueva versi\u00f3n de esta paleta se mezcla con l\u00edneas depuradas, mobiliario escult\u00f3rico y materiales nobles<\/strong>, dando lugar a interiores sofisticados y urbanos. Y aqu\u00ed se suman esas <a class=\"hm-link ho-link\" href=\"https:\/\/www.hola.com\/decoracion\/20241226736209\/ideas-modernas-inyectar-color-casa-am\/\" data-mrf-recirculation=\"article-body-link\" rel=\"nofollow noopener\" target=\"_blank\">notas de acento en colores m\u00e1s vibrantes<\/a>. Como explica la arquitecta Pilar Garc\u00eda Ferrer (Pilsferrer), \u201cel color forma parte de la arquitectura: envuelve, equilibra y genera continuidad entre materiales como la madera, la piedra o los tejidos naturales\u201d. Proyecto de De la Villa Studio.<\/p>\n<p>310<\/p>\n<p>  <img src=\"https:\/\/www.europesays.com\/es\/wp-content\/uploads\/2025\/11\/2b647050a920-el-corte-ingles-home-decora-casa-de-costa-4.jpg\"   width=\"1080\" height=\"1800\" loading=\"lazy\" decoding=\"async\" alt=\"Sal\u00f3n\" fetchpriority=\"auto\" class=\"image ho-image\"\/>\u00a9 El Corte Ingl\u00e9s<\/p>\n<p> Armon\u00eda y calidez visual sin estridencias<\/p>\n<p id=\"e4GWrdGGx40\">Los beiges\u00a0c\u00e1lidos, ocres y verdes oliva crean atm\u00f3sferas envolventes que invitan al descanso. Son <strong>tonos que envejecen bien, que cambian con la luz y aportan profundidad sin saturar<\/strong>. Su cualidad m\u00e1s valiosa es la capacidad de generar <strong>continuidad crom\u00e1tica<\/strong>, haciendo que cada estancia parezca formar parte de un mismo estilo interior, sereno y atemporal. Propuesta de El Corte Ingl\u00e9s.<\/p>\n<p>410<\/p>\n<p>  <img src=\"https:\/\/www.europesays.com\/es\/wp-content\/uploads\/2025\/11\/7acad86ade6b-proyecto-de-bombigomez-foto-enric-badrinas.jpg\"   width=\"1080\" height=\"1800\" loading=\"lazy\" decoding=\"async\" alt=\"Sal\u00f3n\" fetchpriority=\"auto\" class=\"image ho-image\"\/>\u00a9 Enric Badrinas<\/p>\n<p> El poder del contraste: acentos vibrantes que despiertan el espacio<\/p>\n<p id=\"eg30yVWKrBa\">Para evitar la monoton\u00eda, los<strong>\u00a0<\/strong><a class=\"hm-link ho-link\" href=\"https:\/\/www.hola.com\/decoracion\/20240624700917\/tendencia-colourful-haven-interiorismo-mucho-color-am\/\" data-mrf-recirculation=\"article-body-link\" rel=\"nofollow noopener\" target=\"_blank\">acentos intensos<\/a><strong>\u00a0\u2014borgo\u00f1as, azules profundos o rojizos\u2014 aportan dinamismo y sofisticaci\u00f3n<\/strong>. Este es el nuevo punto de vista que trae la tendencia para la pr\u00f3xima temporada. Desde The Room Studio lo definen como \u201cpeque\u00f1as dosis de energ\u00eda que despiertan la mirada sin restar calma al conjunto\u201d. En una paleta neutra, <strong>basta con un toque de color en una moldura, un cuadro o un tapizado para transformar por completo la atm\u00f3sfera<\/strong>. Proyecto del estudio Bomb\u00ed+G\u00f3mez.<\/p>\n<p>510<\/p>\n<p>  <img src=\"https:\/\/www.europesays.com\/es\/wp-content\/uploads\/2025\/11\/e93313e53736-regueros-comedor.jpg\"   width=\"1080\" height=\"1800\" loading=\"lazy\" decoding=\"async\" alt=\"Comedor en madera con cuadro en color\" fetchpriority=\"auto\" class=\"image ho-image\"\/>\u00a9 De la Villa Studio<\/p>\n<p> Combinar los colores en la dosis justa<\/p>\n<p id=\"e9J--BZ-Qz1\">La clave est\u00e1 en la medida. Una <strong>regla visual sencill<\/strong><strong>a<\/strong>: un 70% de tonos base (beiges, arenas, ocres), un 20% de tonos medios (verdes oliva, terracotas) y un 10% de acentos vibrantes. Esta proporci\u00f3n permite <a class=\"hm-link ho-link\" href=\"https:\/\/www.hola.com\/decoracion\/20230710235294\/casa-bienestar-cinco-sentidos-ms\/\" data-mrf-recirculation=\"article-body-link\" rel=\"nofollow noopener\" target=\"_blank\">mantener la armon\u00eda<\/a><strong>\u00a0y controlar el impacto visual<\/strong>. En espacios peque\u00f1os, los tonos neutros ampl\u00edan y los acentos estrat\u00e9gicos aportan car\u00e1cter sin sobrecargar. Proyecto de De la Villa Studio.<\/p>\n<p>610<\/p>\n<p>  <img src=\"https:\/\/www.europesays.com\/es\/wp-content\/uploads\/2025\/11\/6825ec3e3f0a-proyecto-de-la-creu-albert-ramoneda-studio-elton-rocha-7.jpg\"   width=\"1080\" height=\"1800\" loading=\"lazy\" decoding=\"async\" alt=\"Comedor\" fetchpriority=\"auto\" class=\"image ho-image\"\/>\u00a9 Elton Rocha<\/p>\n<p> Materiales que potencian la paleta<\/p>\n<p id=\"etnDQGNJb9-\">Hay algunos materiales que se al\u00edan con estos colores para mejorar el resultado. La textura de algunos tejidos, el poro de la madera, la piedra natural o el metal envejecido realzan la riqueza crom\u00e1tica y refuerzan la conexi\u00f3n sensorial con la naturaleza.<strong>\u00a0\u201cEl color no solo se ve, tambi\u00e9n se siente\u201d<\/strong>, explican Rib\u00e9 y Puigdom\u00e8nech. <strong>Elegir\u00a0<\/strong><a class=\"hm-link ho-link\" href=\"https:\/\/www.hola.com\/decoracion\/20241127731892\/como-utilizar-materiales-texturas-elevar-calidez\/\" data-mrf-recirculation=\"article-body-link\" rel=\"nofollow noopener\" target=\"_blank\">materiales honestos, con textura y profundidad<\/a>, es esencial para que <strong>esta paleta respire autenticidad<\/strong>. Proyecto de Albert Ramoneda Studio.\u00a0<\/p>\n<p>710<\/p>\n<p>  <img src=\"https:\/\/www.europesays.com\/es\/wp-content\/uploads\/2025\/11\/b9191e57b0cb-contemporary-house.jpg\"   width=\"1080\" height=\"1800\" loading=\"lazy\" decoding=\"async\" alt=\"Sal\u00f3n con color\" fetchpriority=\"auto\" class=\"image ho-image\"\/>\u00a9 Maisons du Monde<\/p>\n<p> En el sal\u00f3n: serenidad con matices<\/p>\n<p id=\"eOppL21MJSn\">En la estancia principal de la casa, los tonos tierra <a class=\"hm-link ho-link\" href=\"https:\/\/www.hola.com\/decoracion\/20241113729344\/secretos-neuroarquitectura-para-interiorismo-que-mejora-bienestar-salud\/\" data-mrf-recirculation=\"article-body-link\" rel=\"nofollow noopener\" target=\"_blank\">generan equilibrio y bienestar<\/a>. Se pueden combinar sof\u00e1s en lino beige\u00a0con cojines en tonos arcilla o azul petr\u00f3leo, una alfombra de yute o dejar que este elemento sea el que ponga color, detalles dorados envejecidos, un cuadro borgo\u00f1a o un sill\u00f3n de terciopelo rojizo. \u00a1Hay muchas opciones! Y con ellas se introduce el <strong>acento vibrante que eleva el conjunto<\/strong> sin romper la calma. Sof\u00e1 con mobiliario de Maisons du Monde.\u00a0<\/p>\n<p>810<\/p>\n<p>  <img src=\"https:\/\/www.europesays.com\/es\/wp-content\/uploads\/2025\/11\/d4730ae847e8-deleite-design-c2a9493.jpg\"   width=\"1080\" height=\"1800\" loading=\"lazy\" decoding=\"async\" alt=\"Dormitorio\" fetchpriority=\"auto\" class=\"image ho-image\"\/>\u00a9 CARLA CAPDEVILA<\/p>\n<p> En el dormitorio: refugio c\u00e1lido y envolvente<\/p>\n<p id=\"eakV29v83W1\">El dormitorio es el escenario ideal para los colores que \u201crespiran tierra\u201d. Cabeceros tapizados en tonos arena, ropa de cama en lino terracota y cortinas en verde oliva crean un ambiente \u00edntimo y acogedor. Pilar Garc\u00eda Ferrer busca <strong>\u201cese color que cambia a lo largo del d\u00eda, que dialoga con la luz y genera continuidad\u201d<\/strong>, un recurso perfecto para esta estancia de descanso. Y tambi\u00e9n esas <a class=\"hm-link ho-link\" href=\"https:\/\/www.hola.com\/decoracion\/20240911715298\/dormitorios-neutros-o-con-color-am\/\" data-mrf-recirculation=\"article-body-link\" rel=\"nofollow noopener\" target=\"_blank\">notas destacadas de color se pueden colar en mayor o menos medida en el dormitorio<\/a>, en un coj\u00edn, un puf o alg\u00fan accesorio decorativo. Proyecto de Deleite Design.<\/p>\n<p>910<\/p>\n<p>  <img src=\"https:\/\/www.europesays.com\/es\/wp-content\/uploads\/2025\/11\/6019290fc72e-proyecto-de-coblonal-foto-heidi-cavazos-07.jpg\"   width=\"1920\" height=\"1080\" loading=\"lazy\" decoding=\"async\" alt=\"Cocina abierta al sal\u00f3n\" fetchpriority=\"auto\" class=\"image ho-image\"\/>\u00a9 Heidi Cavazos<\/p>\n<p> En la cocina o el ba\u00f1o: sofisticaci\u00f3n natural<\/p>\n<p id=\"espeyugt0O_\">Las <a class=\"hm-link ho-link\" href=\"https:\/\/www.hola.com\/decoracion\/20241022721891\/cocinas-que-enamoran-claves-diseno-tendencias-decoracion\/\" data-mrf-recirculation=\"article-body-link\" rel=\"nofollow noopener\" target=\"_blank\">cocinas<\/a> y <a class=\"hm-link ho-link\" href=\"https:\/\/www.hola.com\/decoracion\/20250203811009\/banos-modernos-espectaculares-2025\/\" data-mrf-recirculation=\"article-body-link\" rel=\"nofollow noopener\" target=\"_blank\">ba\u00f1os<\/a> tambi\u00e9n abrazan esta tendencia. Maderas c\u00e1lidas, encimeras en piedra color arena o gres en tonos ocre se combinan con grifer\u00edas en acabado lat\u00f3n o negro mate. Un toque de color en el mobiliario \u2014una pared borgo\u00f1a, un frente azul oscuro\u2014 aporta <strong>modernidad sin perder la\u00a0<\/strong><a class=\"hm-link ho-link\" href=\"https:\/\/www.hola.com\/decoracion\/20240220249583\/ideas-recrear-estilo-natural-casa-tendencia-il\/\" data-mrf-recirculation=\"article-body-link\" rel=\"nofollow noopener\" target=\"_blank\">esencia natural<\/a>. Es el equilibrio entre lo org\u00e1nico y lo contempor\u00e1neo. Proyecto de Coblonal Interiorismo.<\/p>\n<p>1010<\/p>\n<p>  <img src=\"https:\/\/www.europesays.com\/es\/wp-content\/uploads\/2025\/11\/84be891cb382-articulo-1-vivienda-consell-de-cent-2.jpg\"   width=\"1920\" height=\"1080\" loading=\"lazy\" decoding=\"async\" alt=\"Sal\u00f3n en tonos tierra\" fetchpriority=\"auto\" class=\"image ho-image\"\/>\u00a9 The Room Studio<\/p>\n<p> M\u00e1s all\u00e1 del color: una filosof\u00eda de vida<\/p>\n<p id=\"ete_1KGCAkv\">El <strong>\u00e9xito de esta tendencia no est\u00e1 solo en su belleza, sino en su mensaje<\/strong>. Habla de equilibrio, <strong>de\u00a0<\/strong><a class=\"hm-link ho-link\" href=\"https:\/\/www.hola.com\/decoracion\/20240830715584\/ideas-integrar-naturaleza-hogar\/\" data-mrf-recirculation=\"article-body-link\" rel=\"nofollow noopener\" target=\"_blank\">conexi\u00f3n con la tierra<\/a><strong>\u00a0y de bienestar visual<\/strong>. Como resumen desde The Room Studio, su filosof\u00eda Beyond the Spaces busca crear lugares que se vivan y se sientan, m\u00e1s que decoraciones ef\u00edmeras. Y en esa idea, los tonos tierra con acentos vibrantes representan una nueva forma de habitar la calma con car\u00e1cter. En la imagen, un proyecto de este estudio.\u00a0<\/p>\n","protected":false},"excerpt":{"rendered":"Los tonos m\u00e1s terrosos de la paleta crom\u00e1tica conquistan los hogares, pero con una lectura moderna. Beiges, terracotas,&hellip;\n","protected":false},"author":2,"featured_media":225455,"comment_status":"","ping_status":"","sticky":false,"template":"","format":"standard","meta":{"footnotes":""},"categories":[173],"tags":[229,233,231,230,8372,14046,232,253,234,146,147,25,24,14047,23,15718],"class_list":{"0":"post-225454","1":"post","2":"type-post","3":"status-publish","4":"format-standard","5":"has-post-thumbnail","7":"category-arte-y-diseno","8":"tag-arte","9":"tag-arte-y-diseno","10":"tag-arts","11":"tag-arts-and-design","12":"tag-decoracion","13":"tag-decoracion-de-interiores","14":"tag-design","15":"tag-discover","16":"tag-diseno","17":"tag-entertainment","18":"tag-entretenimiento","19":"tag-es","20":"tag-espana","21":"tag-ideas-decoracion","22":"tag-spain","23":"tag-tendencias-decoracion"},"share_on_mastodon":{"url":"https:\/\/pubeurope.com\/@es\/115515375618640170","error":""},"_links":{"self":[{"href":"https:\/\/www.europesays.com\/es\/wp-json\/wp\/v2\/posts\/225454","targetHints":{"allow":["GET"]}}],"collection":[{"href":"https:\/\/www.europesays.com\/es\/wp-json\/wp\/v2\/posts"}],"about":[{"href":"https:\/\/www.europesays.com\/es\/wp-json\/wp\/v2\/types\/post"}],"author":[{"embeddable":true,"href":"https:\/\/www.europesays.com\/es\/wp-json\/wp\/v2\/users\/2"}],"replies":[{"embeddable":true,"href":"https:\/\/www.europesays.com\/es\/wp-json\/wp\/v2\/comments?post=225454"}],"version-history":[{"count":0,"href":"https:\/\/www.europesays.com\/es\/wp-json\/wp\/v2\/posts\/225454\/revisions"}],"wp:featuredmedia":[{"embeddable":true,"href":"https:\/\/www.europesays.com\/es\/wp-json\/wp\/v2\/media\/225455"}],"wp:attachment":[{"href":"https:\/\/www.europesays.com\/es\/wp-json\/wp\/v2\/media?parent=225454"}],"wp:term":[{"taxonomy":"category","embeddable":true,"href":"https:\/\/www.europesays.com\/es\/wp-json\/wp\/v2\/categories?post=225454"},{"taxonomy":"post_tag","embeddable":true,"href":"https:\/\/www.europesays.com\/es\/wp-json\/wp\/v2\/tags?post=225454"}],"curies":[{"name":"wp","href":"https:\/\/api.w.org\/{rel}","templated":true}]}}