{"id":225459,"date":"2025-11-08T18:01:10","date_gmt":"2025-11-08T18:01:10","guid":{"rendered":"https:\/\/www.europesays.com\/es\/225459\/"},"modified":"2025-11-08T18:01:10","modified_gmt":"2025-11-08T18:01:10","slug":"nigran-estrena-su-gran-ciclo-de-cine-familiar-gratis-este-sabado-con-un-clasico-infantil","status":"publish","type":"post","link":"https:\/\/www.europesays.com\/es\/225459\/","title":{"rendered":"Nigr\u00e1n estrena su gran ciclo de cine familiar gratis este s\u00e1bado con un cl\u00e1sico infantil"},"content":{"rendered":"<p>Arranca <strong>el ciclo de pel\u00edculas familiares que llenar\u00e1 de vida los s\u00e1bados en el <a href=\"https:\/\/metropolitano.gal\/enfoque\/nigran-devuelve-a-la-vida-los-cines-de-a-ramallosa-congelados-en-el-tiempo-durante-11-anos\/\" rel=\"nofollow noopener\" target=\"_blank\">reci\u00e9n recuperado cine de A Ramallosa<\/a><\/strong>. Un programa que tendr\u00e1 lugar siempre a las 18:00 horas en las instalaciones de dicho centro comercial, y que <strong>se estrena con \u00abMatilda\u00bb este mismo fin de semana<\/strong>.<\/p>\n<p>A continuaci\u00f3n, <strong>los siguientes s\u00e1bados de noviembre<\/strong> se proyectar\u00e1, en este orden, \u00abE.T. El extraterrestre\u00bb (d\u00eda 15), \u00abGru, mi villano favorito\u00bb (d\u00eda 22) y \u00abCharlie y la f\u00e1brica de chocolate\u00bb (d\u00eda 29).<\/p>\n<p><strong>Todas las proyecciones ser\u00e1n gratuitas<\/strong> mediante la reserva de un acceso en la propia taquilla desde una hora antes del comienzo y hasta agotarse el aforo. La selecci\u00f3n de los largometrajes corre a cargo de la &#8216;Xeraci\u00f3n Xa!&#8217;, el \u00f3rgano de participaci\u00f3n infantil y juvenil del Concello de Nigr\u00e1n. En diciembre, el Concello <strong>ofrecer\u00e1 una programaci\u00f3n cinematogr\u00e1fica especial de Navidad<\/strong> en este mismo cine municipal adquirido por el consistorio recientemente por 61.500 euros.<\/p>\n<p><strong>Matilda, la primera pel\u00edcula escogida<\/strong><\/p>\n<p><strong>Matilda Wormwood es una ni\u00f1a muy curiosa e inteligente<\/strong>, todo el contrario que sus chabacanos padres, que suelen ignorarla y despreciarla. Tras descubrir que <strong>posee poder telequin\u00e9sicos<\/strong>, llega a la conclusi\u00f3n de que podr\u00eda usarlos para hacer el bien, ayudando a lo que est\u00e1n en dificultades, pero tambi\u00e9n para castigar a las personas crueles y perversas. Se trata de <strong>una pel\u00edcula dirigida por Danny DeVito y apta para todos los p\u00fablicos<\/strong>.<\/p>\n<p>Por su parte, <strong>todos los jueves a las 18:00 horas el Concello ofrecer\u00e1 una programaci\u00f3n pensada para adultos<\/strong>, con &#8216;Cinema Paradiso&#8217; este mismo d\u00eda 6 y &#8216;Casablanca&#8217; el 13, eligiendo para los siguientes jueves entre las propuestas que los propios asistentes realicen.<\/p>\n<p>\u00a0<\/p>\n","protected":false},"excerpt":{"rendered":"Arranca el ciclo de pel\u00edculas familiares que llenar\u00e1 de vida los s\u00e1bados en el reci\u00e9n recuperado cine de&hellip;\n","protected":false},"author":2,"featured_media":225460,"comment_status":"","ping_status":"","sticky":false,"template":"","format":"standard","meta":{"footnotes":""},"categories":[169],"tags":[177,146,147,25,24,176,175,15467,20731,23],"class_list":{"0":"post-225459","1":"post","2":"type-post","3":"status-publish","4":"format-standard","5":"has-post-thumbnail","7":"category-cine","8":"tag-cine","9":"tag-entertainment","10":"tag-entretenimiento","11":"tag-es","12":"tag-espana","13":"tag-film","14":"tag-movies","15":"tag-nigran","16":"tag-o-val-minor","17":"tag-spain"},"share_on_mastodon":{"url":"https:\/\/pubeurope.com\/@es\/115515391002799597","error":""},"_links":{"self":[{"href":"https:\/\/www.europesays.com\/es\/wp-json\/wp\/v2\/posts\/225459","targetHints":{"allow":["GET"]}}],"collection":[{"href":"https:\/\/www.europesays.com\/es\/wp-json\/wp\/v2\/posts"}],"about":[{"href":"https:\/\/www.europesays.com\/es\/wp-json\/wp\/v2\/types\/post"}],"author":[{"embeddable":true,"href":"https:\/\/www.europesays.com\/es\/wp-json\/wp\/v2\/users\/2"}],"replies":[{"embeddable":true,"href":"https:\/\/www.europesays.com\/es\/wp-json\/wp\/v2\/comments?post=225459"}],"version-history":[{"count":0,"href":"https:\/\/www.europesays.com\/es\/wp-json\/wp\/v2\/posts\/225459\/revisions"}],"wp:featuredmedia":[{"embeddable":true,"href":"https:\/\/www.europesays.com\/es\/wp-json\/wp\/v2\/media\/225460"}],"wp:attachment":[{"href":"https:\/\/www.europesays.com\/es\/wp-json\/wp\/v2\/media?parent=225459"}],"wp:term":[{"taxonomy":"category","embeddable":true,"href":"https:\/\/www.europesays.com\/es\/wp-json\/wp\/v2\/categories?post=225459"},{"taxonomy":"post_tag","embeddable":true,"href":"https:\/\/www.europesays.com\/es\/wp-json\/wp\/v2\/tags?post=225459"}],"curies":[{"name":"wp","href":"https:\/\/api.w.org\/{rel}","templated":true}]}}