{"id":225465,"date":"2025-11-08T18:04:09","date_gmt":"2025-11-08T18:04:09","guid":{"rendered":"https:\/\/www.europesays.com\/es\/225465\/"},"modified":"2025-11-08T18:04:09","modified_gmt":"2025-11-08T18:04:09","slug":"asi-han-vivido-el-primer-cumple-familiar-de-su-hijo","status":"publish","type":"post","link":"https:\/\/www.europesays.com\/es\/225465\/","title":{"rendered":"as\u00ed han vivido el primer cumple familiar de su hijo"},"content":{"rendered":"<p data-journey-content=\"true\" data-node-id=\"3\" class=\"css-6wxqfj emevuu60\"><a href=\"https:\/\/diezminutos.es\/kiko-rivera\" target=\"_blank\" data-node-id=\"3.0\" class=\"css-177bzfx emevuu60\" rel=\"nofollow noopener\">Kiko Rivera<\/a> y Jessica Bueno se han unido por una buena causa. Por primera vez, la ex pareja ha celebrado unida, junto a todos sus hijos, el cumplea\u00f1os de Francisco, el \u00fanico hijo que ambos tienen en com\u00fan. A primera hora de la tarde de este 6 de noviembre, Kiko acud\u00eda junto a sus hijos al domicilio familiar de Jessica, donde le esperaba una merienda familiar. <strong data-node-id=\"3.2\">Aunque ninguno de los dos daba declaraciones a la prensa durante esta tarde familiar, <\/strong>s\u00ed lo han hecho en &#8216;De Viernes&#8217;, donde <a href=\"https:\/\/www.diezminutos.es\/famosos-corazon\/famosos-espanoles\/a69291061\/kiko-rivera-motivo-entrevista-de-viernes-soy-completamente-feliz\/\" target=\"_blank\" data-vars-ga-outbound-link=\"https:\/\/www.diezminutos.es\/famosos-corazon\/famosos-espanoles\/a69291061\/kiko-rivera-motivo-entrevista-de-viernes-soy-completamente-feliz\/\" data-vars-ga-ux-element=\"Hyperlink\" data-vars-ga-call-to-action=\"Kiko ha concedido una extensa entrevista\" data-node-id=\"3.4\" class=\"body-link css-177bzfx emevuu60\" rel=\"nofollow noopener\">Kiko ha concedido una extensa entrevista<\/a> de la que <a href=\"https:\/\/www.diezminutos.es\/famosos-corazon\/famosos-espanoles\/a69291427\/kiko-rivera-relacion-familia-hija-madre-isabel-pantoja-de-viernes\/\" target=\"_blank\" data-vars-ga-outbound-link=\"https:\/\/www.diezminutos.es\/famosos-corazon\/famosos-espanoles\/a69291427\/kiko-rivera-relacion-familia-hija-madre-isabel-pantoja-de-viernes\/\" data-vars-ga-ux-element=\"Hyperlink\" data-vars-ga-call-to-action=\"hemos visto m\u00e1s de dos horas\" data-node-id=\"3.6\" class=\"body-link css-177bzfx emevuu60\" rel=\"nofollow noopener\">hemos visto m\u00e1s de dos horas<\/a>, y Jessica Bueno se ha sentado en directo para analizarla. <\/p>\n<p data-journey-content=\"true\" data-node-id=\"6\" class=\"css-6wxqfj emevuu60\">Antes de hablar de su paso por <a href=\"https:\/\/diezminutos.es\/supervivientes-television\" target=\"_blank\" data-node-id=\"6.1\" class=\"css-177bzfx emevuu60\" rel=\"nofollow noopener\">Supervivientes All Stars 2025<\/a> donde ha sido finalista, la dise\u00f1adora ha hablado tambi\u00e9n de <strong data-node-id=\"6.3\"><a href=\"https:\/\/www.diezminutos.es\/famosos-corazon\/famosos-espanoles\/a66005014\/jessica-bueno-habla-ruptura-kiko-rivera-irene-rosales-supervivientes-all-stars-2025\/\" target=\"_blank\" data-vars-ga-outbound-link=\"https:\/\/www.diezminutos.es\/famosos-corazon\/famosos-espanoles\/a66005014\/jessica-bueno-habla-ruptura-kiko-rivera-irene-rosales-supervivientes-all-stars-2025\/\" data-vars-ga-ux-element=\"Hyperlink\" data-vars-ga-call-to-action=\"c\u00f3mo es la relaci\u00f3n actual con su ex\" data-node-id=\"6.3.0\" class=\"body-link css-177bzfx emevuu60\" rel=\"nofollow noopener\">c\u00f3mo es la relaci\u00f3n actual con su ex<\/a><\/strong>, y c\u00f3mo fue el cumplea\u00f1os que les ha unido.<\/p>\n<p><img draggable=\"true\" alt=\"kiko rivera y jessica bueno posando con hijo francisco en brazos\" title=\"kiko rivera jessica bueno y su hijo\" loading=\"lazy\" width=\"2874\" height=\"4938\" decoding=\"async\" data-nimg=\"1\" style=\"color:transparent;width:100%;height:auto;\"   src=\"https:\/\/www.europesays.com\/es\/wp-content\/uploads\/2025\/11\/kiko-jessica-hijo-1621431223.jpg\" class=\"css-0 e1g79fud0\"\/><\/p>\n<p>Agencias<\/p>\n<p data-journey-content=\"true\" data-node-id=\"9\" class=\"css-6wxqfj emevuu60\">Se trata de la primera vez que Francisco ha celebrado un cumplea\u00f1os familiar con sus dos padres juntos: \u00ab<strong data-node-id=\"9.1\">Muchas veces nos hemos dicho de estar pero no se hab\u00eda dado\u00bb, ha explicado Jessica.<\/strong> En esta ocasi\u00f3n, con la modelo reci\u00e9n aterrizada desde Honduras, la situaci\u00f3n era muy diferente. <\/p>\n<p data-journey-content=\"true\" data-node-id=\"13\" class=\"css-6wxqfj emevuu60\">\u00ab<strong data-node-id=\"13.1\">No puedo hacerle una fiesta de cumplea\u00f1os <\/strong>como me hubiese gustado\u00bb, explicaba la madre; lo que la ha obligado a hacer una celebraci\u00f3n mucho m\u00e1s sencilla. \u00abFue un cumplea\u00f1os muy casero, normal. Al final, creo que tambi\u00e9n, que ya es mayor, est\u00e1bamos las personas suficientes: los m\u00e1s importantes para \u00e9l\u00bb. <\/p>\n<p>La buena relaci\u00f3n de Jessica Bueno y Kiko Rivera<\/p>\n<p data-journey-content=\"true\" data-node-id=\"16\" class=\"css-6wxqfj emevuu60\">Los primeros meses despu\u00e9s de la separaci\u00f3n de Kiko Rivera y Jessica Bueno fueron muy tensos. Pero tras 13 a\u00f1os, ambos han dejado todas las rencillas atr\u00e1s y mantienen una relaci\u00f3n muy cordial. Tanto es as\u00ed que <strong data-node-id=\"16.1\">Kiko llam\u00f3 a Jessica tras llegar a Espa\u00f1a para felicitarla por su concurso. <\/strong><\/p>\n<p data-journey-content=\"true\" data-node-id=\"18\" class=\"css-6wxqfj emevuu60\">Kiko ha asegurado en su entrevista que ya puede tener \u00abuna amistad unida\u00bb con Jessica Bueno, algo que ha alegrado a la finalista de Supervivientes All Stars 2025, aunque lo que realmente le ha gustado a la modelo es que Kiko la ha puesto en valor. Por primera vez, el DJ ha dicho p\u00fablicamente que lo que \u00e9l <strong data-node-id=\"18.1\">quiere es que su hijo \u00abvea lo que quiero a su madre\u00bb. <\/strong><\/p>\n<p><img src=\"https:\/\/www.europesays.com\/es\/wp-content\/uploads\/2025\/11\/1762625049_782_323095e3-d675-4360-ad79-c3a735f161a1_1681830139.file\" alt=\"Headshot of Aroa D\u00edaz\" title=\"Headshot of Aroa D\u00edaz\" width=\"100%\" height=\"100%\" decoding=\"async\" loading=\"lazy\" class=\"css-o0wq4v ev8dhu53\"\/><\/p>\n<p>Aroa D\u00edaz es experta en realities, televisi\u00f3n y actualidad en general. No hay momento del d\u00eda en el que no tenga encendida la televisi\u00f3n conociendo los \u00faltimos desvelos de los famosos, disfrutando de los realities como Supervivientes o de los concursos m\u00e1s rocambolescos. Las \u00faltimas novedades de los famosos del coraz\u00f3n son su perdici\u00f3n y la actualidad de las Casas Reales, su gran pasi\u00f3n. \u00a0\u00a0<\/p>\n<p>En sus ratos libres disfruta de las pel\u00edculas y series de moda, y bucea por los cat\u00e1logos de las plataformas de podcast buscando nuevas entrevistas y charlas de famosos.<\/p>\n<p>Adem\u00e1s, no ha parado de formarse en todos los aspectos convirti\u00e9ndose en una periodista 360: locuci\u00f3n, doblaje, grabaci\u00f3n de v\u00eddeo, periodismo m\u00f3vil, producci\u00f3n de podcast y SEO. Actualmente est\u00e1 form\u00e1ndose en el M\u00e1ster universitario de Periodismo y Comunicaci\u00f3n Digital: Datos y Nuevas Narrativas de la UOC.<\/p>\n<p>Graduada en periodismo por la Universidad Rey Juan Carlos, no ha parado de trabajar desde que obtuvo su t\u00edtulo all\u00e1 por el 2013. Despu\u00e9s de un breve impass en Palma de Mallorca, volvi\u00f3 a Legan\u00e9s donde arranc\u00f3 su experiencia con Legan\u00e9s Activo. En este tiempo he pasado por las redacciones de varios medios recayendo finalmente en Hearst Espa\u00f1a (Telenovela, Qu\u00e9 me dices y Diez Minutos). Tambi\u00e9n tiene experiencia en diferentes radios. \u00a0<\/p>\n","protected":false},"excerpt":{"rendered":"Kiko Rivera y Jessica Bueno se han unido por una buena causa. Por primera vez, la ex pareja&hellip;\n","protected":false},"author":2,"featured_media":225466,"comment_status":"","ping_status":"","sticky":false,"template":"","format":"standard","meta":{"footnotes":""},"categories":[91],"tags":[253,146,147,25,24,23],"class_list":{"0":"post-225465","1":"post","2":"type-post","3":"status-publish","4":"format-standard","5":"has-post-thumbnail","7":"category-entretenimiento","8":"tag-discover","9":"tag-entertainment","10":"tag-entretenimiento","11":"tag-es","12":"tag-espana","13":"tag-spain"},"share_on_mastodon":{"url":"https:\/\/pubeurope.com\/@es\/115515402917656294","error":""},"_links":{"self":[{"href":"https:\/\/www.europesays.com\/es\/wp-json\/wp\/v2\/posts\/225465","targetHints":{"allow":["GET"]}}],"collection":[{"href":"https:\/\/www.europesays.com\/es\/wp-json\/wp\/v2\/posts"}],"about":[{"href":"https:\/\/www.europesays.com\/es\/wp-json\/wp\/v2\/types\/post"}],"author":[{"embeddable":true,"href":"https:\/\/www.europesays.com\/es\/wp-json\/wp\/v2\/users\/2"}],"replies":[{"embeddable":true,"href":"https:\/\/www.europesays.com\/es\/wp-json\/wp\/v2\/comments?post=225465"}],"version-history":[{"count":0,"href":"https:\/\/www.europesays.com\/es\/wp-json\/wp\/v2\/posts\/225465\/revisions"}],"wp:featuredmedia":[{"embeddable":true,"href":"https:\/\/www.europesays.com\/es\/wp-json\/wp\/v2\/media\/225466"}],"wp:attachment":[{"href":"https:\/\/www.europesays.com\/es\/wp-json\/wp\/v2\/media?parent=225465"}],"wp:term":[{"taxonomy":"category","embeddable":true,"href":"https:\/\/www.europesays.com\/es\/wp-json\/wp\/v2\/categories?post=225465"},{"taxonomy":"post_tag","embeddable":true,"href":"https:\/\/www.europesays.com\/es\/wp-json\/wp\/v2\/tags?post=225465"}],"curies":[{"name":"wp","href":"https:\/\/api.w.org\/{rel}","templated":true}]}}