{"id":225471,"date":"2025-11-08T18:08:12","date_gmt":"2025-11-08T18:08:12","guid":{"rendered":"https:\/\/www.europesays.com\/es\/225471\/"},"modified":"2025-11-08T18:08:12","modified_gmt":"2025-11-08T18:08:12","slug":"matan-a-golpes-a-un-hombre-en-parla","status":"publish","type":"post","link":"https:\/\/www.europesays.com\/es\/225471\/","title":{"rendered":"Matan a golpes a un hombre en Parla"},"content":{"rendered":"<p>08\/11\/2025<br \/>\n<br \/><strong><br \/>\nActualizado a las 10:48h.<br \/>\n<\/strong><\/p>\n<p class=\"voc-p\" style=\"\">Un hombre ha sido hallado muerto esta ma\u00f1ana en plena v\u00eda p\u00fablica de Parla. El <a href=\"https:\/\/www.policia.es\" target=\"_self\" data-voc-vtm-id=\"in-text-traffic\" title=\"Grupo V de Homicidios\" data-mrf-link=\"www.policia.es\" rel=\"nofollow noopener\">Grupo V de Homicidios<\/a> investiga el suceso. El cad\u00e1ver presentaba al menos un fuerte golpe en la cabeza que le ha provocado un traumatismo craneoencef\u00e1lico mortal, informan fuentes de  &#8230; Emergencias 112 Comunidad de Madrid.<\/p>\n<p class=\"voc-p\" style=\"\">Los hechos han ocurrido a la altura del n\u00famero 7 de la calle de la Pur\u00edsima Concepci\u00f3n. La llamada de alerta ha llegado a las 7.12 horas de este s\u00e1bado. Hasta el lugar se han trasladado el Summa-112, que no ha podido m\u00e1s que confirmar el \u00f3bito, y la Polic\u00eda Local, adem\u00e1s de la Nacional. <\/p>\n<p class=\"voc-p\" style=\"\">La localidad de Parla, con 145.000 habitantes, es objeto desde hace m\u00e1s de un a\u00f1o de un plan especial con motivo de las altas tasas de delincuencia e <a href=\"https:\/\/www.abc.es\/espana\/madrid\/semana-negra-parla-ajuste-cuentas-karoke-chino-20250828201124-nt.html\" target=\"_self\" data-voc-vtm-id=\"in-text-traffic\" title=\"inseguridad ciudadana\" rel=\"nofollow noopener\">inseguridad ciudadana<\/a> que se registran: elevadas okupaciones de inmuebles, homicidios, atracos callejeros y bandas latinas son los principales problemas de la ciudad.<\/p>\n<p class=\"voc-p\" style=\"\">El jueves, otro hombre fue hallado muerto en una calle del distrito madrile\u00f1o de Barajas.<a href=\"https:\/\/www.abc.es\/espana\/madrid\/matan-punaladas-cabeza-hombre-barrio-barajas-20251107164921-nt.html\" target=\"_self\" data-voc-vtm-id=\"in-text-traffic\" title=\" Se trata de un indigente\" data-mrf-link=\"www.abc.es\" rel=\"nofollow noopener\"> Se trata de un indigente<\/a> al que, en principio, tambi\u00e9n golpearon en la cabeza con un arma blanca que no ha sido determinada. Iba indocumentado.<\/p>\n<p>\nArt\u00edculo solo para suscriptores\n<\/p>\n<p>Reportar un error<\/p>\n","protected":false},"excerpt":{"rendered":"08\/11\/2025 Actualizado a las 10:48h. Un hombre ha sido hallado muerto esta ma\u00f1ana en plena v\u00eda p\u00fablica de&hellip;\n","protected":false},"author":2,"featured_media":225472,"comment_status":"","ping_status":"","sticky":false,"template":"","format":"standard","meta":{"footnotes":""},"categories":[8],"tags":[17,18,25,24,13,14,12677,11,366,19,20,11087,9,10,15,16,27953,23,12,21,22],"class_list":{"0":"post-225471","1":"post","2":"type-post","3":"status-publish","4":"format-standard","5":"has-post-thumbnail","7":"category-espana","8":"tag-breaking-news","9":"tag-breakingnews","10":"tag-es","11":"tag-espana","12":"tag-featured-news","13":"tag-featurednews","14":"tag-golpes","15":"tag-headlines","16":"tag-hombre","17":"tag-latest-news","18":"tag-latestnews","19":"tag-matan","20":"tag-news","21":"tag-noticias","22":"tag-noticias-destacadas","23":"tag-noticiasdestacadas","24":"tag-parla","25":"tag-spain","26":"tag-titulares","27":"tag-ultimas-noticias","28":"tag-ultimasnoticias"},"share_on_mastodon":{"url":"https:\/\/pubeurope.com\/@es\/115515418516312829","error":""},"_links":{"self":[{"href":"https:\/\/www.europesays.com\/es\/wp-json\/wp\/v2\/posts\/225471","targetHints":{"allow":["GET"]}}],"collection":[{"href":"https:\/\/www.europesays.com\/es\/wp-json\/wp\/v2\/posts"}],"about":[{"href":"https:\/\/www.europesays.com\/es\/wp-json\/wp\/v2\/types\/post"}],"author":[{"embeddable":true,"href":"https:\/\/www.europesays.com\/es\/wp-json\/wp\/v2\/users\/2"}],"replies":[{"embeddable":true,"href":"https:\/\/www.europesays.com\/es\/wp-json\/wp\/v2\/comments?post=225471"}],"version-history":[{"count":0,"href":"https:\/\/www.europesays.com\/es\/wp-json\/wp\/v2\/posts\/225471\/revisions"}],"wp:featuredmedia":[{"embeddable":true,"href":"https:\/\/www.europesays.com\/es\/wp-json\/wp\/v2\/media\/225472"}],"wp:attachment":[{"href":"https:\/\/www.europesays.com\/es\/wp-json\/wp\/v2\/media?parent=225471"}],"wp:term":[{"taxonomy":"category","embeddable":true,"href":"https:\/\/www.europesays.com\/es\/wp-json\/wp\/v2\/categories?post=225471"},{"taxonomy":"post_tag","embeddable":true,"href":"https:\/\/www.europesays.com\/es\/wp-json\/wp\/v2\/tags?post=225471"}],"curies":[{"name":"wp","href":"https:\/\/api.w.org\/{rel}","templated":true}]}}