{"id":225479,"date":"2025-11-08T18:17:10","date_gmt":"2025-11-08T18:17:10","guid":{"rendered":"https:\/\/www.europesays.com\/es\/225479\/"},"modified":"2025-11-08T18:17:10","modified_gmt":"2025-11-08T18:17:10","slug":"liga-endesa-ucam-murcia-baxi-manresa-en-directo","status":"publish","type":"post","link":"https:\/\/www.europesays.com\/es\/225479\/","title":{"rendered":"Liga Endesa: UCAM Murcia &#8211; BAXI Manresa, en directo"},"content":{"rendered":"<p class=\"ft-text\"><strong>En directo: UCAM Murcia &#8211; BAXI Manresa (18.00 horas, DAZN)<\/strong><\/p>\n<p>Primer cuarto<\/p>\n<p class=\"ft-text\">El UCAM se adjudic\u00f3 un primer cuarto que fue demasiado intenso. La defensa pegajosa del BAXI Manresa en los primeros segundos de posesi\u00f3n hizo que se le escapase el bal\u00f3n en varias ocasiones a los universitarios y tambi\u00e9n les impidi\u00f3 encontrar la fluidez. Esto se sumo a las faltas se\u00f1aladas a los locales y a tres triples consecutivos del conjunto catal\u00e1n que colocaron el 7-11 en el marcador. Sin embargo, a partir de ah\u00ed, el UCAM entr\u00f3 en combusti\u00f3n. Primero con un DeJulius brillante en el uno para uno, con tres acciones de gran nivel entrando a canasta, y despu\u00e9s con el impacto de las rotaciones (11-11). Con la te\u00f3rica segunda unidad, el equipo de Sito Alonso gan\u00f3 m\u00e1s empaque defensivo, a pesar de la amenaza del bonus, y encontr\u00f3 buenos momentos de juego ofensivo, con canastas de Radebaugh y Sant-Roos, que provocaron el tiempo muerto visitante (20-14). Surti\u00f3 efecto para el Manresa, porque en el \u00faltimo minuto enlaz\u00f3 un parcial de 0-4 que desdibuj\u00f3 las buenas sensaciones del cuadro murciano hasta entonces (20-18).<\/p>\n<p>Segundo cuarto<\/p>\n<p class=\"ft-text\">No se encontraba c\u00f3modo el UCAM en pista, ni tampoco se encontraba a s\u00ed mismo en su juego. Por eso, a pesar de dos buenas acciones de Nakic, fue Sito Alonso el que quiso mover ficha con la entrada a pista de Falk y el regreso de DeJulius (24-20). El BAXI Manresa confirm\u00f3 su buen momento con un triple de Olinde y tan solo el base unviersitario era el \u00fanico capaz de romper a la defensa visitante, ya fuera anotando o buscando a sus compa\u00f1eros, por lo que el t\u00e9cnico universitario tuvo que pararlo a cinco del descanso (29-27). Funcion\u00f3, porque el UCAM cerr\u00f3 filas en defensa, y apareci\u00f3 de nuevo DeJulius junto a Falk para darle ox\u00edgeno a los suyos y voltear la situaci\u00f3n en apenas unos segundos (35-29). Irrumpi\u00f3 en el partido tambi\u00e9n Radebaugh en tareas ofensivas, lo que permiti\u00f3 a los universitarios contar con una renta de diez puntos, aunque el peaje fue una carga de faltas en varios jugadores, que pod\u00eda marcar la l\u00ednea de la segunda parte (40-30). Quiso darle un mordisco al marcador el Manresa en el \u00faltimo minuto de la primera mitad, pero aguant\u00f3 el UCAM las embestidas y sus fallos en el tiro libre (4\/14) le condenaban. Adem\u00e1s, apareci\u00f3 otra vez de DeJulius, con 13 puntos al descanso, para levantar al Palacio en una nueva acci\u00f3n individual de muchos quilates (44-32).<\/p>\n","protected":false},"excerpt":{"rendered":"En directo: UCAM Murcia &#8211; BAXI Manresa (18.00 horas, DAZN) Primer cuarto El UCAM se adjudic\u00f3 un primer&hellip;\n","protected":false},"author":2,"featured_media":225480,"comment_status":"","ping_status":"","sticky":false,"template":"","format":"standard","meta":{"footnotes":""},"categories":[269],"tags":[299,298,59137,168,3598,25,24,665,23,167,9413,3918],"class_list":{"0":"post-225479","1":"post","2":"type-post","3":"status-publish","4":"format-standard","5":"has-post-thumbnail","7":"category-baloncesto","8":"tag-baloncesto","9":"tag-basketball","10":"tag-baxi-manresa","11":"tag-deportes","12":"tag-en-directo","13":"tag-es","14":"tag-espana","15":"tag-liga-endesa","16":"tag-spain","17":"tag-sports","18":"tag-ucam","19":"tag-ucam-murcia"},"share_on_mastodon":{"url":"https:\/\/pubeurope.com\/@es\/115515454037453041","error":""},"_links":{"self":[{"href":"https:\/\/www.europesays.com\/es\/wp-json\/wp\/v2\/posts\/225479","targetHints":{"allow":["GET"]}}],"collection":[{"href":"https:\/\/www.europesays.com\/es\/wp-json\/wp\/v2\/posts"}],"about":[{"href":"https:\/\/www.europesays.com\/es\/wp-json\/wp\/v2\/types\/post"}],"author":[{"embeddable":true,"href":"https:\/\/www.europesays.com\/es\/wp-json\/wp\/v2\/users\/2"}],"replies":[{"embeddable":true,"href":"https:\/\/www.europesays.com\/es\/wp-json\/wp\/v2\/comments?post=225479"}],"version-history":[{"count":0,"href":"https:\/\/www.europesays.com\/es\/wp-json\/wp\/v2\/posts\/225479\/revisions"}],"wp:featuredmedia":[{"embeddable":true,"href":"https:\/\/www.europesays.com\/es\/wp-json\/wp\/v2\/media\/225480"}],"wp:attachment":[{"href":"https:\/\/www.europesays.com\/es\/wp-json\/wp\/v2\/media?parent=225479"}],"wp:term":[{"taxonomy":"category","embeddable":true,"href":"https:\/\/www.europesays.com\/es\/wp-json\/wp\/v2\/categories?post=225479"},{"taxonomy":"post_tag","embeddable":true,"href":"https:\/\/www.europesays.com\/es\/wp-json\/wp\/v2\/tags?post=225479"}],"curies":[{"name":"wp","href":"https:\/\/api.w.org\/{rel}","templated":true}]}}