{"id":225483,"date":"2025-11-08T18:19:18","date_gmt":"2025-11-08T18:19:18","guid":{"rendered":"https:\/\/www.europesays.com\/es\/225483\/"},"modified":"2025-11-08T18:19:18","modified_gmt":"2025-11-08T18:19:18","slug":"el-deseo-ya-no-estaba-incluso-me-molestaba-su-presencia","status":"publish","type":"post","link":"https:\/\/www.europesays.com\/es\/225483\/","title":{"rendered":"El deseo ya no estaba, incluso me molestaba su presencia"},"content":{"rendered":"<p class=\"paragraph\" id=\"paragraph_1\"><strong>\u00abNo he sido el marido perfecto<\/strong>. Pero en los \u00faltimos a\u00f1os <strong>he visto c\u00f3mo mi matrimonio se ha ido apagando,<\/strong> hasta el punto que <strong>parec\u00edamos compa\u00f1eros de piso<\/strong>&#8230; o incluso mi madre antes que mi mujer\u00bb. Son algunas de las declaraciones que ha deslizado<strong><a href=\"https:\/\/www.elespanol.com\/personajes\/kiko_rivera\/?utm_cmp_rs=linksinline\" rel=\"nofollow noopener\" target=\"_blank\"> Kiko Rivera<\/a><\/strong> (41 a\u00f1os) ante las c\u00e1maras.<\/p>\n<p class=\"paragraph\" id=\"paragraph_2\">Este viernes, 7 de noviembre, el hijo de<a href=\"https:\/\/www.elespanol.com\/personajes\/isabel_pantoja\/?utm_cmp_rs=linksinline\" rel=\"nofollow noopener\" target=\"_blank\"><strong> Isabel Pantoja<\/strong> <\/a>(69) ha roto su silencio. Y ha hablado, a coraz\u00f3n abierto, del final de su matrimonio con <a cmp-ltrk=\"links-parrafos\" cmp-ltrk-idx=\"0\" data-mrf-link=\"https:\/\/www.elespanol.com\/corazon\/famosos\/20250828\/irene-rosales-rompe-silencio-comunicado-convivencia-insoportable-matrimonio-marcada-altibajos\/1003743902540_0.html\" data-mrf-recirculation-id=\"links-parrafos_0\" href=\"https:\/\/www.elespanol.com\/corazon\/famosos\/20250828\/irene-rosales-rompe-silencio-comunicado-convivencia-insoportable-matrimonio-marcada-altibajos\/1003743902540_0.html?utm_cmp_rs=linksinline\" mrfobservableid=\"df05ffb4-9661-4b6b-8da7-ca1bb9125db2\" rel=\"nofollow noopener\" target=\"_blank\"><strong>Irene Rosales <\/strong><\/a>(34). Tras 11 a\u00f1os de relaci\u00f3n, el desgaste entre ellos era total.<\/p>\n<p class=\"paragraph\" id=\"paragraph_3\">La <strong>falta de pasi\u00f3n<\/strong>, la <strong>rutina<\/strong> y algunas <strong>crisis<\/strong> del pasado que no llegaron a sanarse del todo tuvieron mucho que ver en que ambos decidieran poner fin a su relaci\u00f3n tras <strong>9 a\u00f1os casados y dos hijas en com\u00fan.<\/strong> As\u00ed lo ha explicado el DJ en su entrevista en \u00a1De viernes!.<\/p>\n<p><img loading=\"lazy\" decoding=\"async\" alt=\"Irene Rosales, en Sevilla, en una imagen de 2022.\" height=\"180\" src=\"https:\/\/www.europesays.com\/es\/wp-content\/uploads\/2025\/11\/1003743980671_259510783_320x180.jpg\" width=\"320\" data-lazy-status=\"processed\" data-lazy-info=\"remove loading item 1\"\/><\/p>\n<p><img decoding=\"async\" alt=\"Kiko Rivera, en su entrevista al programa 'De viernes', en Telecinco.\" data-imgm=\"true\" height=\"180\" loading=\"lazy\"  src=\"https:\/\/www.europesays.com\/es\/wp-content\/uploads\/2025\/11\/1003744005241_259823986_1024x576.jpg\"  width=\"320\"\/><\/p>\n<p>                                                            Kiko Rivera, en su entrevista al programa &#8216;De viernes&#8217;, en Telecinco.<\/p>\n<p>                    Mediaset<\/p>\n<p>\u00abNo siento nada por ella\u00bb<\/p>\n<p class=\"paragraph\" id=\"paragraph_4\">En su charla con<a href=\"https:\/\/www.elespanol.com\/personajes\/santi_acosta\/?utm_cmp_rs=linksinline\" rel=\"nofollow noopener\" target=\"_blank\"><strong> Santi Acosta<\/strong><\/a> (59 ), el sevillano ha recordado, con todo lujo de detalles, c\u00f3mo vivi\u00f3 la recta final de su vida en com\u00fan con Irene.<\/p>\n<p class=\"paragraph\" id=\"paragraph_5\">Durante mucho tiempo, <strong>la chispa hab\u00eda desaparecido<\/strong>. Pero decidieron tirar para adelante. Y hacer la vista gorda a una inc\u00f3moda realidad que estaba latente en su vida \u00edntima.<\/p>\n<p class=\"paragraph\" id=\"paragraph_6\"><strong>\u00abNinguno de los dos lo dec\u00edamos<\/strong>. No s\u00e9 si era consciente o si se daba cuenta o no. Pero <strong>yo empec\u00e9 a darme cuenta.<\/strong> Pero al final cuando uno lleva tantos a\u00f1os se convierte en una <strong>costumbre<\/strong>, piensas en las peque\u00f1as y <strong>no te atreves a tomar una decisi\u00f3n<\/strong>\u00ab, ha narrado.<\/p>\n<p class=\"paragraph\" id=\"paragraph_7\">Rotundo, Kiko Rivera no ha tenido reparos en abordar abiertamente una cuesti\u00f3n tan delicada como la<strong> falta de deseo <\/strong>en la pareja:<strong> \u00ab<\/strong>Ya se puede decir. Me doy cuenta de que <strong>no siento nada<\/strong> (por ella) <strong>como mujer\u00bb.<\/strong><\/p>\n<p class=\"paragraph\" id=\"paragraph_8\">\u00ab<strong>Siento afecto, cari\u00f1o.<\/strong> Siento que es una persona que quiero tener en mi vida, porque es buena persona\u00bb, ha matizado, dejando claro que el amor siempre existi\u00f3. Pero en un sentido m\u00e1s bien fraternal. \u00abPero esas cosas que siente alguien,<strong> ese deseo, esas ganas de estar con la otra persona ya no estaban<\/strong>. \u00bfEntonces?\u00bb, ha planteado.<\/p>\n<p><img decoding=\"async\" alt=\"Irene Rosales\" data-imgm=\"true\" height=\"180\" loading=\"lazy\"  src=\"https:\/\/www.europesays.com\/es\/wp-content\/uploads\/2025\/11\/1003743906789_258363704_1024x576.jpg\"  width=\"320\"\/><\/p>\n<p>\u00abSe convierte en monoton\u00eda\u00bb<\/p>\n<p class=\"paragraph\" id=\"paragraph_9\">En su intervenci\u00f3n en el programa de Telecinco, Kiko Rivera ha narrado c\u00f3mo lleg\u00f3 un momento en que le toc\u00f3 ser sincero consigo mismo: \u00ab<strong>Si no siento deseo por Irene. No tengo ganas de estar con ella.<\/strong> Es algo que ya <strong>se convierte en monoton\u00eda,<\/strong> incluso me atrevo a decir que llega a molestar la presencia de otra persona. \u00bfQu\u00e9 carajo yo hago aqu\u00ed?\u00bb.<\/p>\n<p class=\"paragraph\" id=\"paragraph_10\">\u00abTe mentir\u00eda si te dijera que ha sido f\u00e1cil. <strong>No es f\u00e1cil. Es una decisi\u00f3n complicada.<\/strong> El \u00faltimo verano que hemos pasado en <strong>Menorca<\/strong> y la relaci\u00f3n ya estaba completamente rota. Yo intent\u00e9 que no se notase porque est\u00e1n nuestros hijos y porque tambi\u00e9n estaba su hermana, que la considero como mi familia&#8230; Es muy complicado\u00bb, a\u00f1ad\u00eda.<\/p>\n<p class=\"paragraph\" id=\"paragraph_11\">Tras aquellas vacaciones pareci\u00f3 quedar claro que hab\u00eda llegado el momento de tomar una decisi\u00f3n: \u00abDespu\u00e9s del verano<strong> tomo la decisi\u00f3n de sentarme a hablar con ella\u00bb.<\/strong><\/p>\n<p class=\"paragraph\" id=\"paragraph_12\"><strong>\u00abYo tuve la iniciativa. El primer paso lo di yo. Ella luego dio 15\u00bb<\/strong>, ha contado. \u00abNo solo fui yo la que pens\u00f3 que el matrimonio se estaba acabando\u00bb.<\/p>\n<p><img decoding=\"async\" alt=\"Irene Rosales, en Sevilla, en una imagen de 2022.\" data-imgm=\"true\" height=\"180\" loading=\"lazy\"  src=\"https:\/\/www.europesays.com\/es\/wp-content\/uploads\/2025\/11\/1003743980671_259510782_1024x576.jpg\"  width=\"320\"\/><\/p>\n<p>                                                            Irene Rosales, en Sevilla, en una imagen de 2022.<\/p>\n<p>                    GTRES<\/p>\n<p>Sobre el novio de Irene: \u00abEso viene de antes\u00bb<\/p>\n<p class=\"paragraph\" id=\"paragraph_13\">Ahora est\u00e1 convencido de que hizo lo correcto :\u00bb<strong>Gracias a Dios que tomo la decisi\u00f3n<\/strong>, porque ahora me doy cuenta de las ganas inmensas que tengo de que mi mujer, perd\u00f3n, mi exmujer, sea feliz\u00bb.<\/p>\n<p class=\"paragraph\" id=\"paragraph_14\">Sobre la nueva relaci\u00f3n de Irene Rosales con un joven llamado <strong>Guillermo<\/strong> solo tiene<strong> buenos deseos.<\/strong> Eso s\u00ed, ha dejado caer que el idilio quiz\u00e1s se cuaj\u00f3 estando a\u00fan casados: \u00abEn pocos meses ya estaba con otra persona, contenta, feliz. Eso te dice que<strong> eso viene de antes&#8230; que hay un contacto.<\/strong> Si no, es imposible\u00bb.<\/p>\n<p class=\"paragraph\" id=\"paragraph_15\">A la actual pareja de Irene la conoci\u00f3 en su domicilio: <strong>\u00ab\u00c9l vino a poner el c\u00e9sped a nuestra casa. Un t\u00edo simp\u00e1tico.<\/strong> No habl\u00e9 mucho con \u00e9l\u00bb.<\/p>\n<p><img decoding=\"async\" alt=\"Kiko Rivera e Irene Rosales, en una imagen de sus redes sociales.\" data-imgm=\"true\" height=\"180\" loading=\"lazy\"  src=\"https:\/\/www.europesays.com\/es\/wp-content\/uploads\/2025\/11\/1003743902894_258290573_1024x576.jpg\"  width=\"320\"\/><\/p>\n<p>                                                            Kiko Rivera e Irene Rosales, en una imagen de sus redes sociales.<\/p>\n<p>                    Instagram<\/p>\n<p>Reconoce sus infidelidades<\/p>\n<p class=\"paragraph\" id=\"paragraph_16\">A d\u00eda de hoy, siente que las cuentas con Irene Rosales est\u00e1n saldadas. Ha admitido que<strong> \u00e9l le fue infiel.<\/strong> Y es algo de lo que no se siente \u00aborgulloso\u00bb. No se lo perdonar\u00e1 jam\u00e1s. Pero ya<strong> pidi\u00f3 \u00abdisculpas reiteradas veces\u00bb<\/strong>.<\/p>\n<p class=\"paragraph\" id=\"paragraph_17\"><strong>\u00abElla me perdon\u00f3, eso ha desgastado m\u00e1s el matrimonio\u00bb,<\/strong> ha subrayado. \u00abElla est\u00e1 en su derecho de romper en ese mismo momento, y quiz\u00e1 deber\u00eda haber sido lo correcto. Si se va acabando el matrimonio suceden cosas que no deben suceder\u00bb.<\/p>\n<p class=\"paragraph\" id=\"paragraph_18\">Al hacer balance de su historia de amor, cree que fueron demasiado deprisa: \u00abEl hecho de que se viniese conmigo, nos cas\u00e1semos tan r\u00e1pido,<strong> tuvi\u00e9semos una ni\u00f1a tan r\u00e1pido&#8230; <\/strong><strong>No nos dio tiempo a disfrutar de la pareja<\/strong>, y hay una parte de m\u00ed que se siente culpable porque yo s\u00ed he experimentado todas esas etapas\u00bb.<\/p>\n<p class=\"paragraph\" id=\"paragraph_19\">\u00abHan pasado muchos a\u00f1os, <strong>han pasado muchas cosas<\/strong>, muchas malas, muchas buenas, y entiendo que <strong>se ha saltado etapas<\/strong>\u00ab, ha asegurado el DJ.<\/p>\n<p><img decoding=\"async\" alt=\"Kiko Rivera e Irene Rosales, en una imagen de sus redes sociales.\" data-imgm=\"true\" height=\"180\" loading=\"lazy\"  src=\"https:\/\/www.europesays.com\/es\/wp-content\/uploads\/2025\/11\/1003743902879_258290214_1024x576.jpg\"  width=\"320\"\/><\/p>\n<p>                                                            Kiko Rivera e Irene Rosales, en una imagen de sus redes sociales.<\/p>\n<p>                    Instagram<\/p>\n<p>\u00abNada que reprochar\u00bb<\/p>\n<p class=\"paragraph\" id=\"paragraph_20\">Durante a\u00f1os consider\u00f3 a su mujer su <strong>tabla de salvaci\u00f3n <\/strong>para mitigar sus problemas familiares con su madre y su hermana,<strong> Isa Pantoja<\/strong> (30), o sus adicciones.<\/p>\n<p class=\"paragraph\" id=\"paragraph_21\">\u00abDurante mis a\u00f1os con ella <strong>pensaba que Irene ten\u00eda las llaves de la puerta que abr\u00eda mi infierno<\/strong>. Mi psic\u00f3logo me hizo entender que la llave la ten\u00eda yo. Cuando entiendo eso, mi cabeza se vuelve loca, me enfado conmigo mismo y en vez de acercarme m\u00e1s y agradecer lo que me pudo ayudar, repele\u00bb, ha expresado.<\/p>\n<p class=\"paragraph\" id=\"paragraph_22\">Kiko Rivera e Irene Rosales estuvieron juntos <strong>11 a\u00f1os<\/strong>, de los cuales 9 fueron como <strong>matrimonio<\/strong>. Se conocieron en mayo de <strong>2014<\/strong> y celebraron su boda dos a\u00f1os despu\u00e9s, el <strong>7 de octubre de 2016,<\/strong> en la Hacienda de los Parrales, en <strong>Sevilla<\/strong>.\u200b<\/p>\n<p class=\"paragraph\" id=\"paragraph_23\">Anunciaron su separaci\u00f3n el pasado mes de agosto de<strong> 2025<\/strong>, tras una relaci\u00f3n que les dio dos hijas, <strong>Ana<\/strong> (9) y <strong>Carlota<\/strong> (7). Que ella est\u00e9 enamorada de nuevo le parece perfecto: <strong>\u00abNada que reprochar\u00bb.<\/strong><\/p>\n","protected":false},"excerpt":{"rendered":"\u00abNo he sido el marido perfecto. Pero en los \u00faltimos a\u00f1os he visto c\u00f3mo mi matrimonio se ha&hellip;\n","protected":false},"author":2,"featured_media":225484,"comment_status":"","ping_status":"","sticky":false,"template":"","format":"standard","meta":{"footnotes":""},"categories":[174],"tags":[255,59574,146,147,25,24,256,6370,12466,4413,23],"class_list":{"0":"post-225483","1":"post","2":"type-post","3":"status-publish","4":"format-standard","5":"has-post-thumbnail","7":"category-famosos","8":"tag-celebrities","9":"tag-chabelita-pantoja","10":"tag-entertainment","11":"tag-entretenimiento","12":"tag-es","13":"tag-espana","14":"tag-famosos","15":"tag-isabel-pantoja","16":"tag-kiko-rivera","17":"tag-rupturas-sentimentales","18":"tag-spain"},"share_on_mastodon":{"url":"https:\/\/pubeurope.com\/@es\/115515462662237204","error":""},"_links":{"self":[{"href":"https:\/\/www.europesays.com\/es\/wp-json\/wp\/v2\/posts\/225483","targetHints":{"allow":["GET"]}}],"collection":[{"href":"https:\/\/www.europesays.com\/es\/wp-json\/wp\/v2\/posts"}],"about":[{"href":"https:\/\/www.europesays.com\/es\/wp-json\/wp\/v2\/types\/post"}],"author":[{"embeddable":true,"href":"https:\/\/www.europesays.com\/es\/wp-json\/wp\/v2\/users\/2"}],"replies":[{"embeddable":true,"href":"https:\/\/www.europesays.com\/es\/wp-json\/wp\/v2\/comments?post=225483"}],"version-history":[{"count":0,"href":"https:\/\/www.europesays.com\/es\/wp-json\/wp\/v2\/posts\/225483\/revisions"}],"wp:featuredmedia":[{"embeddable":true,"href":"https:\/\/www.europesays.com\/es\/wp-json\/wp\/v2\/media\/225484"}],"wp:attachment":[{"href":"https:\/\/www.europesays.com\/es\/wp-json\/wp\/v2\/media?parent=225483"}],"wp:term":[{"taxonomy":"category","embeddable":true,"href":"https:\/\/www.europesays.com\/es\/wp-json\/wp\/v2\/categories?post=225483"},{"taxonomy":"post_tag","embeddable":true,"href":"https:\/\/www.europesays.com\/es\/wp-json\/wp\/v2\/tags?post=225483"}],"curies":[{"name":"wp","href":"https:\/\/api.w.org\/{rel}","templated":true}]}}