{"id":225499,"date":"2025-11-08T18:30:19","date_gmt":"2025-11-08T18:30:19","guid":{"rendered":"https:\/\/www.europesays.com\/es\/225499\/"},"modified":"2025-11-08T18:30:19","modified_gmt":"2025-11-08T18:30:19","slug":"un-dron-ruso-ataca-en-ucrania-un-vehiculo-humanitario-identificado-en-el-que-viajaba-la-corresponsal-de-el-espanol","status":"publish","type":"post","link":"https:\/\/www.europesays.com\/es\/225499\/","title":{"rendered":"Un dron ruso ataca en Ucrania un veh\u00edculo humanitario identificado en el que viajaba la corresponsal de El Espa\u00f1ol"},"content":{"rendered":"<p>            Las claves<\/p>\n<p>\n                nuevo<br \/>\n                Generado con IA\n            <\/p>\n<p>        <a class=\"key__news__heading--closed-content\" href=\"http:\/\/www.elespanol.com\/suscripciones\/#utm_source=internal&amp;utm_medium=claves\" rel=\"nofollow noopener\" target=\"_blank\"><\/p>\n<p class=\"item--text\">\n                            Un dron ruso atac\u00f3 una furgoneta claramente identificada como humanitaria de la ONG Proliska cerca de Kostiantynivka, en la regi\u00f3n de Donetsk, Ucrania.\n                        <\/p>\n<p class=\"item--text\">\n                            En el veh\u00edculo viajaban la corresponsal de EL ESPA\u00d1OL Mar\u00eda Senovilla, un periodista austr\u00edaco y trabajadores de la ONG, todos con chalecos y cascos identificativos; ninguno result\u00f3 herido.\n                        <\/p>\n<p class=\"item--text\">\n                            El ataque inutiliz\u00f3 el furg\u00f3n, lo que limita la capacidad de la ONG para evacuar civiles, ya que ahora solo cuentan con un segundo veh\u00edculo operativo.\n                        <\/p>\n<p class=\"item--text\">\n                            El dron impact\u00f3 deliberadamente en la pegatina que identificaba la furgoneta como misi\u00f3n humanitaria, a pesar de que los operadores pod\u00edan ver claramente las marcas y a los civiles.\n                        <\/p>\n<p class=\"paragraph\" id=\"paragraph_1\">Un dron FPV ruso atac\u00f3 este s\u00e1bado, cerca de la localidad ucraniana de Kostiantynivka, una furgoneta<a href=\"https:\/\/www.elespanol.com\/mundo\/europa\/20251017\/rusia-tortura-familias-ucrania-ocultando-nombres-prisioneros-guerra-no-sabemos-vivos-no\/1003743962751_0.html?utm_cmp_rs=linksinline\" rel=\"nofollow noopener\" target=\"_blank\"> de la ONG <\/a>&#8216;Misi\u00f3n Humanitaria Proliska&#8217;, dedicada a la evacuaci\u00f3n de civiles del frente desde 2014, <a href=\"https:\/\/www.elespanol.com\/mundo\/europa\/20250829\/casas-vivido-olena-bombardeadas-dia-odiamos-rusos\/1003743903712_0.html?utm_cmp_rs=linksinline\" rel=\"nofollow noopener\" target=\"_blank\">claramente identificada <\/a>y en el que viajaba la corresponsal de EL ESPA\u00d1OL\u00a0<strong>Mar\u00eda Senovilla.<\/strong>\u00a0<\/p>\n<p class=\"paragraph\" id=\"paragraph_2\">El <strong>veh\u00edculo a\u00e9reo no tripulado<\/strong> se encontraba a unos quince metros de la furgoneta blindada de la ONG. Su operador pudo ver n\u00edtidamente que se trataba de un transporte de ayuda humanitaria con personal civil dentro, seg\u00fan pudo constatar este peri\u00f3dico.<\/p>\n<p class=\"paragraph\" id=\"paragraph_3\">En los asientos delanteros viajaba el conductor junto a un<strong> periodista austr\u00edaco<\/strong>. En el asiento trasero, un trabajador de la organizaci\u00f3n no gubernamental y <strong>Senovilla<\/strong>.<\/p>\n<p><img loading=\"lazy\" decoding=\"async\" alt=\"El equipo m\u00e9dico del punto de estabilizaci\u00f3n de la 14 Brigada Chervona Kalyna atiende a un soldado ucraniano herido de baja en el frente de Pokrovsk.\" height=\"180\" src=\"https:\/\/www.europesays.com\/es\/wp-content\/uploads\/2025\/11\/1003743991130_259643642_320x180.jpg\" width=\"320\" data-lazy-status=\"processed\" data-lazy-info=\"remove loading item 1\"\/><\/p>\n<p class=\"paragraph\" id=\"paragraph_4\">Todos portaban chalecos y <strong>cascos con identificaci\u00f3n<\/strong>: los trabajadores de Proliska con su logo en azul y los reporteros con el letrero PRESS. Los cuatro resultaron ilesos.<\/p>\n<p class=\"paragraph\" id=\"paragraph_5\">El ataque se produjo dentro de la ciudad de <strong>Kostiantynivka<\/strong> (en la regi\u00f3n de Donetsk). Las tropas rusas se encuentran a unos tres kil\u00f3metros de esa localidad, en direcci\u00f3n sur, y es uno de los puntos m\u00e1s calientes del frente de combate del Domb\u00e1s junto con Pokrovsk.<\/p>\n<p class=\"paragraph\" id=\"paragraph_6\">Al percatarse de que el dron se dirig\u00eda contra ellos, el conductor fren\u00f3 y los tripulantes <strong>saltaron de \u00e9l justo antes del impacto<\/strong>.<\/p>\n<p class=\"paragraph\" id=\"paragraph_7\">Pese a tratarse de un veh\u00edculo blindado, el furg\u00f3n qued\u00f3 inutilizado, por lo que los trabajadores de la ONG<strong> no pudieron llegar hasta los civiles<\/strong> que esperaban la evacuaci\u00f3n.<\/p>\n<p class=\"paragraph\" id=\"paragraph_8\">Un residente recogi\u00f3 a los periodistas y a los trabajadores humanitarios y los llev\u00f3 hasta <strong>Kramatorsk<\/strong>.<\/p>\n<p><img decoding=\"async\" alt=\"El veh\u00edculo tras el impacto del dron.\" data-imgm=\"true\" height=\"180\" loading=\"lazy\"  src=\"https:\/\/www.europesays.com\/es\/wp-content\/uploads\/2025\/11\/1003744005414_259825694_1024x576.jpg\"  width=\"320\"\/><\/p>\n<p>                                                            El veh\u00edculo tras el impacto del dron.<\/p>\n<p>                    Mar\u00eda Senovilla<\/p>\n<p class=\"paragraph\" id=\"paragraph_9\">Gracias a ese veh\u00edculo, la ONG pod\u00eda extraer a unas <strong>diez personas cada d\u00eda<\/strong> de las poblaciones m\u00e1s cercanas a la l\u00ednea del frente de combate.<\/p>\n<p class=\"paragraph\" id=\"paragraph_10\">Al perderlo, fruto del ataque, la ONG solo podr\u00e1 contar con un segundo veh\u00edculo para rescatar a civiles rodeados por el fuego cruzado.<\/p>\n<p class=\"paragraph\" id=\"paragraph_11\">\u00abHoy durante el intento de evacuaci\u00f3n de la poblaci\u00f3n civil de Kostyantynivka, el coche de la Misi\u00f3n Humanitaria \u201cProliska\u201d fue atacado con un dron FPV ruso con una carga antitanque\u00bb, explic\u00f3 <strong>Evgeny Tkachev<\/strong>, uno de los evaluadores de Proliska.<\/p>\n<p class=\"paragraph\" id=\"paragraph_12\">Tkachev destac\u00f3 que el dron impact\u00f3 \u00aben la misma pegatina\u00bb que identificaba el veh\u00edculo como <strong>\u00abmisi\u00f3n humanitaria\u00bb<\/strong>.<\/p>\n<p class=\"paragraph\" id=\"paragraph_13\">Finalmente, detall\u00f3 que el ataque comenz\u00f3 desde uno diez metros, por lo que los operadores rusos \u00ablo ve\u00edan todo perfectamente\u00bb.<\/p>\n<p class=\"paragraph\" id=\"paragraph_14\">\u00abVe\u00eda las marcas del coche. Ve\u00eda a la gente civil que sal\u00eda del coche, pero a pesar de esto, atac\u00f3. Gracias a Dios estamos todos vivos y sanos, volvimos a Kramatorsk y <strong>vamos a seguir organizando evacuaciones<\/strong>\u00ab, subray\u00f3.<\/p>\n","protected":false},"excerpt":{"rendered":"Las claves nuevo Generado con IA Un dron ruso atac\u00f3 una furgoneta claramente identificada como humanitaria de la&hellip;\n","protected":false},"author":2,"featured_media":225500,"comment_status":"","ping_status":"","sticky":false,"template":"","format":"standard","meta":{"footnotes":""},"categories":[42],"tags":[17,18,59576,13,14,11,61,62,63,64,19,20,3013,9,10,15,16,1614,12,21,22,65,66,67],"class_list":{"0":"post-225499","1":"post","2":"type-post","3":"status-publish","4":"format-standard","5":"has-post-thumbnail","7":"category-internacional","8":"tag-breaking-news","9":"tag-breakingnews","10":"tag-crimenes-de-guerra","11":"tag-featured-news","12":"tag-featurednews","13":"tag-headlines","14":"tag-internacional","15":"tag-international","16":"tag-international-news","17":"tag-internationalnews","18":"tag-latest-news","19":"tag-latestnews","20":"tag-mundo","21":"tag-news","22":"tag-noticias","23":"tag-noticias-destacadas","24":"tag-noticiasdestacadas","25":"tag-rusia","26":"tag-titulares","27":"tag-ultimas-noticias","28":"tag-ultimasnoticias","29":"tag-world","30":"tag-world-news","31":"tag-worldnews"},"share_on_mastodon":{"url":"https:\/\/pubeurope.com\/@es\/115515505380528869","error":""},"_links":{"self":[{"href":"https:\/\/www.europesays.com\/es\/wp-json\/wp\/v2\/posts\/225499","targetHints":{"allow":["GET"]}}],"collection":[{"href":"https:\/\/www.europesays.com\/es\/wp-json\/wp\/v2\/posts"}],"about":[{"href":"https:\/\/www.europesays.com\/es\/wp-json\/wp\/v2\/types\/post"}],"author":[{"embeddable":true,"href":"https:\/\/www.europesays.com\/es\/wp-json\/wp\/v2\/users\/2"}],"replies":[{"embeddable":true,"href":"https:\/\/www.europesays.com\/es\/wp-json\/wp\/v2\/comments?post=225499"}],"version-history":[{"count":0,"href":"https:\/\/www.europesays.com\/es\/wp-json\/wp\/v2\/posts\/225499\/revisions"}],"wp:featuredmedia":[{"embeddable":true,"href":"https:\/\/www.europesays.com\/es\/wp-json\/wp\/v2\/media\/225500"}],"wp:attachment":[{"href":"https:\/\/www.europesays.com\/es\/wp-json\/wp\/v2\/media?parent=225499"}],"wp:term":[{"taxonomy":"category","embeddable":true,"href":"https:\/\/www.europesays.com\/es\/wp-json\/wp\/v2\/categories?post=225499"},{"taxonomy":"post_tag","embeddable":true,"href":"https:\/\/www.europesays.com\/es\/wp-json\/wp\/v2\/tags?post=225499"}],"curies":[{"name":"wp","href":"https:\/\/api.w.org\/{rel}","templated":true}]}}