{"id":225505,"date":"2025-11-08T18:37:16","date_gmt":"2025-11-08T18:37:16","guid":{"rendered":"https:\/\/www.europesays.com\/es\/225505\/"},"modified":"2025-11-08T18:37:16","modified_gmt":"2025-11-08T18:37:16","slug":"las-prendas-basicas-que-ana-maria-parera-madre-de-rafa-nadal-ha-lucido-en-su-viaje-mas-familiar","status":"publish","type":"post","link":"https:\/\/www.europesays.com\/es\/225505\/","title":{"rendered":"las prendas b\u00e1sicas que Ana Mar\u00eda Parera, madre de Rafa Nadal, ha lucido en su viaje m\u00e1s familiar"},"content":{"rendered":"<p data-journey-content=\"true\" data-node-id=\"0\" class=\"body-dropcap css-1vn2egp emevuu60\">Desde que <strong data-node-id=\"0.1\">Rafa Nadal <\/strong>dijo adi\u00f3s al tenis profesional, el mallorqu\u00edn disfruta ahora del tiempo libre en familia. Los Nadal al completo han viajado a Jap\u00f3n para conocer sus espectaculares paisajes, sus ciudades y sus costumbres. \u00ab\u00a1Lo pas\u00e9 genial en Jap\u00f3n con mi familia! Me encant\u00f3 explorar, aprender sobre la cultura, tradiciones y visitar lugares incre\u00edbles. \u00a1Gracias por toda la amabilidad y c\u00e1lida bienvenida!\u00bb, ha escrito el tenista en su cuenta de Instagram, donde ha compartido un carrusel de fotograf\u00edas con su familia.<\/p>\n<p data-journey-content=\"true\" data-node-id=\"1\" class=\"css-6wxqfj emevuu60\">Adem\u00e1s de los tradicionales kimonos japoneses, <strong data-node-id=\"1.1\"><a href=\"https:\/\/www.harpersbazaar.com\/es\/famosas\/el-estilo-de\/a68988896\/madre-rafa-nadal-vaqueros-mujeres-todas-edades-estilo-inspiracion-mujeres-60-anos\/\" target=\"_blank\" data-vars-ga-outbound-link=\"https:\/\/www.harpersbazaar.com\/es\/famosas\/el-estilo-de\/a68988896\/madre-rafa-nadal-vaqueros-mujeres-todas-edades-estilo-inspiracion-mujeres-60-anos\/\" data-vars-ga-ux-element=\"Hyperlink\" data-vars-ga-call-to-action=\"Ana Mar\u00eda Parera\" data-node-id=\"1.1.0\" class=\"body-link css-156jt4g emevuu60\" rel=\"nofollow noopener\">Ana Mar\u00eda Parera<\/a> <\/strong>ha lucido en esta escapada familiar los <strong data-node-id=\"1.3\"><a href=\"https:\/\/www.harpersbazaar.com\/es\/moda\/compras\/g65977349\/basicos-calidad-fondo-armario-otono-zara-massimo-dutti-vestir-bien\/\" target=\"_blank\" data-vars-ga-outbound-link=\"https:\/\/www.harpersbazaar.com\/es\/moda\/compras\/g65977349\/basicos-calidad-fondo-armario-otono-zara-massimo-dutti-vestir-bien\/\" data-vars-ga-ux-element=\"Hyperlink\" data-vars-ga-call-to-action=\"b\u00e1sicos\" data-node-id=\"1.3.0\" class=\"body-link css-156jt4g emevuu60\" rel=\"nofollow noopener\">b\u00e1sicos<\/a><\/strong> que m\u00e1s se repiten en su armario y con los que ella se siente especialmente c\u00f3moda. La madre de Rafa Nadal ha posado en los retratos familiares con <strong data-node-id=\"1.5\">vaqueros, zapatillas deportivas blancas y camisas c\u00f3modas y sencillas<\/strong> dejando claro cu\u00e1les son los looks que escoge m\u00e1s all\u00e1 de los eventos deportivos y las entregas de premios.<\/p>\n<p data-journey-content=\"true\" data-node-id=\"2\" class=\"css-6wxqfj emevuu60\">En la tercera imagen se puede ver a la familia al completo sentada sobre un banco en un parque. Pr\u00e1cticamente conjuntados en <a href=\"https:\/\/www.harpersbazaar.com\/es\/moda\/tendencias\/g68808271\/pantalones-vaqueros-mujer-moda-paris-combinar-comprar\/\" target=\"_blank\" data-vars-ga-outbound-link=\"https:\/\/www.harpersbazaar.com\/es\/moda\/tendencias\/g68808271\/pantalones-vaqueros-mujer-moda-paris-combinar-comprar\/\" data-vars-ga-ux-element=\"Hyperlink\" data-vars-ga-call-to-action=\"denim\" data-node-id=\"2.1.0\" class=\"body-link css-156jt4g emevuu60\" rel=\"nofollow noopener\">denim<\/a> y tonos claros, <strong data-node-id=\"2.3\">Ana Mar\u00eda Parera <\/strong>destaca luciendo unos pantalones vaqueros que combin\u00f3 con una cl\u00e1sica camisa azul de inspiraci\u00f3n masculina y zapatillas deportivas.<\/p>\n<p data-journey-content=\"true\" data-node-id=\"5\" class=\"css-6wxqfj emevuu60\">El <strong data-node-id=\"5.1\">chubasquero<\/strong> es otra de las prendas que no ha faltado en la maleta de la madre de Rafael Nadal. En color crema y en color azul, Ana Mar\u00eda se ha protegido de la lluvia con esta prenda que siempre ha combinado con <strong data-node-id=\"5.3\">vaqueros, ya sean rectos o <a href=\"https:\/\/www.harpersbazaar.com\/es\/moda\/tendencias\/a66011592\/vaqueros-pitillo-pantalones-tendencia-otono-2025-zara\/\" target=\"_blank\" data-vars-ga-outbound-link=\"https:\/\/www.harpersbazaar.com\/es\/moda\/tendencias\/a66011592\/vaqueros-pitillo-pantalones-tendencia-otono-2025-zara\/\" data-vars-ga-ux-element=\"Hyperlink\" data-vars-ga-call-to-action=\"pitillo\" data-node-id=\"5.3.1\" class=\"body-link css-156jt4g emevuu60\" rel=\"nofollow noopener\">pitillo<\/a>, <\/strong>la silueta ajustada que cre\u00edamos olvidada pero esta temporada est\u00e1 de vuelta.<\/p>\n<p data-journey-content=\"true\" data-node-id=\"7\" class=\"css-6wxqfj emevuu60\">En este viaje Ana Mar\u00eda Parera tambi\u00e9n ha mostrado su lado m\u00e1s deportivo cambiando en una ocasi\u00f3n los pantalones vaqueros por unos sencillos pantalones deportivos en color negro con una raya lateral blanca que ha lucido junto con un <strong data-node-id=\"7.1\">chaleco de plumas<\/strong> ligero en color beis y un <a href=\"https:\/\/www.harpersbazaar.com\/es\/moda\/tendencias\/a68014365\/jersey-como-llevar-hombros-bufanda-cruzado-anudado-cintura-truco-estilistas\/\" target=\"_blank\" data-vars-ga-outbound-link=\"https:\/\/www.harpersbazaar.com\/es\/moda\/tendencias\/a68014365\/jersey-como-llevar-hombros-bufanda-cruzado-anudado-cintura-truco-estilistas\/\" data-vars-ga-ux-element=\"Hyperlink\" data-vars-ga-call-to-action=\"jersey blanco sobre los hombros\" data-node-id=\"7.3\" class=\"body-link css-156jt4g emevuu60\" rel=\"nofollow noopener\">jersey blanco sobre los hombros<\/a>, el truco favorito de las estilistas este oto\u00f1o para dar un toque diferente a sus looks.<\/p>\n<p data-journey-content=\"true\" data-node-id=\"8\" class=\"css-6wxqfj emevuu60\">Un viaje muy especial en familia que nos ha permitido comprobar c\u00f3mo es el estilo de Ana Mar\u00eda Parera, que curiosamente guarda muchas similitudes con el de su nuera, Mery Perell\u00f3, y el de su hija, <a href=\"https:\/\/www.harpersbazaar.com\/es\/famosas\/el-estilo-de\/a64946031\/rafa-nadal-hermana-look-blanco-sandalias-plataforma-roland-garros\/\" target=\"_blank\" data-vars-ga-outbound-link=\"https:\/\/www.harpersbazaar.com\/es\/famosas\/el-estilo-de\/a64946031\/rafa-nadal-hermana-look-blanco-sandalias-plataforma-roland-garros\/\" data-vars-ga-ux-element=\"Hyperlink\" data-vars-ga-call-to-action=\"Maribel Nadal\" data-node-id=\"8.1\" class=\"body-link css-156jt4g emevuu60\" rel=\"nofollow noopener\">Maribel Nadal<\/a>.<\/p>\n<p><img src=\"https:\/\/www.europesays.com\/es\/wp-content\/uploads\/2025\/11\/b4c24d5a-56e1-466a-b6be-f09ec4d75ab4_1657891428.file\" alt=\"Headshot of Sandra Mu\u00f1oz\" title=\"Headshot of Sandra Mu\u00f1oz\" width=\"100%\" height=\"100%\" decoding=\"async\" loading=\"lazy\" class=\"css-o0wq4v ev8dhu53\"\/><\/p>\n<p>Escribo sobre royals, celebrities y cultura en la web de Harper\u2019s Bazaar. Licenciada en Periodismo en la Universidad Complutense de Madrid, comenc\u00e9 mi carrera escribiendo sobre lifestyle en revistas impresas para despu\u00e9s dar el salto al mundo digital. Si solo pudiera hacer dos cosas en la vida ser\u00edan leer y probar nuevos restaurantes. Mi idea de la felicidad es tomarse una cerveza mirando al mar.\u00a0<\/p>\n","protected":false},"excerpt":{"rendered":"Desde que Rafa Nadal dijo adi\u00f3s al tenis profesional, el mallorqu\u00edn disfruta ahora del tiempo libre en familia.&hellip;\n","protected":false},"author":2,"featured_media":225506,"comment_status":"","ping_status":"","sticky":false,"template":"","format":"standard","meta":{"footnotes":""},"categories":[274],"tags":[168,253,25,24,23,167,327,326],"class_list":{"0":"post-225505","1":"post","2":"type-post","3":"status-publish","4":"format-standard","5":"has-post-thumbnail","7":"category-tenis","8":"tag-deportes","9":"tag-discover","10":"tag-es","11":"tag-espana","12":"tag-spain","13":"tag-sports","14":"tag-tenis","15":"tag-tennis"},"share_on_mastodon":{"url":"https:\/\/pubeurope.com\/@es\/115515532835098834","error":""},"_links":{"self":[{"href":"https:\/\/www.europesays.com\/es\/wp-json\/wp\/v2\/posts\/225505","targetHints":{"allow":["GET"]}}],"collection":[{"href":"https:\/\/www.europesays.com\/es\/wp-json\/wp\/v2\/posts"}],"about":[{"href":"https:\/\/www.europesays.com\/es\/wp-json\/wp\/v2\/types\/post"}],"author":[{"embeddable":true,"href":"https:\/\/www.europesays.com\/es\/wp-json\/wp\/v2\/users\/2"}],"replies":[{"embeddable":true,"href":"https:\/\/www.europesays.com\/es\/wp-json\/wp\/v2\/comments?post=225505"}],"version-history":[{"count":0,"href":"https:\/\/www.europesays.com\/es\/wp-json\/wp\/v2\/posts\/225505\/revisions"}],"wp:featuredmedia":[{"embeddable":true,"href":"https:\/\/www.europesays.com\/es\/wp-json\/wp\/v2\/media\/225506"}],"wp:attachment":[{"href":"https:\/\/www.europesays.com\/es\/wp-json\/wp\/v2\/media?parent=225505"}],"wp:term":[{"taxonomy":"category","embeddable":true,"href":"https:\/\/www.europesays.com\/es\/wp-json\/wp\/v2\/categories?post=225505"},{"taxonomy":"post_tag","embeddable":true,"href":"https:\/\/www.europesays.com\/es\/wp-json\/wp\/v2\/tags?post=225505"}],"curies":[{"name":"wp","href":"https:\/\/api.w.org\/{rel}","templated":true}]}}