{"id":225559,"date":"2025-11-08T19:17:11","date_gmt":"2025-11-08T19:17:11","guid":{"rendered":"https:\/\/www.europesays.com\/es\/225559\/"},"modified":"2025-11-08T19:17:11","modified_gmt":"2025-11-08T19:17:11","slug":"al-menos-cuatro-muertos-y-11-heridos-por-un-atropello-masivo-tras-una-persecucion-policial-en-florida","status":"publish","type":"post","link":"https:\/\/www.europesays.com\/es\/225559\/","title":{"rendered":"Al menos cuatro muertos y 11 heridos por un atropello masivo tras una persecuci\u00f3n policial en Florida"},"content":{"rendered":"<p class=\"voc-p\" style=\"\">Al menos <strong>cuatro personas han muerto y once han resultado heridas<\/strong> en la ciudad <a href=\"https:\/\/www.abc.es\/noticias\/estados-unidos\/\" title=\"www.abc.es\" data-voc-vtm-id=\"in-text-traffic\" data-mrf-link=\"www.abc.es\" rel=\"nofollow noopener\" target=\"_blank\">estadounidense<\/a> de Tampa, en Florida, durante una persecuci\u00f3n policial que termin\u00f3 cuando el veh\u00edculo sospechoso se estrell\u00f3 contra un bar y arroll\u00f3 a su clientela.<\/p>\n<p class=\"voc-p\" style=\"\">El sospechoso ha sido  &#8230; identificado como <strong>Silas Sampson, de 22 a\u00f1os<\/strong>, que se dio a la fuga en cuanto la Polic\u00eda le dio el alto poco despu\u00e9s de la medianoche del viernes al s\u00e1bado, hora local, por conducir de manera temeraria, de acuerdo con un comunicado de la Polic\u00eda de Tampa.<\/p>\n<p class=\"voc-p\" style=\"\">El Servicio A\u00e9reo de la Polic\u00eda de Tampa (TPD) detect\u00f3 la conducci\u00f3n err\u00e1tica del coche en torno a las 00.40 horas y comenz\u00f3 a monitorizarlo. El hombre, que hab\u00eda sido visto previamente <strong>participando en carreras callejeras<\/strong>, continu\u00f3 con su circulaci\u00f3n temeraria a alta velocidad.<\/p>\n<p class=\"voc-p\" style=\"\">Mientras el Servicio A\u00e9reo continuaba controlando el veh\u00edculo, la Polic\u00eda de Tampa (TPD) y la Patrulla de Carreteras de Florida (FHP) lo localizaron en una intersecci\u00f3n. All\u00ed <strong>iniciarion una persecuci\u00f3n<\/strong> e intentaron, sin \u00e9xito, varias maniobras para fernarlo. Los agentes detuvieron el seguimiento cuando el conductor se acerc\u00f3 a una avenida principal.<\/p>\n<p class=\"voc-p\" style=\"\">El conductor continu\u00f3 a gran velocidad, perdi\u00f3 el control y se arroll\u00f3 <strong>a la clientela del bar &#8216;Bradley&#8217;s&#8217;<\/strong>, un conocido punto de encuentro de la comunidad LGBTQ en la ciudad. <strong>Tres de las personas atropelladas murieron en el acto<\/strong> y una cuarta falleci\u00f3 de camino al hospital. Uno de los heridos se encuentra en estado cr\u00edtico.<\/p>\n<p class=\"voc-p\" style=\"\">Sampson <strong>ha sido detenido y se encuentra ahora mismo bajo custodia<\/strong>. La Patrulla de Carreteras de Florida lidera la investigaci\u00f3n del accidente de tr\u00e1fico. <\/p>\n<p>\nArt\u00edculo solo para suscriptores\n<\/p>\n<p>Reportar un error<\/p>\n","protected":false},"excerpt":{"rendered":"Al menos cuatro personas han muerto y once han resultado heridas en la ciudad estadounidense de Tampa, en&hellip;\n","protected":false},"author":2,"featured_media":225560,"comment_status":"","ping_status":"","sticky":false,"template":"","format":"standard","meta":{"footnotes":""},"categories":[42],"tags":[20386,17,18,954,13,14,421,11,11225,61,62,63,64,19,20,16396,5161,9,10,15,16,19635,15118,12,575,21,22,65,66,67],"class_list":{"0":"post-225559","1":"post","2":"type-post","3":"status-publish","4":"format-standard","5":"has-post-thumbnail","7":"category-internacional","8":"tag-atropello","9":"tag-breaking-news","10":"tag-breakingnews","11":"tag-cuatro","12":"tag-featured-news","13":"tag-featurednews","14":"tag-florida","15":"tag-headlines","16":"tag-heridos","17":"tag-internacional","18":"tag-international","19":"tag-international-news","20":"tag-internationalnews","21":"tag-latest-news","22":"tag-latestnews","23":"tag-masivo","24":"tag-muertos","25":"tag-news","26":"tag-noticias","27":"tag-noticias-destacadas","28":"tag-noticiasdestacadas","29":"tag-persecucion","30":"tag-policial","31":"tag-titulares","32":"tag-tras","33":"tag-ultimas-noticias","34":"tag-ultimasnoticias","35":"tag-world","36":"tag-world-news","37":"tag-worldnews"},"share_on_mastodon":{"url":"https:\/\/pubeurope.com\/@es\/115515689892693335","error":""},"_links":{"self":[{"href":"https:\/\/www.europesays.com\/es\/wp-json\/wp\/v2\/posts\/225559","targetHints":{"allow":["GET"]}}],"collection":[{"href":"https:\/\/www.europesays.com\/es\/wp-json\/wp\/v2\/posts"}],"about":[{"href":"https:\/\/www.europesays.com\/es\/wp-json\/wp\/v2\/types\/post"}],"author":[{"embeddable":true,"href":"https:\/\/www.europesays.com\/es\/wp-json\/wp\/v2\/users\/2"}],"replies":[{"embeddable":true,"href":"https:\/\/www.europesays.com\/es\/wp-json\/wp\/v2\/comments?post=225559"}],"version-history":[{"count":0,"href":"https:\/\/www.europesays.com\/es\/wp-json\/wp\/v2\/posts\/225559\/revisions"}],"wp:featuredmedia":[{"embeddable":true,"href":"https:\/\/www.europesays.com\/es\/wp-json\/wp\/v2\/media\/225560"}],"wp:attachment":[{"href":"https:\/\/www.europesays.com\/es\/wp-json\/wp\/v2\/media?parent=225559"}],"wp:term":[{"taxonomy":"category","embeddable":true,"href":"https:\/\/www.europesays.com\/es\/wp-json\/wp\/v2\/categories?post=225559"},{"taxonomy":"post_tag","embeddable":true,"href":"https:\/\/www.europesays.com\/es\/wp-json\/wp\/v2\/tags?post=225559"}],"curies":[{"name":"wp","href":"https:\/\/api.w.org\/{rel}","templated":true}]}}