{"id":225579,"date":"2025-11-08T19:36:15","date_gmt":"2025-11-08T19:36:15","guid":{"rendered":"https:\/\/www.europesays.com\/es\/225579\/"},"modified":"2025-11-08T19:36:15","modified_gmt":"2025-11-08T19:36:15","slug":"los40-music-awards-premian-a-ccccccc-ccccc-como-artista-revelacion","status":"publish","type":"post","link":"https:\/\/www.europesays.com\/es\/225579\/","title":{"rendered":"Los40 Music Awards premian a CCCCCCC CCCCC como artista revelaci\u00f3n"},"content":{"rendered":"<p>Sin duda, es la gran fiesta de la m\u00fasica en Espa\u00f1a, un espect\u00e1culo al que no faltan nuestros artistas m\u00e1s destacados ni estrellas internacionales, y este a\u00f1o ha sido la ciudad de Valencia, concretamente el Roig Arena, el que ha acogido la 20\u00aa edici\u00f3n de LOS40 Music Awards Santander.<\/p>\n<p>Con los presentadores Tony Aguilar, Cristina Bosc\u00e1 y Dani Moreno como maestros de ceremonias, poyados por el equipo de locutores de LOS40 de todo el mundo, la gala cont\u00f3 con esperadas actuaciones, como la de Rosal\u00eda, la m\u00e1s esperada,<a href=\"https:\/\/www.huffingtonpost.es\/life\/cultura\/una-celestial-rosalia-deslumbra-reliquia-actuacion-los40-music-awards-santander-2025.html\" target=\"_blank\" rel=\"nofollow noopener\"> que present\u00f3 Reliquia\u00a0para abrir el espect\u00e1culo; <\/a>de colaboraciones sorpresa, como la de Ed Sheeran y Aitana cantando Perfect;\u00a0de espectaculares puestas en escena, como la de Emilia interpretando Blackout;\u00a0o de festivos momentos como el cierre de Luck Ra con su ic\u00f3nica Morocha.<\/p>\n<p>Pero esto era una <a href=\"https:\/\/los40.com\/2025\/11\/08\/todos-los-ganadores-de-los40-music-awards-santander-2025-en-fotos-2\/\" target=\"_blank\" rel=\"nofollow noopener\">entrega de premios <\/a>y, adem\u00e1s de actuar, lo artistas llegaban al Roig Arena ansiosos y emocionados por sus nominaciones. El gran triunfador de la noche fue Ed Sheeran que recogi\u00f3 el premio Global Icon, el de Mejor \u00c1lbum Internacional y el de Mejor Artista o Grupo Internacional. Dos galardones se llevaron tambi\u00e9n Dani Fern\u00e1ndez, como Mejor Colaboraci\u00f3n Espa\u00f1a con Valeria Castro -que no estuvo- y Mejor \u00c1lbum; Aitana, como\u00a0Mejor Artista o Grupo Espa\u00f1a y Mejor Gira o Concierto; Dani Mart\u00edn, como\u00a0Mejor Artista o Grupo en Directo y Mejor Canci\u00f3n; y la argentina Emilia, como Mejor Artista o Grupo Latino y Mejor Canci\u00f3n Urbana.<\/p>\n<p>Los que son el futuro de la m\u00fasica<\/p>\n<p>Pero adem\u00e1s de esas estrellas consagradas del rock, el pop o los ritmos latinos, Los40 Music Awards tambi\u00e9n reconoce el trabajo detr\u00e1s de los nuevos artistas que vienen pisando fuerte en la categor\u00eda de Mejor Artista o Grupo Revelaci\u00f3n,<a href=\"https:\/\/www.moeveglobal.com\/\" target=\"_blank\" rel=\"nofollow noopener\"> un premio que lleg\u00f3 de la mano de Moeve<\/a>. La compa\u00f1\u00eda energ\u00e9tica ha apoyado un a\u00f1o m\u00e1s a los j\u00f3venes talentos que tienen un gran futuro por delante porque, como dice el lema de la compa\u00f1\u00eda \u00abJuntos, este futuro tiene futuro\u00bb.<\/p>\n<p>Los candidatos al Mejor Artista o Grupo Revelaci\u00f3n eran:<\/p>\n<p>Naiara, 28 a\u00f1os, la ganadora de la 12\u00aa edici\u00f3n de Operaci\u00f3n Triunfo.<\/p>\n<p>Enol, 26 a\u00f1os, que acaba de lanzar su quinto disco Tutto Passa.<\/p>\n<p>Mayo, 23 a\u00f1os, concursante de la 12\u00ba edici\u00f3n de Operaci\u00f3n Triunfo y uno de los participantes del Benidorm Fest 2026.<\/p>\n<p>Chiara Oliver, 21 a\u00f1os, tambi\u00e9n concursante de OT 2023, que ha firmado una primera exitosa gira con La libreta rosa.<\/p>\n<p>Lia Kali, 28 a\u00f1os, uno de los referentes de m\u00fasica urbana entre las nuevas generaciones.<\/p>\n<p>Lucho RK, 25 a\u00f1os, y uno de los artistas de trap y reguet\u00f3n que llegan pisando fuerte.<\/p>\n<p>Finalmente, la ganadora fue Naiara, la cantante que se dio a conocer como flamante ganadora de Operaci\u00f3n Triunfo 2023.\u00a0\u00ab\u00bfY aqu\u00ed que se dice ahora? No me esperaba esto\u00bb, asegur\u00f3 nerviosa cuando subi\u00f3 a recoger su premio para despu\u00e9s agradecer a Los40 el impulso a los que quieren hacerse un hueco en ese mundo. Despu\u00e9s, se acord\u00f3 de\u00a0todo su equipo \u00abporque si gano algo es por ellos\u00bb,\u00a0 reconoci\u00f3 a El HuffPost en la alfombra roja minutos antes.<\/p>\n<p>Est\u00e1 claro que \u00abEste futuro tiene futuro\u00bb, <a href=\"https:\/\/www.moeveglobal.com\" target=\"_blank\" rel=\"nofollow noopener\">como asegura Moeve,<\/a>\u00a0y que apostar por los j\u00f3venes talentos es mirar al ma\u00f1ana con ritmo, energ\u00eda y positividad.\u00a0<\/p>\n","protected":false},"excerpt":{"rendered":"Sin duda, es la gran fiesta de la m\u00fasica en Espa\u00f1a, un espect\u00e1culo al que no faltan nuestros&hellip;\n","protected":false},"author":2,"featured_media":225580,"comment_status":"","ping_status":"","sticky":false,"template":"","format":"standard","meta":{"footnotes":""},"categories":[170],"tags":[304,146,147,25,24,2848,54186,184,185,23],"class_list":{"0":"post-225579","1":"post","2":"type-post","3":"status-publish","4":"format-standard","5":"has-post-thumbnail","7":"category-musica","8":"tag-apuesta","9":"tag-entertainment","10":"tag-entretenimiento","11":"tag-es","12":"tag-espana","13":"tag-futuro","14":"tag-moeve","15":"tag-music","16":"tag-musica","17":"tag-spain"},"share_on_mastodon":{"url":"https:\/\/pubeurope.com\/@es\/115515764544498822","error":""},"_links":{"self":[{"href":"https:\/\/www.europesays.com\/es\/wp-json\/wp\/v2\/posts\/225579","targetHints":{"allow":["GET"]}}],"collection":[{"href":"https:\/\/www.europesays.com\/es\/wp-json\/wp\/v2\/posts"}],"about":[{"href":"https:\/\/www.europesays.com\/es\/wp-json\/wp\/v2\/types\/post"}],"author":[{"embeddable":true,"href":"https:\/\/www.europesays.com\/es\/wp-json\/wp\/v2\/users\/2"}],"replies":[{"embeddable":true,"href":"https:\/\/www.europesays.com\/es\/wp-json\/wp\/v2\/comments?post=225579"}],"version-history":[{"count":0,"href":"https:\/\/www.europesays.com\/es\/wp-json\/wp\/v2\/posts\/225579\/revisions"}],"wp:featuredmedia":[{"embeddable":true,"href":"https:\/\/www.europesays.com\/es\/wp-json\/wp\/v2\/media\/225580"}],"wp:attachment":[{"href":"https:\/\/www.europesays.com\/es\/wp-json\/wp\/v2\/media?parent=225579"}],"wp:term":[{"taxonomy":"category","embeddable":true,"href":"https:\/\/www.europesays.com\/es\/wp-json\/wp\/v2\/categories?post=225579"},{"taxonomy":"post_tag","embeddable":true,"href":"https:\/\/www.europesays.com\/es\/wp-json\/wp\/v2\/tags?post=225579"}],"curies":[{"name":"wp","href":"https:\/\/api.w.org\/{rel}","templated":true}]}}