{"id":225585,"date":"2025-11-08T19:39:08","date_gmt":"2025-11-08T19:39:08","guid":{"rendered":"https:\/\/www.europesays.com\/es\/225585\/"},"modified":"2025-11-08T19:39:08","modified_gmt":"2025-11-08T19:39:08","slug":"la-enfermedad-oculta-que-podria-aparecer-en-las-mujeres-que-han-superado-un-cancer-de-cuello-uterino","status":"publish","type":"post","link":"https:\/\/www.europesays.com\/es\/225585\/","title":{"rendered":"La enfermedad oculta que podr\u00eda aparecer en las mujeres que han superado un c\u00e1ncer de cuello uterino"},"content":{"rendered":"<p class=\"c-paragraph\">Seg\u00fan la Sociedad Espa\u00f1ola de Oncolog\u00eda M\u00e9dica el <b>c\u00e1ncer de cuello uterino es el tercero m\u00e1s frecuente<\/b> entre las espa\u00f1olas. Una de sus <a href=\"https:\/\/www.20minutos.es\/mujer\/blogs\/el-blog-de-lilih-blue\/una-ginecologa-nos-resuelve-las-dudas-mas-comunes-sobre-vph-5589506\/\" rel=\"nofollow noopener\" target=\"_blank\">causas principales es el Virus del Papiloma Humano (VPH)<\/a>, que lo padecen un 30% de las mujeres de nuestro pa\u00eds y que para tratarlo es necesario una detecci\u00f3n de la enfermedad, de ah\u00ed la importancia de las citolog\u00edas y las pruebas de detecci\u00f3n de dicho virus.<\/p>\n<p class=\"c-paragraph\">Como podemos observar el c\u00e1ncer de cuello uterino es mucho m\u00e1s frecuente de lo que podr\u00edamos pensar en un primer momento. As\u00ed que viendo estas cifras hay que estar atentos, porque seg\u00fan una <a href=\"https:\/\/hollingscancercenter.musc.edu\/news\/archive\/2025\/09\/11\/new-study-reveals-a-hidden-risk-after-cervical-cancer\" rel=\"nofollow noreferrer noopener\" target=\"_blank\">investigaci\u00f3n del Centro de C\u00e1ncer MUSC Hollings de Estados Unidos<\/a>, <b>haber padecido este tipo de c\u00e1ncer podr\u00eda derivar<\/b> en otro que est\u00e1 fuera del radar: el c\u00e1ncer anal.<\/p>\n<p class=\"c-paragraph\">Los doctores que han estado a cargo de dicho estudio son Haluk Damgacioglu y Ashish Deshmuck, col\u00edder del Programa de Investigaci\u00f3n para la Prevenci\u00f3n y el Control del C\u00e1ncer. Ambos han publicado un\u00a0art\u00edculo disponible en <a href=\"https:\/\/jamanetwork.com\/journals\/jamanetworkopen\/fullarticle\/2838764?resultClick=3#google_vignette\" rel=\"nofollow noreferrer noopener\" target=\"_blank\">JAMA Network Open<\/a>, en el que se\u00f1alan el <b>poco conocido riesgo para aquellas mujeres que han padecido<\/b> c\u00e1ncer de c\u00e9rvix de desarrollar c\u00e1ncer anal.<\/p>\n<p class=\"c-paragraph\">Ambos expertos e investigadores se\u00f1alan <a href=\"https:\/\/www.20minutos.es\/mujer\/estar-bien\/cancer-de-utero-primeros-sintomas-como-se-manifiesta-5653253\/\" rel=\"nofollow noopener\" target=\"_blank\">que el c\u00e1ncer de cuello uterino<\/a> es uno de los m\u00e1s prevenibles que existen gracias a las pruebas de detecci\u00f3n rutinarias y al uso de la vacuna contra el VPH, de hecho tiene un <b>90% de supervivencia para quienes padecen este tipo<\/b> de c\u00e1ncer siempre que se detecte a tiempo.\u00a0<\/p>\n<p class=\"c-paragraph\">Sin embargo, en ning\u00fan manual se habla de los posibles riesgos que pueden padecer dichas mujeres en el futuro y es que podr\u00edan tener unas <b>posibilidades bastante altas de padecer c\u00e1ncer anal<\/b>.<\/p>\n<p class=\"c-paragraph\">El doctor Deshmuck explica que \u00absabemos desde hace mucho tiempo que tanto el <a href=\"https:\/\/www.20minutos.es\/mujer\/estar-bien\/ni-cuello-utero-ni-ovarios-este-es-cancer-mas-frecuente-mujeres-menores-40-anos_6242656_0.html\" rel=\"nofollow noopener\" target=\"_blank\">c\u00e1ncer de cuello de \u00fatero<\/a> como el anal son causados por el VPH, el Virus del Papiloma Humano, pero lo que no se ha comprendido bien es c\u00f3mo ese <b>riesgo compartido podr\u00eda vincular ambas enfermedades<\/b> a lo largo de la vida de una mujer\u00bb.<\/p>\n<p class=\"c-paragraph\">Actualmente se hacen las pruebas para detectar c\u00e1ncer anal a personas con VIH, personas con trasplantes y mujeres que han padecido c\u00e1ncer de vulva, en cambio no se tiene en cuenta a las <b>mujeres con historial m\u00e9dico de c\u00e1ncer de c\u00e9rvix<\/b>.<\/p>\n<p class=\"c-paragraph\">En la investigaci\u00f3n realizada por los doctores Deshmuck y Damglaciolu han comprobado que las mujeres que han pasado por un c\u00e1ncer de cuello de \u00fatero <b>tienen el doble de posibilidades de padecer c\u00e1ncer anal<\/b>.<\/p>\n","protected":false},"excerpt":{"rendered":"Seg\u00fan la Sociedad Espa\u00f1ola de Oncolog\u00eda M\u00e9dica el c\u00e1ncer de cuello uterino es el tercero m\u00e1s frecuente entre&hellip;\n","protected":false},"author":2,"featured_media":225586,"comment_status":"","ping_status":"","sticky":false,"template":"","format":"standard","meta":{"footnotes":""},"categories":[92],"tags":[1066,2996,25,24,5817,165,267,166,23],"class_list":{"0":"post-225585","1":"post","2":"type-post","3":"status-publish","4":"format-standard","5":"has-post-thumbnail","7":"category-salud","8":"tag-cancer","9":"tag-enfermedad","10":"tag-es","11":"tag-espana","12":"tag-ginecologo","13":"tag-health","14":"tag-planseo","15":"tag-salud","16":"tag-spain"},"share_on_mastodon":{"url":"https:\/\/pubeurope.com\/@es\/115515776348631780","error":""},"_links":{"self":[{"href":"https:\/\/www.europesays.com\/es\/wp-json\/wp\/v2\/posts\/225585","targetHints":{"allow":["GET"]}}],"collection":[{"href":"https:\/\/www.europesays.com\/es\/wp-json\/wp\/v2\/posts"}],"about":[{"href":"https:\/\/www.europesays.com\/es\/wp-json\/wp\/v2\/types\/post"}],"author":[{"embeddable":true,"href":"https:\/\/www.europesays.com\/es\/wp-json\/wp\/v2\/users\/2"}],"replies":[{"embeddable":true,"href":"https:\/\/www.europesays.com\/es\/wp-json\/wp\/v2\/comments?post=225585"}],"version-history":[{"count":0,"href":"https:\/\/www.europesays.com\/es\/wp-json\/wp\/v2\/posts\/225585\/revisions"}],"wp:featuredmedia":[{"embeddable":true,"href":"https:\/\/www.europesays.com\/es\/wp-json\/wp\/v2\/media\/225586"}],"wp:attachment":[{"href":"https:\/\/www.europesays.com\/es\/wp-json\/wp\/v2\/media?parent=225585"}],"wp:term":[{"taxonomy":"category","embeddable":true,"href":"https:\/\/www.europesays.com\/es\/wp-json\/wp\/v2\/categories?post=225585"},{"taxonomy":"post_tag","embeddable":true,"href":"https:\/\/www.europesays.com\/es\/wp-json\/wp\/v2\/tags?post=225585"}],"curies":[{"name":"wp","href":"https:\/\/api.w.org\/{rel}","templated":true}]}}