{"id":225600,"date":"2025-11-08T19:51:19","date_gmt":"2025-11-08T19:51:19","guid":{"rendered":"https:\/\/www.europesays.com\/es\/225600\/"},"modified":"2025-11-08T19:51:19","modified_gmt":"2025-11-08T19:51:19","slug":"el-principal-obstaculo-que-juan-ayuso-tendra-en-lidl-trek-para-ser-una-estrella","status":"publish","type":"post","link":"https:\/\/www.europesays.com\/es\/225600\/","title":{"rendered":"El principal obst\u00e1culo que Juan Ayuso tendr\u00e1 en Lidl-Trek para ser\u00a0una\u00a0estrella"},"content":{"rendered":"<p>En 2026, uno de los cambios m\u00e1s esperados es el de <a href=\"https:\/\/ciclismoaldia.es\/juan-ayuso\" title=\"Juan Ayuso\" rel=\"nofollow noopener\" target=\"_blank\">Juan Ayuso<\/a>, que se ha marchado de UAE y ha fichado por <a href=\"https:\/\/ciclismoaldia.es\/lidl-trek\" title=\"Lidl-Trek\" rel=\"nofollow noopener\" target=\"_blank\">Lidl-Trek<\/a>. En el equipo de Tadej Pogacar, el espa\u00f1ol consideraba que no ten\u00eda un futuro claro como estrella, algo que la escuadra estadounidense s\u00ed que le ofrece. Por ese motivo no dud\u00f3 en firmar un contrato de 5 a\u00f1os, hasta el final de 2030. Pero, \u00bfse ver\u00e1 superado por las expectativas?Hay una cosa que Juan Ayuso debe tener muy clara con su cambio de <a href=\"https:\/\/ciclismoaldia.es\/uae-team-emirates-xrg\" title=\"UAE Team Emirates XRG\" rel=\"nofollow noopener\" target=\"_blank\">UAE Team Emirates XRG<\/a> a Lidl-Trek: la presi\u00f3n ser\u00e1 mucho mayor. En el conjunto emirat\u00ed no estaba tan obligado a conseguir los mejores resultados posibles. Si \u00e9l no lo hac\u00eda, siempre aparec\u00eda un plan B, como en el Giro de Italia con <a href=\"https:\/\/www.procyclingstats.com\/rider\/isaac-del-toro\/\/\" target=\"_blank\" rel=\"nofollow noopener\">Isaac del Toro<\/a> o la Vuelta a Espa\u00f1a con Joao Almeida.<\/p>\n<p>En Lidl-Trek no solo no existir\u00e1 esa opci\u00f3n, si no que Juan Ayuso ser\u00e1 la principal referencia del equipo. El joven corredor de 23 a\u00f1os a\u00fan tiene mucho futuro como ciclista por delante, pero el tiempo ya no pasa de la misma forma que lo hac\u00eda en UAE. A partir de 2026, los resultados en la carretera tienen que ser inmediatos para responder a la altura de la apuesta que Lidl ha hecho sobre \u00e9l.<\/p>\n<p>\u00bfQu\u00e9 significa esto? Que tanto Juan Ayuso como el propio Lidl-Trek tendr\u00e1 que tener muy claros sus objetivos para toda la temporada, y trabajar a la perfecci\u00f3n para llegar a punto a cada uno de ellos. Si el Tour de Francia est\u00e1 en la mente, no puede ocurrir que el espa\u00f1ol se descuelgue de la clasificaci\u00f3n general antes del final de las 3 semanas. Las consecuencias ser\u00e1n mayores que en UAE.<\/p>\n<p><img decoding=\"async\" width=\"500\" height=\"280\" loading=\"lazy\" src=\"https:\/\/www.europesays.com\/es\/wp-content\/uploads\/2025\/11\/juan-ayuso-6908c8667672b.jpg@webp.webp\" class=\"w-auto h-auto\" alt=\"Juan Ayuso tendr\u00e1 mucha presi\u00f3n como estrella de Lidl-Trek\"\/><\/p>\n<p>Juan Ayuso tendr\u00e1 mucha presi\u00f3n como estrella de Lidl-Trek<\/p>\n<p>Este es el punto donde se quiere llegar con esto. El principal obst\u00e1culo que Juan Ayuso tendr\u00e1 en Lidl-Trek para convertirse en una estrella ser\u00e1 \u00e9l mismo, ya que la presi\u00f3n estar\u00e1 basada en los resultados que ha demostrado que puede conseguir en UAE Team Emirates XRG.<\/p>\n<p>Un 2025 que es un arma de doble filo<\/p>\n<p>Se dice que la temporada 2025 de Juan Ayuso no ha sido muy buena. Realmente se ha visto afectada por lo sucedido en las clasificaciones generales de Giro de Italia y Vuelta a Espa\u00f1a, pero la realidad es que sus resultados han sido bastante destacados:<\/p>\n<ul class=\"&#10;          list-outside pl-10&#10;          list-disc &#10;        \">\n<li class=\"[&amp;&gt;a]:text-primary dark:[&amp;&gt;a]:text-white [&amp;&gt;a]:underline md:text-lg text-base\">2 victorias de etapa en la Vuelta a Espa\u00f1a.<\/li>\n<li class=\"[&amp;&gt;a]:text-primary dark:[&amp;&gt;a]:text-white [&amp;&gt;a]:underline md:text-lg text-base\">Victoria de etapa en el Giro de Italia.<\/li>\n<li class=\"[&amp;&gt;a]:text-primary dark:[&amp;&gt;a]:text-white [&amp;&gt;a]:underline md:text-lg text-base\">Victoria en la clasificaci\u00f3n general de la Tirreno Adri\u00e1tico m\u00e1s una etapa.<\/li>\n<li class=\"[&amp;&gt;a]:text-primary dark:[&amp;&gt;a]:text-white [&amp;&gt;a]:underline md:text-lg text-base\">Victoria de etapa en la Volta a Catalunya y 2\u00ba en la clasificaci\u00f3n general.<\/li>\n<li class=\"[&amp;&gt;a]:text-primary dark:[&amp;&gt;a]:text-white [&amp;&gt;a]:underline md:text-lg text-base\">8\u00ba en el Mundial de Kigali.<\/li>\n<li class=\"[&amp;&gt;a]:text-primary dark:[&amp;&gt;a]:text-white [&amp;&gt;a]:underline md:text-lg text-base\">6\u00ba en el Campeonato de Europa.<\/li>\n<\/ul>\n<p>El problema es que estos resultados son buenos en un UAE que tambi\u00e9n tiene a Tadej Pogacar, Isaac del Toro, Joao Almeida, Adam Yates, Brandon McNulty y compa\u00f1\u00eda. Pero en Lidl-Trek, un equipo que solo tiene a Mattias Skjelmose como referencia para las clasificaciones generales, se quedar\u00eda corto.<\/p>\n<p>\u00bfQu\u00e9 pasar\u00eda si vuelve a lograr resultados y triunfos similares a los de 2025? Sin duda, Juan Ayuso ser\u00eda el mejor ciclista espa\u00f1ol del a\u00f1o, pero para lo que supone ser la estrella de Lidl-Trek, un gigante del World Tour que aspira a ser relevante en las generales de vueltas por etapas, insuficiente.<\/p>\n<p>Su podio en la general de la Vuelta a Espa\u00f1a 2022 s\u00ed que ser\u00eda un resultado a la altura de las expectativas que hay puestas en su llegada. Ahora bien, \u00bfpodr\u00e1 conseguirlo?<\/p>\n","protected":false},"excerpt":{"rendered":"En 2026, uno de los cambios m\u00e1s esperados es el de Juan Ayuso, que se ha marchado de&hellip;\n","protected":false},"author":2,"featured_media":225601,"comment_status":"","ping_status":"","sticky":false,"template":"","format":"standard","meta":{"footnotes":""},"categories":[273],"tags":[313,312,168,25,24,23,167],"class_list":{"0":"post-225600","1":"post","2":"type-post","3":"status-publish","4":"format-standard","5":"has-post-thumbnail","7":"category-ciclismo","8":"tag-ciclismo","9":"tag-cycling","10":"tag-deportes","11":"tag-es","12":"tag-espana","13":"tag-spain","14":"tag-sports"},"share_on_mastodon":{"url":"https:\/\/pubeurope.com\/@es\/115515823692027279","error":""},"_links":{"self":[{"href":"https:\/\/www.europesays.com\/es\/wp-json\/wp\/v2\/posts\/225600","targetHints":{"allow":["GET"]}}],"collection":[{"href":"https:\/\/www.europesays.com\/es\/wp-json\/wp\/v2\/posts"}],"about":[{"href":"https:\/\/www.europesays.com\/es\/wp-json\/wp\/v2\/types\/post"}],"author":[{"embeddable":true,"href":"https:\/\/www.europesays.com\/es\/wp-json\/wp\/v2\/users\/2"}],"replies":[{"embeddable":true,"href":"https:\/\/www.europesays.com\/es\/wp-json\/wp\/v2\/comments?post=225600"}],"version-history":[{"count":0,"href":"https:\/\/www.europesays.com\/es\/wp-json\/wp\/v2\/posts\/225600\/revisions"}],"wp:featuredmedia":[{"embeddable":true,"href":"https:\/\/www.europesays.com\/es\/wp-json\/wp\/v2\/media\/225601"}],"wp:attachment":[{"href":"https:\/\/www.europesays.com\/es\/wp-json\/wp\/v2\/media?parent=225600"}],"wp:term":[{"taxonomy":"category","embeddable":true,"href":"https:\/\/www.europesays.com\/es\/wp-json\/wp\/v2\/categories?post=225600"},{"taxonomy":"post_tag","embeddable":true,"href":"https:\/\/www.europesays.com\/es\/wp-json\/wp\/v2\/tags?post=225600"}],"curies":[{"name":"wp","href":"https:\/\/api.w.org\/{rel}","templated":true}]}}