{"id":225606,"date":"2025-11-08T19:55:09","date_gmt":"2025-11-08T19:55:09","guid":{"rendered":"https:\/\/www.europesays.com\/es\/225606\/"},"modified":"2025-11-08T19:55:09","modified_gmt":"2025-11-08T19:55:09","slug":"no-tiene-que-ser-un-negocio","status":"publish","type":"post","link":"https:\/\/www.europesays.com\/es\/225606\/","title":{"rendered":"&#8216;No tiene que ser un negocio&#8217;"},"content":{"rendered":"<p>El actor espa\u00f1ol <a href=\"https:\/\/www.huffingtonpost.es\/virales\/el-actor-borja-luna-cristalino-hablar-esta-pasando-sanidad-publica-espana.html\" title=\"El actor Borja Luna es cristalino al hablar de lo que est\u00e1 pasando con la sanidad p\u00fablica en Espa\u00f1a\" rel=\"nofollow noopener\" target=\"_blank\">Borja Luna<\/a>, conocido por su papel en obras como &#8216;Las chicas del cable&#8217; o &#8216;Respira&#8217;, ha realizado una entrevista con ecartelera, donde ha sido tajante<b> sobre su opini\u00f3n acerca de la sanidad en Espa\u00f1a. <\/b>El momento ha sido compartido por el usuario @josevico en &#8216;X&#8217; (antes conocido como Twitter), donde ya acumula m\u00e1s de 3.000 reproducciones.\u00a0<\/p>\n<p>\u00abA m\u00ed me encantar\u00eda que no existiera sanidad privada y que todos los avances y todo tuviera que pasar a trav\u00e9s de la p\u00fablica. Es la \u00fanica manera de que no pase lo que est\u00e1 pasando\u00bb, ha afirmado el actor.<b> \u00abEntiendo que la sanidad no tiene que ser un negocio\u00bb, <\/b>ha agregado el mismo.\u00a0<\/p>\n<p>Las palabras del actor se han producido apenas unas semanas despu\u00e9s de que <a href=\"https:\/\/www.huffingtonpost.es\/sociedad\/sevilla-vuelca-protesta-multitudinaria-solidaridad-victimas-gestion-cribados-cancer-mama.html\" title=\"Miles de personas se vuelcan en Sevilla con las v\u00edctimas de la gesti\u00f3n de los cribados del c\u00e1ncer de mama\" rel=\"nofollow noopener\" target=\"_blank\">miles de personas se manifestaran en Sevilla<\/a> <b>por la gesti\u00f3n de los cribados del c\u00e1ncer de mama,\u00a0<\/b>que se estima que han afectado a m\u00e1s de 2.000 mujeres (tan solo en esta comunidad)<b>.<\/b> La manifestaci\u00f3n, que fue la segunda desde que se estall\u00f3 el esc\u00e1ndalo, fue convocada por Amama y recorri\u00f3 las principales calles de la ciudad.\u00a0<\/p>\n<p>La presidenta de la asociaci\u00f3n de mujeres con c\u00e1ncer de mama en Sevilla, \u00c1ngela Claverol, fue una de las mujeres que estuvo presente en la manifestaci\u00f3n y, durante la lectura de su manifiesto,<b> record\u00f3 que este fallo se sab\u00eda desde, al menos, 2021.\u00a0<\/b><\/p>\n<p>\u00abSalt\u00f3 la noticia, pero no era nueva. Llevamos desde 2021 peregrinando a la Consejer\u00eda de Salud, alertando de todo lo que estaba pasando y no nos hicieron caso. Cada vez pon\u00edan m\u00e1s vidas en peligro\u00bb, asegur\u00f3 en aquel entonces.\u00a0<\/p>\n","protected":false},"excerpt":{"rendered":"El actor espa\u00f1ol Borja Luna, conocido por su papel en obras como &#8216;Las chicas del cable&#8217; o &#8216;Respira&#8217;,&hellip;\n","protected":false},"author":2,"featured_media":225607,"comment_status":"","ping_status":"","sticky":false,"template":"","format":"standard","meta":{"footnotes":""},"categories":[174],"tags":[255,146,147,25,24,256,1811,23],"class_list":{"0":"post-225606","1":"post","2":"type-post","3":"status-publish","4":"format-standard","5":"has-post-thumbnail","7":"category-famosos","8":"tag-celebrities","9":"tag-entertainment","10":"tag-entretenimiento","11":"tag-es","12":"tag-espana","13":"tag-famosos","14":"tag-sanidad","15":"tag-spain"},"share_on_mastodon":{"url":"https:\/\/pubeurope.com\/@es\/115515839248543235","error":""},"_links":{"self":[{"href":"https:\/\/www.europesays.com\/es\/wp-json\/wp\/v2\/posts\/225606","targetHints":{"allow":["GET"]}}],"collection":[{"href":"https:\/\/www.europesays.com\/es\/wp-json\/wp\/v2\/posts"}],"about":[{"href":"https:\/\/www.europesays.com\/es\/wp-json\/wp\/v2\/types\/post"}],"author":[{"embeddable":true,"href":"https:\/\/www.europesays.com\/es\/wp-json\/wp\/v2\/users\/2"}],"replies":[{"embeddable":true,"href":"https:\/\/www.europesays.com\/es\/wp-json\/wp\/v2\/comments?post=225606"}],"version-history":[{"count":0,"href":"https:\/\/www.europesays.com\/es\/wp-json\/wp\/v2\/posts\/225606\/revisions"}],"wp:featuredmedia":[{"embeddable":true,"href":"https:\/\/www.europesays.com\/es\/wp-json\/wp\/v2\/media\/225607"}],"wp:attachment":[{"href":"https:\/\/www.europesays.com\/es\/wp-json\/wp\/v2\/media?parent=225606"}],"wp:term":[{"taxonomy":"category","embeddable":true,"href":"https:\/\/www.europesays.com\/es\/wp-json\/wp\/v2\/categories?post=225606"},{"taxonomy":"post_tag","embeddable":true,"href":"https:\/\/www.europesays.com\/es\/wp-json\/wp\/v2\/tags?post=225606"}],"curies":[{"name":"wp","href":"https:\/\/api.w.org\/{rel}","templated":true}]}}