{"id":225646,"date":"2025-11-08T20:25:12","date_gmt":"2025-11-08T20:25:12","guid":{"rendered":"https:\/\/www.europesays.com\/es\/225646\/"},"modified":"2025-11-08T20:25:12","modified_gmt":"2025-11-08T20:25:12","slug":"nuevos-tratamientos-para-el-sindrome-del-intestino-irritable","status":"publish","type":"post","link":"https:\/\/www.europesays.com\/es\/225646\/","title":{"rendered":"Nuevos tratamientos para el Sindrome del Intestino Irritable"},"content":{"rendered":"<p>\n        El conocimiento del<a href=\"https:\/\/www.noticiasdegipuzkoa.eus\/tags\/microbiota\/\" title=\"microbioma intestinal\" target=\"_blank\" class=\"link copy\" rel=\"nofollow noopener\"> microbioma intestinal <\/a>est\u00e1 transformando la manera en que se aborda el<strong> S\u00edndrome del Intestino Irritable<\/strong> (SII), una patolog\u00eda funcional digestiva que <strong>afecta a m\u00e1s del 10% de la poblaci\u00f3n<\/strong> espa\u00f1ola\u00a0y que repercute significativamente en la calidad de vida de quienes la padecen.\n<\/p>\n<p class=\"article-body__text \">\n        El microbioma intestinal \u2013el conjunto de microorganismos que habita en el intestino\u2013 desempe\u00f1a un papel esencial en funciones como la <strong>digesti\u00f3n, la inmunidad y la protecci\u00f3n de la mucosa intestinal.<\/strong> Cuando este equilibrio se altera, pueden aparecer <strong>s\u00edntomas como dolor y distensi\u00f3n abdominal, flatulencia o cambios en el ritmo deposicional.<\/strong>\n<\/p>\n<p class=\"article-body__text \">\n        La <strong>doctora Leticia Gonz\u00e1lez Vives<\/strong>, pediatra especialista en digestivo del Hospital Universitario Infanta Leonor, explica que \u201ccada persona tiene un <strong>microbioma distinto, determinado por factores gen\u00e9ticos y ambientales<\/strong>; entender esa diversidad es clave para desarrollar enfoques m\u00e1s individualizados\u201d.\n<\/p>\n<p class=\"article-body__text \">\n        En los \u00faltimos a\u00f1os se han conseguido<strong> grandes avances en investigaci\u00f3n, tecnolog\u00eda y educaci\u00f3n sanitaria,<\/strong> que est\u00e1n impulsando un nuevo paradigma en el<strong> tratamiento del SII:\u00a0la personalizaci\u00f3n terap\u00e9utica basada en el microbioma.<\/strong>\n<\/p>\n<p>  Tratamientos a medida<\/p>\n<p class=\"article-body__text \">\n        El desarrollo de herramientas como la<strong> inteligencia artificial y los an\u00e1lisis gen\u00f3micos del microbioma est\u00e1 permitiendo conocer con mayor precisi\u00f3n la composici\u00f3n bacteriana del intestino <\/strong>y su relaci\u00f3n con distintas formas de SII. Esta informaci\u00f3n abre la puerta a<strong> abordajes m\u00e1s personalizados y precisos, con probi\u00f3ticos<\/strong> dise\u00f1ados seg\u00fan el perfil microbiano de cada paciente.\n<\/p>\n<p class=\"article-body__text \">\n        En este sentido, la doctora Gonz\u00e1lez Vives, destaca el uso de probi\u00f3ticos espec\u00edficos, como la c<strong>epa\u00a0Bifidobacteriumlongum\u00a035624<\/strong>, cuya eficacia ha sido ampliamente estudiada t<strong>anto en adultos como en poblaci\u00f3n pedi\u00e1trica.<\/strong> A juicio de la especialista, esta cepa ha mostrado <strong>beneficios cl\u00ednicos relevantes al ayudar a restablecer el equilibrio intestinal<\/strong> y reducir los s\u00edntomas digestivos.\u00a0\u201cLos avances cient\u00edficos y tecnol\u00f3gicos est\u00e1n permitiendo una comprensi\u00f3n sin precedentes del microbioma.<strong> La posibilidad de adaptar el tratamiento probi\u00f3tico al perfil individual del paciente marcar\u00e1 un antes y un despu\u00e9s en la medicina digestiva<\/strong>\u201d.\n<\/p>\n<p class=\"article-body__text \">\n        El eje<a href=\"https:\/\/www.noticiasdegipuzkoa.eus\/salud\/2024\/10\/31\/microbiota-segundo-cerebro-miguel-gueimonde-8873648.html\" title=\"microbiota-intestino-cerebro\" target=\"_blank\" class=\"link copy\" rel=\"nofollow noopener\"> microbiota-intestino-cerebro<\/a> es un componente clave en la fisiopatolog\u00eda del SII: el <strong>estr\u00e9s o la ansiedad pueden agravar los s\u00edntomas<\/strong> digestivos, mientras que las alteraciones intestinales pueden influir en el estado emocional del paciente. En la<strong> infancia y adolescencia, <\/strong>donde la prevalencia del SII se sit\u00faa entre el 10% y el 15%, esta relaci\u00f3n es especialmente relevante, ya que los factores emocionales suelen tener un peso determinante en la evoluci\u00f3n del cuadro. En este caso, se ha desarrollado una <strong>combinaci\u00f3n de dos cepas probi\u00f3ticas <\/strong>espec\u00edficas\u00a0que ayudar a controlar los s\u00edntomas f\u00edsicos y psicol\u00f3gicos asociados al SII.<\/p>\n","protected":false},"excerpt":{"rendered":"El conocimiento del microbioma intestinal est\u00e1 transformando la manera en que se aborda el S\u00edndrome del Intestino Irritable&hellip;\n","protected":false},"author":2,"featured_media":225647,"comment_status":"","ping_status":"","sticky":false,"template":"","format":"standard","meta":{"footnotes":""},"categories":[92],"tags":[25,24,165,25480,5285,166,33517,23,38219,11032],"class_list":{"0":"post-225646","1":"post","2":"type-post","3":"status-publish","4":"format-standard","5":"has-post-thumbnail","7":"category-salud","8":"tag-es","9":"tag-espana","10":"tag-health","11":"tag-intestino","12":"tag-novedades","13":"tag-salud","14":"tag-sindrome","15":"tag-spain","16":"tag-terapeuticas","17":"tag-tratar"},"share_on_mastodon":{"url":"https:\/\/pubeurope.com\/@es\/115515957149570919","error":""},"_links":{"self":[{"href":"https:\/\/www.europesays.com\/es\/wp-json\/wp\/v2\/posts\/225646","targetHints":{"allow":["GET"]}}],"collection":[{"href":"https:\/\/www.europesays.com\/es\/wp-json\/wp\/v2\/posts"}],"about":[{"href":"https:\/\/www.europesays.com\/es\/wp-json\/wp\/v2\/types\/post"}],"author":[{"embeddable":true,"href":"https:\/\/www.europesays.com\/es\/wp-json\/wp\/v2\/users\/2"}],"replies":[{"embeddable":true,"href":"https:\/\/www.europesays.com\/es\/wp-json\/wp\/v2\/comments?post=225646"}],"version-history":[{"count":0,"href":"https:\/\/www.europesays.com\/es\/wp-json\/wp\/v2\/posts\/225646\/revisions"}],"wp:featuredmedia":[{"embeddable":true,"href":"https:\/\/www.europesays.com\/es\/wp-json\/wp\/v2\/media\/225647"}],"wp:attachment":[{"href":"https:\/\/www.europesays.com\/es\/wp-json\/wp\/v2\/media?parent=225646"}],"wp:term":[{"taxonomy":"category","embeddable":true,"href":"https:\/\/www.europesays.com\/es\/wp-json\/wp\/v2\/categories?post=225646"},{"taxonomy":"post_tag","embeddable":true,"href":"https:\/\/www.europesays.com\/es\/wp-json\/wp\/v2\/tags?post=225646"}],"curies":[{"name":"wp","href":"https:\/\/api.w.org\/{rel}","templated":true}]}}