{"id":225659,"date":"2025-11-08T20:36:18","date_gmt":"2025-11-08T20:36:18","guid":{"rendered":"https:\/\/www.europesays.com\/es\/225659\/"},"modified":"2025-11-08T20:36:18","modified_gmt":"2025-11-08T20:36:18","slug":"carlos-alcaraz-gana-a-bublik-en-el-entreno-pero-el-kazajo-se-anota-un-saque-por-abajo-con-peineta","status":"publish","type":"post","link":"https:\/\/www.europesays.com\/es\/225659\/","title":{"rendered":"Carlos Alcaraz gana a Bublik en el entreno pero el kazajo se anota un saque por abajo con peineta"},"content":{"rendered":"<p data-mrf-recirculation=\"Links P\u00e1rrafos\" class=\"ue-c-article__paragraph paragraph ue-c-article--first-letter-highlighted\"><strong>Carlos Alcaraz<\/strong> ha vuelto a pasar con nota el \u00faltimo test previo a su estreno este domingo en las ATP Finals de Tur\u00edn. <strong>El murciano ha ganado en la sesi\u00f3n preparatoria a Alexander Bublik, por 6-4 y 2-0 con &#8216;break&#8217; en la continuaci\u00f3n.\u00a0<\/strong><\/p>\n<p data-mrf-recirculation=\"Links P\u00e1rrafos\" class=\"ue-c-article__paragraph paragraph\">Bublik, que est\u00e1 en el torneo como segundo reserva, <strong>se ha anotado el punto m\u00e1s espectacular de la pr\u00e1ctica al realizar un saque ganador por abajo<\/strong> que sorprendi\u00f3 completamente al campe\u00f3n de seis grandes. <strong>Hubo risas entre ambos, una peineta del espa\u00f1ol, un beso, y al cruzarse en la red chocaron las manos<\/strong>.\u00a0<\/p>\n<p>Todo el equipo reunido<br \/>\u200b<\/p>\n<p data-mrf-recirculation=\"Links P\u00e1rrafos\" class=\"ue-c-article__paragraph paragraph\">Alcaraz ha reunido este s\u00e1bado a todo su equipo en Tur\u00edn con la llegada de su m\u00e9dico, <strong>Juanjo L\u00f3pez<\/strong>.\u00a0<\/p>\n","protected":false},"excerpt":{"rendered":"Carlos Alcaraz ha vuelto a pasar con nota el \u00faltimo test previo a su estreno este domingo en&hellip;\n","protected":false},"author":2,"featured_media":225660,"comment_status":"","ping_status":"","sticky":false,"template":"","format":"standard","meta":{"footnotes":""},"categories":[274],"tags":[168,25,24,23,167,327,326],"class_list":{"0":"post-225659","1":"post","2":"type-post","3":"status-publish","4":"format-standard","5":"has-post-thumbnail","7":"category-tenis","8":"tag-deportes","9":"tag-es","10":"tag-espana","11":"tag-spain","12":"tag-sports","13":"tag-tenis","14":"tag-tennis"},"share_on_mastodon":{"url":"https:\/\/pubeurope.com\/@es\/115516000392709222","error":""},"_links":{"self":[{"href":"https:\/\/www.europesays.com\/es\/wp-json\/wp\/v2\/posts\/225659","targetHints":{"allow":["GET"]}}],"collection":[{"href":"https:\/\/www.europesays.com\/es\/wp-json\/wp\/v2\/posts"}],"about":[{"href":"https:\/\/www.europesays.com\/es\/wp-json\/wp\/v2\/types\/post"}],"author":[{"embeddable":true,"href":"https:\/\/www.europesays.com\/es\/wp-json\/wp\/v2\/users\/2"}],"replies":[{"embeddable":true,"href":"https:\/\/www.europesays.com\/es\/wp-json\/wp\/v2\/comments?post=225659"}],"version-history":[{"count":0,"href":"https:\/\/www.europesays.com\/es\/wp-json\/wp\/v2\/posts\/225659\/revisions"}],"wp:featuredmedia":[{"embeddable":true,"href":"https:\/\/www.europesays.com\/es\/wp-json\/wp\/v2\/media\/225660"}],"wp:attachment":[{"href":"https:\/\/www.europesays.com\/es\/wp-json\/wp\/v2\/media?parent=225659"}],"wp:term":[{"taxonomy":"category","embeddable":true,"href":"https:\/\/www.europesays.com\/es\/wp-json\/wp\/v2\/categories?post=225659"},{"taxonomy":"post_tag","embeddable":true,"href":"https:\/\/www.europesays.com\/es\/wp-json\/wp\/v2\/tags?post=225659"}],"curies":[{"name":"wp","href":"https:\/\/api.w.org\/{rel}","templated":true}]}}