{"id":225671,"date":"2025-11-08T20:49:11","date_gmt":"2025-11-08T20:49:11","guid":{"rendered":"https:\/\/www.europesays.com\/es\/225671\/"},"modified":"2025-11-08T20:49:11","modified_gmt":"2025-11-08T20:49:11","slug":"netflix-elimina-por-sorpresa-un-detalle-que-ha-enfurecido-a-los-fans-de-the-witcher-cobardes","status":"publish","type":"post","link":"https:\/\/www.europesays.com\/es\/225671\/","title":{"rendered":"Netflix elimina por sorpresa un detalle que ha enfurecido a los fans de &#8216;The Witcher&#8217;: \u00abCobardes\u00bb"},"content":{"rendered":"<p class=\"c-paragraph\">La cuarta temporada de <b>The Witcher <\/b>ha confirmado lo que muchos tem\u00edan: <b>el hechizo se ha roto<\/b>. La serie, <a href=\"https:\/\/www.20minutos.es\/cinemania\/noticias\/train-dreams-netflix-prepara-primera-gran-promocion-oscar-5725563\/\" rel=\"nofollow noopener\" target=\"_blank\">una de las grandes apuestas <\/a>de Netflix en los \u00faltimos a\u00f1os, ha regresado<b> entre la indiferencia y la indignaci\u00f3n.<\/b> Pese a ocupar brevemente un puesto<a href=\"https:\/\/www.20minutos.es\/cinemania\/series\/miniserie-danesa-netflix-episodios-thriller-espias-maraton-triunfo-nordicas_6662494_0.html\" rel=\"nofollow noopener\" target=\"_blank\"> entre lo m\u00e1s visto<\/a>, su balance semanal ha sido decepcionante.<\/p>\n<p class=\"c-paragraph\">La cuarta temporada de la serie de\u00a0<b><a href=\"https:\/\/www.20minutos.es\/cinemania\/series\/the-witcher-la-showrunner-tambien-adora-el-meme-de-la-banera-141609\/\" rel=\"nofollow noopener\" target=\"_blank\">Lauren Schmidt <\/a><\/b>parece ir cuesta abajo y sin frenos, arrojando <b>unos datos nada prometedores<\/b>, m\u00e1s si tenemos en cuenta que la quita temporada ya est\u00e1 en fase de posproducci\u00f3n. Una semana despu\u00e9s de su estreno, la serie sobre el brujo <a href=\"https:\/\/www.20minutos.es\/cinemania\/noticias\/henry-cavill-liam-hemsworth-the-witcher-geralt-rivia-5145697\/\" rel=\"nofollow noopener\" target=\"_blank\">Geralt de Rivia<\/a> se ha saldado con un n\u00famero de visualizaciones <b>(7,4 millones)<\/b>\u00a0significativamente menor al que obtuvo en el estreno de la anterior temporada\u00a0<b><b>(15,2 millones)<\/b><\/b>\u00a0en 2023. Y lo que es m\u00e1s curioso, por debajo de la comedia rom\u00e1ntica\u00a0con\u00a0Kristen Bell y Adam Brody,<a href=\"\">\u00a0<\/a><a href=\"https:\/\/www.20minutos.es\/cinemania\/series\/nadie-quiere-esto-temporada-2-netflix-critica-adam-brody-kristen-bell_6530490_0.html\" rel=\"nofollow noopener\" target=\"_blank\">Nadie quiere esto<\/a>,\u00a0que ya suma\u00a0<b><b><b><b>9,4 millones.<\/b><\/b><\/b><\/b><\/p>\n<p class=\"c-paragraph\">La ca\u00edda era previsible. Desde que Henry Cavill <a href=\"https:\/\/www.20minutos.es\/cinemania\/series\/the-witcher-final-temporada-3-henry-cavill-geralt-5160381\/\" rel=\"nofollow noopener\" target=\"_blank\">abandon\u00f3 la serie tras la tercera temporada<\/a>, el desgaste ha sido constante. <a href=\"https:\/\/www.20minutos.es\/cinemania\/series\/henry-cavill-abandona-the-witcher-sera-reemplazado-por-liam-hemsworth-en-la-temporada-4-5072684\/\" rel=\"nofollow noopener\" target=\"_blank\">La marcha del actor<\/a> brit\u00e1nico, motivada por las c\u00e9lebres <b>\u00abdiferencias creativas\u00bb<\/b> con el equipo \u2014un eufemismo que muchos tradujeron como un distanciamiento de las novelas originales de <b>Andrzej Sapkowski<\/b>\u2014 marc\u00f3 un punto de inflexi\u00f3n. Cavill, apasionado de la saga literaria, fue el <b>gran valedor de la fidelidad al material original <\/b>y el principal motivo de que The Witcher conectara con los fans durante sus primeras entregas.\u00a0<\/p>\n<p class=\"c-paragraph\">Netflix trat\u00f3 de mantener viva la saga con <a href=\"https:\/\/www.20minutos.es\/cinemania\/series\/witcher-liam-hemsworth-henry-cavill-fecha-estreno-netflix-temporada-4_6326099_0.html\" rel=\"nofollow noopener\" target=\"_blank\">el fichaje de Liam Hemsworth <\/a>y la <b>producci\u00f3n simult\u00e1nea de las temporadas cuarta y quinta<\/b>, actualmente en posproducci\u00f3n. Sin embargo, el intento de revivir el inter\u00e9s <b>se ha topado con una audiencia cada vez m\u00e1s desencantada<\/b>, y la brecha entre la serie y sus seguidores no ha hecho m\u00e1s que ampliarse. \u00abLa sombra de <a href=\"https:\/\/www.20minutos.es\/cinemania\/series\/henry-cavill-superman-geralt-the-witcher-netflix-5139412\/\" rel=\"nofollow noopener\" target=\"_blank\">Henry Cavill sigue pesando sobre la saga<\/a>\u00ab, parece ser el pensamiento m\u00e1s recurrente entre la comunidad de fieles.\u00a0<\/p>\n<p>Llueve sobre mojado<\/p>\n<p class=\"c-paragraph\">En ese contexto de desconfianza, la plataforma ha tomado una decisi\u00f3n que ha encendido a\u00fan m\u00e1s los \u00e1nimos: <b>eliminar el icono de perfil con la imagen de Geralt<\/b> interpretado por Cavill y sustituirlo por la versi\u00f3n de <a href=\"https:\/\/www.20minutos.es\/cinemania\/noticias\/liam-hemsworth-cambio-imagen-nueva-pelicula-5234553\/\" rel=\"nofollow noopener\" target=\"_blank\">Hemsworth<\/a>. El cambio, implementado de manera silenciosa junto con otras actualizaciones visuales, <b>ha sido percibido como una provocaci\u00f3n.<\/b> \u00abCobardes\u00bb, escribi\u00f3 un usuario de X, mientras otros acusaban a Netflix de \u00abborrar\u00bb la huella del actor brit\u00e1nico. Algunos incluso reportaron errores \u00ab404\u00bb al iniciar sesi\u00f3n con el avatar antiguo, ahora inexistente.<\/p>\n<p class=\"c-paragraph\">La pol\u00e9mica creci\u00f3 r\u00e1pidamente en redes sociales. \u00abDeber\u00edan haberlo reemplazado y ver cu\u00e1nto tardaba la gente en darse cuenta\u00bb, ironiz\u00f3 un usuario de Reddit, mientras <b>otros se\u00f1alaban que tambi\u00e9n desapareci\u00f3 la imagen de Yennefer<\/b>, lo que sugiere una limpieza completa de las im\u00e1genes originales.\u00a0<\/p>\n<p class=\"c-paragraph\">Con una audiencia menguante, un fandom dividido y una nueva temporada que no ha logrado reconquistar ni a los fieles ni a los curiosos, Netflix se enfrenta al cierre de <a href=\"https:\/\/www.20minutos.es\/cinemania\/series\/cien-anos-soledad-netflix-fecha-estreno-trailer-sinopsis-reparto-5237176\/\" rel=\"nofollow noopener\" target=\"_blank\">una de sus producciones m\u00e1s ambiciosas<\/a> bajo una tormenta de cr\u00edticas.\u00a0<\/p>\n","protected":false},"excerpt":{"rendered":"La cuarta temporada de The Witcher ha confirmado lo que muchos tem\u00edan: el hechizo se ha roto. La&hellip;\n","protected":false},"author":2,"featured_media":225672,"comment_status":"","ping_status":"","sticky":false,"template":"","format":"standard","meta":{"footnotes":""},"categories":[91],"tags":[146,147,25,24,836,37791,152,23,59603],"class_list":{"0":"post-225671","1":"post","2":"type-post","3":"status-publish","4":"format-standard","5":"has-post-thumbnail","7":"category-entretenimiento","8":"tag-entertainment","9":"tag-entretenimiento","10":"tag-es","11":"tag-espana","12":"tag-henry-cavill","13":"tag-liam-hemsworth","14":"tag-netflix","15":"tag-spain","16":"tag-the-witcher"},"share_on_mastodon":{"url":"https:\/\/pubeurope.com\/@es\/115516051704065425","error":""},"_links":{"self":[{"href":"https:\/\/www.europesays.com\/es\/wp-json\/wp\/v2\/posts\/225671","targetHints":{"allow":["GET"]}}],"collection":[{"href":"https:\/\/www.europesays.com\/es\/wp-json\/wp\/v2\/posts"}],"about":[{"href":"https:\/\/www.europesays.com\/es\/wp-json\/wp\/v2\/types\/post"}],"author":[{"embeddable":true,"href":"https:\/\/www.europesays.com\/es\/wp-json\/wp\/v2\/users\/2"}],"replies":[{"embeddable":true,"href":"https:\/\/www.europesays.com\/es\/wp-json\/wp\/v2\/comments?post=225671"}],"version-history":[{"count":0,"href":"https:\/\/www.europesays.com\/es\/wp-json\/wp\/v2\/posts\/225671\/revisions"}],"wp:featuredmedia":[{"embeddable":true,"href":"https:\/\/www.europesays.com\/es\/wp-json\/wp\/v2\/media\/225672"}],"wp:attachment":[{"href":"https:\/\/www.europesays.com\/es\/wp-json\/wp\/v2\/media?parent=225671"}],"wp:term":[{"taxonomy":"category","embeddable":true,"href":"https:\/\/www.europesays.com\/es\/wp-json\/wp\/v2\/categories?post=225671"},{"taxonomy":"post_tag","embeddable":true,"href":"https:\/\/www.europesays.com\/es\/wp-json\/wp\/v2\/tags?post=225671"}],"curies":[{"name":"wp","href":"https:\/\/api.w.org\/{rel}","templated":true}]}}