{"id":225681,"date":"2025-11-08T20:54:23","date_gmt":"2025-11-08T20:54:23","guid":{"rendered":"https:\/\/www.europesays.com\/es\/225681\/"},"modified":"2025-11-08T20:54:23","modified_gmt":"2025-11-08T20:54:23","slug":"cronologia-de-la-causa-judicial-abierta-al-hermano-de-pedro-sanchez","status":"publish","type":"post","link":"https:\/\/www.europesays.com\/es\/225681\/","title":{"rendered":"cronolog\u00eda de la causa judicial abierta al hermano de Pedro S\u00e1nchez"},"content":{"rendered":"<p class=\"c-paragraph\">Desde que en la Diputaci\u00f3n de Badajoz se barajara la <b>creaci\u00f3n del puesto de coordinador de los conservatorios de m\u00fasica,<\/b> cargo que fue ocupado por David S\u00e1nchez, hermano del presidente del Gobierno, hasta el auto que fija el inicio del juicio, <b>han pasado nueve a\u00f1os<\/b>, un periodo de tiempo objeto de un informe de la UCO, declaraciones, centenares de correos electr\u00f3nicos intervenidos y decenas de recursos.\u00a0 Esta es la cronolog\u00eda:<\/p>\n<p class=\"c-paragraph\">El 8 de octubre de 2016 fue el d\u00eda que se propuso l<b>a creaci\u00f3n de un puesto de alta direcci\u00f3n en el seno del Conservatorio Superior de M\u00fasica<\/b> que se cataloga como \u00abgestor\u00bb y se clasifica como \u00abjefe de servicio\u00bb.\u00a0<\/p>\n<p class=\"c-paragraph\">Tres d\u00edas despu\u00e9s, el director de uno de los conservatorios, Evaristo Valent\u00ed, le dice a su hom\u00f3loga de otra agrupaci\u00f3n musical Yolanda S\u00e1nchez que <b>\u00abese puesto iba a ser creado para una persona determinada y que esa persona era David S\u00e1nchez\u00bb.<\/b>\u00a0<\/p>\n<p class=\"c-paragraph\">A finales de octubre, el d\u00eda 26, la Comisi\u00f3n T\u00e9cnica de Puestos de Trabajo acuerda la creaci\u00f3n del citado puesto. Ese mismo d\u00eda ya <b>un delegado de CSIF eleva dudas sobre el citado puesto.\u00a0<\/b><\/p>\n<p class=\"c-paragraph\">La directora del \u00c1rea de Recursos Humanos, Juana Cinta, tambi\u00e9n investigada, envi\u00f3 el 3 de mayo de 2017 un correo a Gallardo donde detalla los plazos m\u00ednimos entre la convocatoria de un puesto directivo -el de coordinador- hasta la toma de posesi\u00f3n.\u00a0Gallardo le contesta: \u00ab<b>estupendo<\/b>\u00ab.\u00a0Solo unos d\u00edas despu\u00e9s, el 19 de mayo, se publican las bases para el puesto.\u00a0<\/p>\n<p class=\"c-paragraph\">Valent\u00ed le remite en un correo a Yolanda S\u00e1nchez un enlace a las bases de la convocatoria<b> con el asunto \u00abel herman\u00edsimo\u00bb.<\/b><\/p>\n<p class=\"c-paragraph\">El 26 de junio de 2017 la Comisi\u00f3n Asesora para la provisi\u00f3n del puesto procede a<b> fijar los criterios de valoraci\u00f3n de los curr\u00edculos<\/b> presentados -11 en total-, otorgando mayor puntuaci\u00f3n a los que sab\u00edan que concurr\u00edan en David S\u00e1nchez, por lo que este obtuvo un total de 90 puntos\u00bb, seg\u00fan relata la juez.\u00a0S\u00e1nchez env\u00eda un mensaje al propietario de una vivienda en el que se interesa por un alojamiento estable en Badajoz.\u00a0<\/p>\n<p class=\"c-paragraph\">La citada Comisi\u00f3n se re\u00fane nuevamente un d\u00eda despu\u00e9s, el 27 de junio,\u00a0para las<b> entrevistas a los aspirantes<\/b> -en ese momento ya solo quedan seis- y se eleva \u00ab<b>la propuesta de contrataci\u00f3n, en r\u00e9gimen laboral de alta direcci\u00f3n, a David S\u00e1nchez<\/b>\u00ab.\u00a0El 30 de junio Gallardo resuelve aceptar la propuesta y dispone dicha contrataci\u00f3n.\u00a0<b>El contrato lo firma David S\u00e1nchez el d\u00eda 10 de julio de 2017.\u00a0<\/b><\/p>\n<p class=\"c-paragraph\">Cinco a\u00f1os despu\u00e9s, en octubre de 2022, a ra\u00edz de algunas<b> cr\u00edticas internas a la labor de S\u00e1nchez,<\/b> la UCO detecta correos donde se habla de modificar el puesto de trabajo de \u00abcoordinador\u00bb a \u00abjefe de la Oficina de Artes Esc\u00e9nicas\u00bb.\u00a0<\/p>\n<p class=\"c-paragraph\">El d\u00eda 19 de octubre de 2023 es la fecha de la propuesta de modificar la Relaci\u00f3n de Puestos de Trabajo de la Diputaci\u00f3n para<b> crear la secci\u00f3n de &#8216;Coordinaci\u00f3n de Centros y Programas de Actividades Transfronterizas\u00bb,<\/b> cuya jefatura recay\u00f3 en Luis Mar\u00eda Carrero.\u00a0<\/p>\n<p class=\"c-paragraph\">Un mes despu\u00e9s, el 27 de noviembre, Luis Carrero, que manten\u00eda amistad con David S\u00e1nchez y al que se dirige como \u00abhermanito\u00bb, remite por correo su solicitud de participaci\u00f3n en el proceso.<b> Es el \u00fanico aspirante.<\/b><\/p>\n<p class=\"c-paragraph\">En junio del a\u00f1o siguiente, la titular del Juzgado de Badajoz 3, Beatriz Biedma, abre diligencias a ra\u00edz de <b>una denuncia de Manos Limpias.\u00a0<\/b><\/p>\n<p class=\"c-paragraph\">La UCO se persona el 10 de julio en la Diputaci\u00f3n de Badajoz para recabar <b>documentos y correos electr\u00f3nicos.<\/b><\/p>\n<p>S\u00e1nchez dimite del cargo<\/p>\n<p class=\"c-paragraph\">El 9 de enero de este a\u00f1o<b> S\u00e1nchez y Gallardo prestan declaraci\u00f3n en el juzgado.<\/b> Casi un mes despu\u00e9s, el 5 de febrero, David S\u00e1nchez dimite de su cargo y veinte d\u00edas despu\u00e9s presta nuevamente declaraci\u00f3n.\u00a0<\/p>\n<p class=\"c-paragraph\">Es en abril cuando la jueza dicta auto de procesamiento y el 14 de mayo cuando <b>la acusaci\u00f3n popular pide tres a\u00f1os de prisi\u00f3n por los delitos<\/b> de de tr\u00e1fico de influencias y prevaricaci\u00f3n. Al d\u00eda siguiente la Fiscal\u00eda pide archivar la causa. No ve indicios de criminalidad.\u00a0<\/p>\n<p class=\"c-paragraph\">La defensa del hermano de Pedro S\u00e1nchez pide el 16 de mayo el <b>sobreseimiento de la causa <\/b>al considerar que el proceso ha tenido \u00abcar\u00e1cter pol\u00edtico, instrumental y teleol\u00f3gico\u00bb.\u00a0<\/p>\n<p class=\"c-paragraph\">Otro de los hitos del proceso es que el 21 de mayo <b><a href=\"https:\/\/www.20minutos.es\/extremadura\/psoe-extremeno-propone-gallardo-como-candidato-pese-estar-imputado-causa-contra-hermano-pedro-sanchez_6662042_0.html\" rel=\"nofollow noopener\" target=\"_blank\">Gallardo es designado diputado auton\u00f3mico<\/a> <\/b>tras la renuncia de una diputada al acta y de varios compa\u00f1eros de partido a tomarla en su lugar. Al d\u00eda siguiente la jueza instructora dicta auto de <b>apertura de juicio oral y <a href=\"https:\/\/www.20minutos.es\/extremadura\/abogado-hermano-pedro-sanchez-solicita-su-absolucion-nulidad-los-correos-intervenidos-por-uco_6664528_0.html\" rel=\"nofollow noopener\" target=\"_blank\">rechaza rechaza los recursos de la Fiscal\u00eda y de los investigados<\/a><\/b> contra el procesamiento, si bien remite los de apelaci\u00f3n a la Audiencia de Badajoz.\u00a0<\/p>\n<p class=\"c-paragraph\">El 30 de mayo Gallardo deja la Presidencia de la Diputaci\u00f3n. La jueza ve <b>\u00abfraude de ley\u00bb en el aforamiento de Gallardo<\/b> por ser diputado en junio. Veinte d\u00edas despu\u00e9s, el Tribunal Superior de Justicia de Extremadura <b>n<a href=\"https:\/\/www.20minutos.es\/noticia\/5726693\/0\/tsj-extremadura-no-asumira-causa-contra-david-sanchez-censura-aforamiento-expres-gallardo\/\" rel=\"nofollow noopener\" target=\"_blank\">o reconoce el aforamiento<\/a> <\/b>y, por tanto, la causa se mantiene en el juzgado de instrucci\u00f3n. &#8211; Finalmente el 23 de septiembre de este a\u00f1o la Audiencia rechaza los recursos y el 5 de octubre la jueza cierra la instrucci\u00f3n. El <b><a href=\"https:\/\/www.20minutos.es\/nacional\/audiencia-badajoz-juzgara-hermano-sanchez-gallardo-entre-9-14-febrero_6821298_0.html\" rel=\"nofollow noopener\" target=\"_blank\">juicio ha quedado fijado del 9 al 14 de febrero<\/a> <\/b>del a\u00f1o que viene.<\/p>\n","protected":false},"excerpt":{"rendered":"Desde que en la Diputaci\u00f3n de Badajoz se barajara la creaci\u00f3n del puesto de coordinador de los conservatorios&hellip;\n","protected":false},"author":2,"featured_media":225682,"comment_status":"","ping_status":"","sticky":false,"template":"","format":"standard","meta":{"footnotes":""},"categories":[5],"tags":[988,17,18,19878,25,24,13,14,11,19,20,9,10,15,16,6983,531,59605,23,12,21,22],"class_list":{"0":"post-225681","1":"post","2":"type-post","3":"status-publish","4":"format-standard","5":"has-post-thumbnail","7":"category-titulares","8":"tag-anos","9":"tag-breaking-news","10":"tag-breakingnews","11":"tag-decenas","12":"tag-es","13":"tag-espana","14":"tag-featured-news","15":"tag-featurednews","16":"tag-headlines","17":"tag-latest-news","18":"tag-latestnews","19":"tag-news","20":"tag-noticias","21":"tag-noticias-destacadas","22":"tag-noticiasdestacadas","23":"tag-nueve","24":"tag-once","25":"tag-procesados","26":"tag-spain","27":"tag-titulares","28":"tag-ultimas-noticias","29":"tag-ultimasnoticias"},"share_on_mastodon":{"url":"https:\/\/pubeurope.com\/@es\/115516071145336051","error":""},"_links":{"self":[{"href":"https:\/\/www.europesays.com\/es\/wp-json\/wp\/v2\/posts\/225681","targetHints":{"allow":["GET"]}}],"collection":[{"href":"https:\/\/www.europesays.com\/es\/wp-json\/wp\/v2\/posts"}],"about":[{"href":"https:\/\/www.europesays.com\/es\/wp-json\/wp\/v2\/types\/post"}],"author":[{"embeddable":true,"href":"https:\/\/www.europesays.com\/es\/wp-json\/wp\/v2\/users\/2"}],"replies":[{"embeddable":true,"href":"https:\/\/www.europesays.com\/es\/wp-json\/wp\/v2\/comments?post=225681"}],"version-history":[{"count":0,"href":"https:\/\/www.europesays.com\/es\/wp-json\/wp\/v2\/posts\/225681\/revisions"}],"wp:featuredmedia":[{"embeddable":true,"href":"https:\/\/www.europesays.com\/es\/wp-json\/wp\/v2\/media\/225682"}],"wp:attachment":[{"href":"https:\/\/www.europesays.com\/es\/wp-json\/wp\/v2\/media?parent=225681"}],"wp:term":[{"taxonomy":"category","embeddable":true,"href":"https:\/\/www.europesays.com\/es\/wp-json\/wp\/v2\/categories?post=225681"},{"taxonomy":"post_tag","embeddable":true,"href":"https:\/\/www.europesays.com\/es\/wp-json\/wp\/v2\/tags?post=225681"}],"curies":[{"name":"wp","href":"https:\/\/api.w.org\/{rel}","templated":true}]}}