{"id":225692,"date":"2025-11-08T21:09:29","date_gmt":"2025-11-08T21:09:29","guid":{"rendered":"https:\/\/www.europesays.com\/es\/225692\/"},"modified":"2025-11-08T21:09:29","modified_gmt":"2025-11-08T21:09:29","slug":"el-ceo-de-warner-ya-ha-leido-the-batman-2-y-habla-sin-tapujos-de-la-esperada-secuela-entendemos-la-expectacion-de-dc-vandal","status":"publish","type":"post","link":"https:\/\/www.europesays.com\/es\/225692\/","title":{"rendered":"El CEO de Warner ya ha le\u00eddo &#039;The Batman 2&#039; y habla sin tapujos de la esperada secuela: entendemos la expectaci\u00f3n de DC &#8211; Vandal"},"content":{"rendered":"<ol>\n<li><a href=\"https:\/\/news.google.com\/rss\/articles\/CBMi5AFBVV95cUxQdy1ycFNCbXJaOTRKMXVib2c2a1QxVFR2S1NLUHljaC1KcjZQZWJPckxSS0RHSkFLWnZSaTFzZ3NaUkxXeXAzSEJuQ0ZuWGpBZ3ZxcTIyb0x5X2xxZmlrdmtzU2o3N3JQX1V4aExjcmJLMV81QUQ5NFd4ajJuVzQ2SXNEbmN2cGRZYVBlX29SSlJWSE0xa1hTZmRRX2dERy1yR2wzUTZMVVQ0b19JVlhCMnlUeHctRGpHVkJycXpQZWVsbHMtYktIYllWY0Z4dVFrT0NNTm5jTTFsSFZ1TXNocWhGT1bSAeoBQVVfeXFMUFhvUTNMMEdqTzdodTgxUEs3WEtiZmMtVWMzNFgxQThoTlBrVUIzM3hkbXduemdJX0FrOVNSbXJrN2Q4X3BoVmVMbXJ5T0hCeFYzWlJGX1R0YkUxcG9reDZfN01oNkMtRWNydkJKLWhFaXRLVkp0dldaOVNNaE9vRmZwZlZWYi1IcUVrZ2RiNVFRNG5WLXlzOF83YTFzamRheEc5Vk1KZnRWMS1Od0N5QWR3MTB6QnNpWTBNaWMxcWJTcUk0TzZ4SE5WSG94RlhTWjkyblp3QXZNUWNjLURZNnhRekEtYUtfUDFR?oc=5\" target=\"_blank\" rel=\"nofollow noopener\">El CEO de Warner ya ha le\u00eddo &#8216;The Batman 2&#8217; y habla sin tapujos de la esperada secuela: entendemos la expectaci\u00f3n de DC<\/a>&nbsp;&nbsp;Vandal<\/li>\n<li><a href=\"https:\/\/news.google.com\/rss\/articles\/CBMi9AFBVV95cUxONmw1UmpiYW1TLW82WmZ5R0MzU2ljM3FybjhGMTE3a1BSNlRxc0ZVS2FSWUpDdWI2S1FmY1NnWEc4dlZyUGZzXzdmb1BaSnFuZTgyTGM3ZUtPdjQyeE9YdEhyZDVtRnFLTXk2elhrUjI0V1h3T3pZRE1mTDhFblRrOHhZckROb0ZhZkVpUjNPR1RHejlieUJrYkwtSE93dFNlZjNfYWZxbGpKMC00Wi1MOVE4NV85aGNSRU9zek5neGNuNk5tV2RCQnpNWkZjc0hqMlRYMFQzOW5mX2pqSGFxOXpZa0N4eEcxZnlMdjU5cUtiRkc30gGPAkFVX3lxTE1UNVVzZHVQaTl1TzdrMWlYbXdWaE5odk9oSU4tU2pwZDJzNmlDMC1VZ2FoWlpjME1BS1MtUmdRSVk0WkM0d3FMR3VNSmZJOE5UTnBGQU1vc2gwdS1PLUthNnRxeDBMOFN3S2dTUHFTRzl6R2lSMVByMmw2VVd4MXEtQnhhU282WE83QnJIUTloYjFld3E4WmN3b1R2NHd5Y2FNaU9MZ2ZOREJuX3FlSkctNmU0SFdleGdIeldzMTJ4aU9TSHFidUtuZmlXSjU0Nkt6WjJ2Rzh2TW0wV1REQ1FrWWh4NXA0SXREX0Y3LWRwTkN4S1plR0pEVXgzaWlaTU1hdVFqdW5HX0hMY1FwWlE?oc=5\" target=\"_blank\" rel=\"nofollow noopener\">\u2018The Batman: Part II\u2019 comenzar\u00e1 su rodaje el pr\u00f3ximo a\u00f1o con Robert Pattinson de regreso como el Caballero Oscuro<\/a>&nbsp;&nbsp;Infobae<\/li>\n<li><a href=\"https:\/\/news.google.com\/rss\/articles\/CBMiiwFBVV95cUxQNjhWdHpETHFwZTN0SnE0QXI1RGxOYnltWmc3enAwT1E2TllaWFFSLWo1TWJ2S2dabkphSERET2E3SVM2N0UwYzlCRmtzUG44UkVGa1JxZkMzemRWWVFidGZ5cDBPV1dsNkJiM01CbzlOaXBmOVl3Y1B2dnQyRW1wRmVPY3BRakdtYlFr?oc=5\" target=\"_blank\" rel=\"nofollow noopener\">CEO de Warner Bros. Discovery elogia \u2018The Batman: Part II\u2019 y dice que es incre\u00edble<\/a>&nbsp;&nbsp;Yahoo en Espa\u00f1ol Vida y Estilo<\/li>\n<\/ol>\n","protected":false},"excerpt":{"rendered":"El CEO de Warner ya ha le\u00eddo &#8216;The Batman 2&#8217; y habla sin tapujos de la esperada secuela:&hellip;\n","protected":false},"author":2,"featured_media":225693,"comment_status":"","ping_status":"","sticky":false,"template":"","format":"standard","meta":{"footnotes":""},"categories":[169],"tags":[177,146,147,25,24,2065,176,175,23],"class_list":{"0":"post-225692","1":"post","2":"type-post","3":"status-publish","4":"format-standard","5":"has-post-thumbnail","7":"category-cine","8":"tag-cine","9":"tag-entertainment","10":"tag-entretenimiento","11":"tag-es","12":"tag-espana","13":"tag-faltan-tags","14":"tag-film","15":"tag-movies","16":"tag-spain"},"share_on_mastodon":{"url":"https:\/\/pubeurope.com\/@es\/115516130269507386","error":""},"_links":{"self":[{"href":"https:\/\/www.europesays.com\/es\/wp-json\/wp\/v2\/posts\/225692","targetHints":{"allow":["GET"]}}],"collection":[{"href":"https:\/\/www.europesays.com\/es\/wp-json\/wp\/v2\/posts"}],"about":[{"href":"https:\/\/www.europesays.com\/es\/wp-json\/wp\/v2\/types\/post"}],"author":[{"embeddable":true,"href":"https:\/\/www.europesays.com\/es\/wp-json\/wp\/v2\/users\/2"}],"replies":[{"embeddable":true,"href":"https:\/\/www.europesays.com\/es\/wp-json\/wp\/v2\/comments?post=225692"}],"version-history":[{"count":0,"href":"https:\/\/www.europesays.com\/es\/wp-json\/wp\/v2\/posts\/225692\/revisions"}],"wp:featuredmedia":[{"embeddable":true,"href":"https:\/\/www.europesays.com\/es\/wp-json\/wp\/v2\/media\/225693"}],"wp:attachment":[{"href":"https:\/\/www.europesays.com\/es\/wp-json\/wp\/v2\/media?parent=225692"}],"wp:term":[{"taxonomy":"category","embeddable":true,"href":"https:\/\/www.europesays.com\/es\/wp-json\/wp\/v2\/categories?post=225692"},{"taxonomy":"post_tag","embeddable":true,"href":"https:\/\/www.europesays.com\/es\/wp-json\/wp\/v2\/tags?post=225692"}],"curies":[{"name":"wp","href":"https:\/\/api.w.org\/{rel}","templated":true}]}}