{"id":225737,"date":"2025-11-08T21:54:07","date_gmt":"2025-11-08T21:54:07","guid":{"rendered":"https:\/\/www.europesays.com\/es\/225737\/"},"modified":"2025-11-08T21:54:07","modified_gmt":"2025-11-08T21:54:07","slug":"todas-las-de-la-ley-por-que-la-serie-con-peores-criticas-de-la-temporada-es-tambien-una-de-las-mas-relevantes-el-mundo","status":"publish","type":"post","link":"https:\/\/www.europesays.com\/es\/225737\/","title":{"rendered":"Todas las de la ley: por qu\u00e9 la serie con peores cr\u00edticas de la temporada es tambi\u00e9n una de las m\u00e1s relevantes &#8211; El Mundo"},"content":{"rendered":"<ol>\n<li><a href=\"https:\/\/news.google.com\/rss\/articles\/CBMie0FVX3lxTFBFZktRVi1UNVRVSmhWdllwa0NwZnpiV2djbTJCMFFVQXNadHBJS2dQekd5MXhER051Y1hrTk1zdXBfYmJ4TVNaWF8xbGdvOUJyeEZDanNDRlRUZnlKWEZjd0tOZHZpaF80QTk0elRxczUxb3dzNGtEbGhRONIBe0FVX3lxTE1KeV9QSEJwSmpCN2xLbmRiWC01Vmo1RzRNWEFrMlZpZ0RHQ24zSExNSHVSd1ZZdldWWEJXcTF1TDRNaHQyaFpjS0JTS2pveHJEWEZGU0ZYZGplN3h0NkRZV2lvZnlqRmpUdkw1LWdkS2tCOG9NUTdTY0JpWQ?oc=5\" target=\"_blank\" rel=\"nofollow noopener\">Todas las de la ley: por qu\u00e9 la serie con peores cr\u00edticas de la temporada es tambi\u00e9n una de las m\u00e1s relevantes<\/a>&nbsp;&nbsp;El Mundo<\/li>\n<li><a href=\"https:\/\/news.google.com\/rss\/articles\/CBMiW0FVX3lxTE9aT1FYQzNhdGNJb3JnUldHTjM4SXltbGFvUHkwMXBnXzNFbkliOTRNNC04YzBjSHc5cy01T0YxNDc3QXB5UmktRFI5bUFrV0FPN1BYUDkya0VpU3c?oc=5\" target=\"_blank\" rel=\"nofollow noopener\">\u00bfEs realmente la nueva serie de Kim Kardashian la peor de todos los tiempos como dicen algunos cr\u00edticos?<\/a>&nbsp;&nbsp;BBC<\/li>\n<li><a href=\"https:\/\/news.google.com\/rss\/articles\/CBMi4wFBVV95cUxNMTcyS1NJa20tV0trQ1RQelRSZlJpVmpHMFNaMXd0Ylg4UEg2cUItVWtidXBZSi1rSnRjUnl3dDJiNU5BNmUweHk2UFdxajBxZXFZRHFlbW03ZFV4VnM1ZHFuUFVkMWxnMmdPTUFRYVlJdlhCSFZOT3RFazV4emd3aDlxNU90UllHTTZ0RndCVUJxa2pRa2ZySUpKNGhMdm82aUdxNVZnVTZjbUhvZGdHbExyUml6WjFYM1EzRkNnMFp4OUlQYWx6bndzOVU4N0IyOE55NzZBeUFJc3FUV3k4eGtWc9IB9wFBVV95cUxNbDFoQmdOQTF2ckVBUWR6UEhiNV8ta1RrZld0cXFiMnJuVmhGMGxfTTZpMGM1NXgzU2ZJaTduT0YwREQ0dk5fOHF0eThTU21Lb09CQjdTRXNmR2NqekNDenZXM3g4UkNuYmM2dnNTV3pZdEJwOE5rcERpdmxFdHhPMHRsYVhqRXpWQkdsa2RILTZmYjdYaEE4S0JtNlZDbV9sVk5WR3JxLTlhc1psMEQxUG1kSnlHMEo4UDl6X2VIeXBicmU1eFZjZHE0V3RNZlZtcXNqdVlOUWdhUnBXcUNDSnNvZEdiQUdHR1h2VDhwQWdNamVheFdz?oc=5\" target=\"_blank\" rel=\"nofollow noopener\">Kim Kardashian estalla en redes sociales contra las duras cr\u00edticas recibidas por su nueva serie<\/a>&nbsp;&nbsp;Cadena SER<\/li>\n<li><a href=\"https:\/\/news.google.com\/rss\/articles\/CBMibkFVX3lxTE1hd1NxVDdrejRpaE5fRS14RXNQLWlpOTBIenRpRDdMOFFHTTJGMGZPN3VoUmU4OHVKOV80alplWHNOS2xmQnhpZGdrTnd4SFhKUThMZktCQnhJQU5wVjk5aHJfSzYwTnJMYjVjNjdn0gFzQVVfeXFMTnRLRmhLN205M0ZFUS1hVW1aeVpHOW4yaUpvWnNaT0M1RGdiNDhrNGpNWU14TWNYcmRlWG04bHd4Tkd5TU1iUGdKX2NMLWZPVVFPQzduVVNCWWVBWkExbUFuSGVjaGxPVklEa3BMSmlXajE5SQ?oc=5\" target=\"_blank\" rel=\"nofollow noopener\">Este creador tiene series de sobresaliente, pero su \u00faltimo estreno ha sacado un sorprendente 6%<\/a>&nbsp;&nbsp;SensaCine<\/li>\n<li><a href=\"https:\/\/news.google.com\/rss\/articles\/CBMiZ0FVX3lxTFBwSi1GZUZ6RmJmZGdReG5ZcXhxT1diMGR6VTRlVE92REJrTktycVJEZkhudzRBbnlsY3N2ekdKcFc3RXBEVVBsMlpKNWl4NF8wdHZVRkVpQjR1SVFpUXNTdUE0bWdiWEk?oc=5\" target=\"_blank\" rel=\"nofollow noopener\">La peor serie que puede ver<\/a>&nbsp;&nbsp;Diari ARA<\/li>\n<\/ol>\n","protected":false},"excerpt":{"rendered":"Todas las de la ley: por qu\u00e9 la serie con peores cr\u00edticas de la temporada es tambi\u00e9n una&hellip;\n","protected":false},"author":2,"featured_media":225738,"comment_status":"","ping_status":"","sticky":false,"template":"","format":"standard","meta":{"footnotes":""},"categories":[171],"tags":[49526,209,146,147,25,24,805,23,214],"class_list":{"0":"post-225737","1":"post","2":"type-post","3":"status-publish","4":"format-standard","5":"has-post-thumbnail","7":"category-tv","8":"tag-asesino-en-serie","9":"tag-cultura","10":"tag-entertainment","11":"tag-entretenimiento","12":"tag-es","13":"tag-espana","14":"tag-series","15":"tag-spain","16":"tag-tv"},"share_on_mastodon":{"url":"https:\/\/pubeurope.com\/@es\/115516307151142733","error":""},"_links":{"self":[{"href":"https:\/\/www.europesays.com\/es\/wp-json\/wp\/v2\/posts\/225737","targetHints":{"allow":["GET"]}}],"collection":[{"href":"https:\/\/www.europesays.com\/es\/wp-json\/wp\/v2\/posts"}],"about":[{"href":"https:\/\/www.europesays.com\/es\/wp-json\/wp\/v2\/types\/post"}],"author":[{"embeddable":true,"href":"https:\/\/www.europesays.com\/es\/wp-json\/wp\/v2\/users\/2"}],"replies":[{"embeddable":true,"href":"https:\/\/www.europesays.com\/es\/wp-json\/wp\/v2\/comments?post=225737"}],"version-history":[{"count":0,"href":"https:\/\/www.europesays.com\/es\/wp-json\/wp\/v2\/posts\/225737\/revisions"}],"wp:featuredmedia":[{"embeddable":true,"href":"https:\/\/www.europesays.com\/es\/wp-json\/wp\/v2\/media\/225738"}],"wp:attachment":[{"href":"https:\/\/www.europesays.com\/es\/wp-json\/wp\/v2\/media?parent=225737"}],"wp:term":[{"taxonomy":"category","embeddable":true,"href":"https:\/\/www.europesays.com\/es\/wp-json\/wp\/v2\/categories?post=225737"},{"taxonomy":"post_tag","embeddable":true,"href":"https:\/\/www.europesays.com\/es\/wp-json\/wp\/v2\/tags?post=225737"}],"curies":[{"name":"wp","href":"https:\/\/api.w.org\/{rel}","templated":true}]}}