{"id":225760,"date":"2025-11-08T22:14:08","date_gmt":"2025-11-08T22:14:08","guid":{"rendered":"https:\/\/www.europesays.com\/es\/225760\/"},"modified":"2025-11-08T22:14:08","modified_gmt":"2025-11-08T22:14:08","slug":"la-conocida-cancion-que-joaquin-sabina-vuelve-a-dedicar-a-inaki-lopez-y-andrea-ropero-en-su-adios-a-bilbao","status":"publish","type":"post","link":"https:\/\/www.europesays.com\/es\/225760\/","title":{"rendered":"La conocida canci\u00f3n que Joaqu\u00edn Sabina vuelve a dedicar a I\u00f1aki L\u00f3pez y Andrea Ropero en su adi\u00f3s a Bilbao"},"content":{"rendered":"<p class=\"v-mdl-ath__p v-mdl-ath__p--6\">\nS\u00e1bado, 8 de noviembre 2025, 17:36<\/p>\n<p>| Actualizado 18:08h.<\/p>\n<p class=\"v-p\">No pod\u00eda faltar ese gesto de cari\u00f1o de Joaqu\u00edn Sabina a dos buenos amigos en su despedida de Bilbao. El cantautor volvi\u00f3 a dedicar a I\u00f1aki L\u00f3pez y Andrea Ropero una de sus canciones m\u00e1s conocidas, &#8216;Calle Melancol\u00eda&#8217;, un gui\u00f1o que ya hab\u00eda protagonizado en conciertos pasados, como el del pasado mes de junio en Madrid. Esta vez fue especial. Era su \u00faltima vez en la capital vizca\u00edna y tan solo le queda una \u00faltima cu\u00e1druple parada en la capital espa\u00f1ola para colgar definitivamente el sombrero. <\/p>\n<p class=\"v-p\">\u00abEn el repertorio toca abrir el ba\u00fal de las canciones antiguas, de las canciones casi olvidadas, casi apolilladas&#8230; decid\u00ed que hab\u00eda por lo menos un par de ellas que merec\u00edan que las cantara una \u00faltima vez\u00bb, reflexionaba sobre el escenario del BEC. <\/p>\n<p class=\"v-p\">El tema es \u00abel segundo que escrib\u00ed en mi vida\u00bb, explicaba el m\u00fasico. \u00abPor eso la quiero dedicar a gente querida que tengo por ah\u00ed. A Andrea (Ropero) e I\u00f1aki (L\u00f3pez)&#8230; y al grupo de cholas que viene de Madrid siempre a verme\u00bb, terminaba antes de comenzar a cantar. <\/p>\n<p class=\"v-p\">Ropero aprovech\u00f3 para devolverle el cari\u00f1o a trav\u00e9s de su cuenta de Instagram. \u00ab&#8217;Calle Melancol\u00eda&#8217;. Siempre me acompa\u00f1ar\u00e1. \ufe0fGRACIAS, querido Joaqu\u00edn Sabina, por esta preciosa dedicatoria en Bilbao. Qu\u00e9 noche, qu\u00e9 concierto, qu\u00e9 magia\u2026.qu\u00e9 todo. Afortunada es poco. Inmensos. Os vamos a echar mucho de menos\u00bb, agradec\u00eda. <\/p>\n<p class=\"v-p\">La devoci\u00f3n de la pareja hacia el cantante se ha transformado en amistad. L\u00f3pez dirigi\u00f3 en 2020 el documental &#8216;Pongamos que hablo de Sabina&#8217;, una propuesta con la que ahondaba en su vida personal y profesional mediante entrevistas personales. <\/p>\n<p>Reporta un error<\/p>\n","protected":false},"excerpt":{"rendered":"S\u00e1bado, 8 de noviembre 2025, 17:36 | Actualizado 18:08h. No pod\u00eda faltar ese gesto de cari\u00f1o de Joaqu\u00edn&hellip;\n","protected":false},"author":2,"featured_media":225761,"comment_status":"","ping_status":"","sticky":false,"template":"","format":"standard","meta":{"footnotes":""},"categories":[174],"tags":[6831,8466,2601,15350,255,6599,45950,146,147,25,24,256,6616,8488,7355,59614,59613,23],"class_list":{"0":"post-225760","1":"post","2":"type-post","3":"status-publish","4":"format-standard","5":"has-post-thumbnail","7":"category-famosos","8":"tag-adios","9":"tag-andrea","10":"tag-bilbao","11":"tag-cancion","12":"tag-celebrities","13":"tag-conocida","14":"tag-dedico","15":"tag-entertainment","16":"tag-entretenimiento","17":"tag-es","18":"tag-espana","19":"tag-famosos","20":"tag-inaki","21":"tag-joaquin","22":"tag-lopez","23":"tag-ropero","24":"tag-sabina","25":"tag-spain"},"share_on_mastodon":{"url":"https:\/\/pubeurope.com\/@es\/115516385747054764","error":""},"_links":{"self":[{"href":"https:\/\/www.europesays.com\/es\/wp-json\/wp\/v2\/posts\/225760","targetHints":{"allow":["GET"]}}],"collection":[{"href":"https:\/\/www.europesays.com\/es\/wp-json\/wp\/v2\/posts"}],"about":[{"href":"https:\/\/www.europesays.com\/es\/wp-json\/wp\/v2\/types\/post"}],"author":[{"embeddable":true,"href":"https:\/\/www.europesays.com\/es\/wp-json\/wp\/v2\/users\/2"}],"replies":[{"embeddable":true,"href":"https:\/\/www.europesays.com\/es\/wp-json\/wp\/v2\/comments?post=225760"}],"version-history":[{"count":0,"href":"https:\/\/www.europesays.com\/es\/wp-json\/wp\/v2\/posts\/225760\/revisions"}],"wp:featuredmedia":[{"embeddable":true,"href":"https:\/\/www.europesays.com\/es\/wp-json\/wp\/v2\/media\/225761"}],"wp:attachment":[{"href":"https:\/\/www.europesays.com\/es\/wp-json\/wp\/v2\/media?parent=225760"}],"wp:term":[{"taxonomy":"category","embeddable":true,"href":"https:\/\/www.europesays.com\/es\/wp-json\/wp\/v2\/categories?post=225760"},{"taxonomy":"post_tag","embeddable":true,"href":"https:\/\/www.europesays.com\/es\/wp-json\/wp\/v2\/tags?post=225760"}],"curies":[{"name":"wp","href":"https:\/\/api.w.org\/{rel}","templated":true}]}}