{"id":225794,"date":"2025-11-08T22:42:10","date_gmt":"2025-11-08T22:42:10","guid":{"rendered":"https:\/\/www.europesays.com\/es\/225794\/"},"modified":"2025-11-08T22:42:10","modified_gmt":"2025-11-08T22:42:10","slug":"las-tragedias-de-john-travolta-y-el-orgullo-por-su-hija-ella-su-gran-apoyo-tras-la-desgracia","status":"publish","type":"post","link":"https:\/\/www.europesays.com\/es\/225794\/","title":{"rendered":"Las tragedias de John Travolta y el orgullo por su hija Ella, su gran apoyo tras la desgracia"},"content":{"rendered":"<p><a href=\"https:\/\/www.libertaddigital.com\/personajes\/john-travolta\/\" rel=\"nofollow noopener\" target=\"_blank\"><strong>John Travolta<\/strong><\/a> se convirti\u00f3 d\u00e9cadas atr\u00e1s en uno de los \u00eddolos juveniles en todo el mundo, merced a dos de sus primeras pel\u00edculas: \u00abFiebre de s\u00e1bado noche\u00bb y \u00abGrease\u00bb; notoriedad que mantuvo luego tambi\u00e9n con \u00abPulp Fiction\u00bb. Su filmograf\u00eda es amplia y diversa, lo que le ha deparado, adem\u00e1s de ser protagonista y productor, un amplio cr\u00e9dito en Hollywood, a pesar de que la cr\u00edtica no siempre ha alabado sus interpretaciones. Ajeno a estas, se ha labrado un s\u00f3lido patrimonio que le permite vivir sin preocupaciones econ\u00f3micas; entre otros caprichos, mantiene cinco aviones de su propiedad, pues su mayor pasi\u00f3n despu\u00e9s del cine es pilotarlos.<\/p>\n<p>En contraste con ese elevado nivel de vida y al reconocimiento de popularidad que mantiene todav\u00eda, <strong>el destino lo ha castigado con varias desgracias<\/strong>, de las que poco a poco ha conseguido salir a flote, no sin padecer depresiones y episodios dif\u00edciles, como la muerte de su esposa y de uno de sus tres hijos, en tr\u00e1gicas circunstancias.<\/p>\n<p>Transcurr\u00eda el a\u00f1o 2009 cuando, de vacaciones familiares en su residencia veraniega de las Bahamas, John Travolta y su esposa <strong>Kelly Preston<\/strong> asistieron a la muerte s\u00fabita de su hijo <strong>Jett<\/strong>, en presencia de sus otros dos hijos, <strong>Ella<\/strong> y <strong>Benjam\u00edn<\/strong>. Fue un drama para todos ellos. El finado padec\u00eda el s\u00edndrome de Kawasaki y no pudo sobrevivir.<\/p>\n<p>En 2018 sucedi\u00f3 otro dur\u00edsimo golpe para los Travolta cuando los m\u00e9dicos que trataban a la esposa del actor, la antes citada <strong>Kelly Preston<\/strong>, le diagnosticaron un c\u00e1ncer de mama. Sometida a un severo tratamiento, falleci\u00f3 dos a\u00f1os m\u00e1s tarde, en 2020. Si para John la desaparici\u00f3n de la mujer que tanto amaba le hizo sufrir desesperadamente, a su primog\u00e9nita <strong>Ella Bleu<\/strong> le ocurri\u00f3 otro tanto a sus dieciocho a\u00f1os, como ya a los nueve hab\u00eda llorado hasta la extenuaci\u00f3n la p\u00e9rdida de su hermano Jett, al que estaba muy unida. Esta jovencita parec\u00eda abonada al sufrimiento. En el colegio sufri\u00f3 el acoso de sus compa\u00f1eros, que la llamaban gorda, sin piedad con ella, que padec\u00eda s\u00edntomas de bulimia.<\/p>\n<p>John Travolta tuvo que ocuparse de Ella y del benjam\u00edn de la familia, que precisamente se llamaba Benjam\u00edn. Sumido en su fuerte creencia en la Cienciolog\u00eda, una secta religiosa de la que forma parte, siguiendo los pasos de su colega <strong>Tom Cruise<\/strong>, se preguntaba por qu\u00e9 a \u00e9l le hab\u00eda tocado vivir con tan mala fortuna.<\/p>\n<p><strong>Su hija Ella le ha permitido compartir a su lado muy gratos momentos<\/strong>. Acostumbrada a acompa\u00f1ar a sus padres en importantes eventos cinematogr\u00e1ficos, pisaba la alfombra roja de los \u00d3scar. De ah\u00ed a <strong>su debut como actriz cinematogr\u00e1fica, un paso<\/strong>. Lo hizo en 2009 con \u00abOld Dogs\u00bb. Y luego, en 2018 fue del brazo de su progenitor al Festival de Cannes donde \u00e9l presentaba su pel\u00edcula \u00abGotti\u00bb. Y junto a \u00e9l, comparti\u00f3 reparto un a\u00f1o m\u00e1s tarde en el filme \u00abPoison Rose\u00bb.<\/p>\n<p>La proyecci\u00f3n art\u00edstica de la joven Travolta ha ido creciendo, de lo que su padre se siente orgulloso, y as\u00ed lo ha manifestado \u00faltimamente, recordando que <strong>Ella<\/strong> ya no es una principiante. En 2021 protagoniz\u00f3 una nueva versi\u00f3n cinematogr\u00e1fica de \u00ab<strong>Alicia en el pa\u00eds de las maravillas<\/strong>\u00ab, titulada \u00abGet Lost\u00bb.<\/p>\n<p>Adem\u00e1s de su faceta como <strong>actriz<\/strong>, ha a\u00f1adido otra, la de <strong>cantante<\/strong>, am\u00e9n de que hace tiempo tambi\u00e9n se estren\u00f3 como modelo. Hace un par de a\u00f1os hizo su primera incursi\u00f3n discogr\u00e1fica, con un sencillo, \u00abDizzy\u00bb.<\/p>\n","protected":false},"excerpt":{"rendered":"John Travolta se convirti\u00f3 d\u00e9cadas atr\u00e1s en uno de los \u00eddolos juveniles en todo el mundo, merced a&hellip;\n","protected":false},"author":2,"featured_media":225795,"comment_status":"","ping_status":"","sticky":false,"template":"","format":"standard","meta":{"footnotes":""},"categories":[169],"tags":[177,146,147,25,24,176,29550,175,23],"class_list":{"0":"post-225794","1":"post","2":"type-post","3":"status-publish","4":"format-standard","5":"has-post-thumbnail","7":"category-cine","8":"tag-cine","9":"tag-entertainment","10":"tag-entretenimiento","11":"tag-es","12":"tag-espana","13":"tag-film","14":"tag-john-travolta","15":"tag-movies","16":"tag-spain"},"share_on_mastodon":{"url":"https:\/\/pubeurope.com\/@es\/115516495881444912","error":""},"_links":{"self":[{"href":"https:\/\/www.europesays.com\/es\/wp-json\/wp\/v2\/posts\/225794","targetHints":{"allow":["GET"]}}],"collection":[{"href":"https:\/\/www.europesays.com\/es\/wp-json\/wp\/v2\/posts"}],"about":[{"href":"https:\/\/www.europesays.com\/es\/wp-json\/wp\/v2\/types\/post"}],"author":[{"embeddable":true,"href":"https:\/\/www.europesays.com\/es\/wp-json\/wp\/v2\/users\/2"}],"replies":[{"embeddable":true,"href":"https:\/\/www.europesays.com\/es\/wp-json\/wp\/v2\/comments?post=225794"}],"version-history":[{"count":0,"href":"https:\/\/www.europesays.com\/es\/wp-json\/wp\/v2\/posts\/225794\/revisions"}],"wp:featuredmedia":[{"embeddable":true,"href":"https:\/\/www.europesays.com\/es\/wp-json\/wp\/v2\/media\/225795"}],"wp:attachment":[{"href":"https:\/\/www.europesays.com\/es\/wp-json\/wp\/v2\/media?parent=225794"}],"wp:term":[{"taxonomy":"category","embeddable":true,"href":"https:\/\/www.europesays.com\/es\/wp-json\/wp\/v2\/categories?post=225794"},{"taxonomy":"post_tag","embeddable":true,"href":"https:\/\/www.europesays.com\/es\/wp-json\/wp\/v2\/tags?post=225794"}],"curies":[{"name":"wp","href":"https:\/\/api.w.org\/{rel}","templated":true}]}}