{"id":225814,"date":"2025-11-08T22:59:11","date_gmt":"2025-11-08T22:59:11","guid":{"rendered":"https:\/\/www.europesays.com\/es\/225814\/"},"modified":"2025-11-08T22:59:11","modified_gmt":"2025-11-08T22:59:11","slug":"franculino-delantero-vigilado-por-el-betis-justifica-la-decision-de-manu-fajardo-con-cifras-espectaculares","status":"publish","type":"post","link":"https:\/\/www.europesays.com\/es\/225814\/","title":{"rendered":"Franculino, delantero vigilado por el Betis, justifica la decisi\u00f3n de Manu Fajardo con cifras espectaculares"},"content":{"rendered":"<p class=\"parrafo\"><strong>La direcci\u00f3n deportiva verdiblanca trat\u00f3 de reforzar la delantera hasta el \u00faltimo d\u00eda del pasado mercado<\/strong>, pero no se produjo ninguna salida en la vanguardia y finalmente la responsabilidad en la punta de lanza para esta temporada, al menos hasta enero, volv\u00eda a recaer en Cucho Hern\u00e1ndez y C\u00e9dric Bakambu.<\/p>\n<p class=\"parrafo\">As\u00ed, <strong>el &#8216;plan A&#8217; era Mateo Joseph<\/strong>, pero no se alcanz\u00f3 un acuerdo con el Leeds United y finalmente recal\u00f3 en el Mallorca por medio de una cesi\u00f3n simple, sin opci\u00f3n a compra. Obviamente, Manu Fajardo manej\u00f3 otros nombres, asegur\u00e1ndose sobre la bocina que pens\u00f3 en Sadiq, entre los que se encontraba como revel\u00f3 ESTADIO Deportivo, <strong>Franculino Dj\u00fa<\/strong>, delantero guineano de 21 a\u00f1os que milita en el Midtjylland dan\u00e9s y que el curso pasado ya llam\u00f3 la atenci\u00f3n con sus guarismos.<\/p>\n<p>Franculino atraviesa por un momento estelar que mantiene vivo el seguimiento del Betis<\/p>\n<p class=\"parrafo\">Un inter\u00e9s avalado por su proyecci\u00f3n, solo tiene 21 a\u00f1os, y <strong>un acierto goleador que ha confirmado en el presente curso y que se ha disparado en el \u00faltimo mes de competici\u00f3n<\/strong>. Ya esta redacci\u00f3n apunt\u00f3 su buen inicio de temporada con la punter\u00eda muy afinada, pero <strong>el estado de gracia actual del delantero rompe moldes y obviamente provoca que su nombre no se haya movido de la agenda de Fajardo<\/strong>, cuya decisi\u00f3n de subrayar su nombre ha justificado ya de sobra el ariete.<\/p>\n<p><a class=\"elementos-rel-t2\" href=\"https:\/\/www.estadiodeportivo.com\/futbol\/betis\/franculino-una-interesante-alternativa-mateo-joseph-20250727-505642.html\" title=\"Franculino, una interesante alternativa a Mateo Joseph\" rel=\"nofollow noopener\" target=\"_blank\">Franculino, una interesante alternativa a Mateo Joseph<img decoding=\"async\" src=\"https:\/\/www.europesays.com\/es\/wp-content\/uploads\/2025\/11\/eaeb33e0-a8e5-4167-a388-9e7a2c710ae8_320x180.jpeg\" alt=\"Franculino, una interesante alternativa a Mateo Joseph\"\/><\/a><a class=\"elementos-rel-t2\" href=\"https:\/\/www.estadiodeportivo.com\/futbol\/betis\/plan-del-betis-para-delantera-dispara-refuerza-interes-20250729-505840.html\" title=\"El &#039;plan B&#039; del Betis para la delantera se dispara y refuerza el inter\u00e9s\" rel=\"nofollow noopener\" target=\"_blank\">El &#8216;plan B&#8217; del Betis para la delantera se dispara y refuerza el inter\u00e9s<img decoding=\"async\" src=\"https:\/\/www.europesays.com\/es\/wp-content\/uploads\/2025\/11\/34548786-3d68-40b8-9953-8bc14d7b729d_320x180.jpeg\" alt=\"El 'plan B' del Betis para la delantera se dispara y refuerza el inter\u00e9s\"\/><\/a><a class=\"elementos-rel-t2\" href=\"https:\/\/www.estadiodeportivo.com\/futbol\/betis\/sigue-imparable-betis-guarda-nombre-para-delantera-20250908-511021.html\" title=\"Sigue imparable y el Betis guarda su nombre para la delantera \" rel=\"nofollow noopener\" target=\"_blank\">Sigue imparable y el Betis guarda su nombre para la delantera <img decoding=\"async\" src=\"https:\/\/www.europesays.com\/es\/wp-content\/uploads\/2025\/11\/f5ffe1ca-3ef6-4a02-bf49-9267ea946bcf_320x180.jpeg\" alt=\"Sigue imparable y el Betis guarda su nombre para la delantera \"\/><\/a><\/p>\n<p class=\"parrafo\">Y es que <strong>Franculino<\/strong>, antes del partido de ma\u00f1ana contra el Randers, <strong>ya suma 18 dianas en 25 partidos, 13 de ellas en las 13 jornadas disputadas de la Superliga danesa<\/strong>, lo que supone que promedia un gol por partido.<\/p>\n<p>Franculino ha marcado nueve goles en los \u00faltimos siete partidos <\/p>\n<p class=\"parrafo\"><strong>Guarismos estelares que se aceleraron desde el 5 de octubre<\/strong>, cuando comenz\u00f3 una racha fuera de lo com\u00fan en la que ha marcado en todos los encuentros para firmar un total de nueve goles en siete choques, repartido en tres competiciones, la Superliga n\u00f3rdica, la Europa League y la copa danesa.<\/p>\n<p class=\"parrafo\">As\u00ed, <strong>en el campeonato liguero arranc\u00f3 su locura realizadora y ha anotado en los \u00faltimos cuatro choque cinco goles<\/strong>, el \u00faltimo el pasado fin de semana contra el Aarhus en el 1-1 final, mientras que en la competici\u00f3n continental ha marcado tres en los encuentros disputados ante el Maccabi de Tel-Aviv, al que le endos\u00f3 dos, y <strong>al Celtic este jueves en el triunfo por 3-1<\/strong>. <\/p>\n<p>Su explosi\u00f3n subir\u00e1 su precio: est\u00e1 tasado ahora en 12 millones<\/p>\n<p class=\"parrafo\">Adem\u00e1s, tambi\u00e9n vio porter\u00eda en la Oddset Pokalen el 30 de octubre contra el Silkerborg, completando una racha goleadora que parece no tener fin y que obviamente le convertir\u00e1 en un delantero muy deseado en pr\u00f3ximos mercados. <strong>El Betis, como es l\u00f3gico, no le pierde de vista, si bien es consciente de que, con contrato hasta 2029, su precio de salida ser\u00e1 alto. <\/strong>Ahora mismo Transfermarkt lo tasa en 12 millones.<\/p>\n","protected":false},"excerpt":{"rendered":"La direcci\u00f3n deportiva verdiblanca trat\u00f3 de reforzar la delantera hasta el \u00faltimo d\u00eda del pasado mercado, pero no&hellip;\n","protected":false},"author":2,"featured_media":225815,"comment_status":"","ping_status":"","sticky":false,"template":"","format":"standard","meta":{"footnotes":""},"categories":[268],"tags":[168,25,24,284,280,282,286,281,23,167],"class_list":{"0":"post-225814","1":"post","2":"type-post","3":"status-publish","4":"format-standard","5":"has-post-thumbnail","7":"category-futbol","8":"tag-deportes","9":"tag-es","10":"tag-espana","11":"tag-estadio-deportivo","12":"tag-football","13":"tag-futbol","14":"tag-real-betis-balompie","15":"tag-soccer","16":"tag-spain","17":"tag-sports"},"share_on_mastodon":{"url":"https:\/\/pubeurope.com\/@es\/115516563271044368","error":""},"_links":{"self":[{"href":"https:\/\/www.europesays.com\/es\/wp-json\/wp\/v2\/posts\/225814","targetHints":{"allow":["GET"]}}],"collection":[{"href":"https:\/\/www.europesays.com\/es\/wp-json\/wp\/v2\/posts"}],"about":[{"href":"https:\/\/www.europesays.com\/es\/wp-json\/wp\/v2\/types\/post"}],"author":[{"embeddable":true,"href":"https:\/\/www.europesays.com\/es\/wp-json\/wp\/v2\/users\/2"}],"replies":[{"embeddable":true,"href":"https:\/\/www.europesays.com\/es\/wp-json\/wp\/v2\/comments?post=225814"}],"version-history":[{"count":0,"href":"https:\/\/www.europesays.com\/es\/wp-json\/wp\/v2\/posts\/225814\/revisions"}],"wp:featuredmedia":[{"embeddable":true,"href":"https:\/\/www.europesays.com\/es\/wp-json\/wp\/v2\/media\/225815"}],"wp:attachment":[{"href":"https:\/\/www.europesays.com\/es\/wp-json\/wp\/v2\/media?parent=225814"}],"wp:term":[{"taxonomy":"category","embeddable":true,"href":"https:\/\/www.europesays.com\/es\/wp-json\/wp\/v2\/categories?post=225814"},{"taxonomy":"post_tag","embeddable":true,"href":"https:\/\/www.europesays.com\/es\/wp-json\/wp\/v2\/tags?post=225814"}],"curies":[{"name":"wp","href":"https:\/\/api.w.org\/{rel}","templated":true}]}}