{"id":225816,"date":"2025-11-08T23:00:39","date_gmt":"2025-11-08T23:00:39","guid":{"rendered":"https:\/\/www.europesays.com\/es\/225816\/"},"modified":"2025-11-08T23:00:39","modified_gmt":"2025-11-08T23:00:39","slug":"sarah-paulson-jessica-lange-y-ahora-ariana-grande","status":"publish","type":"post","link":"https:\/\/www.europesays.com\/es\/225816\/","title":{"rendered":"Sarah Paulson, Jessica Lange\u2026 y ahora Ariana Grande"},"content":{"rendered":"<p id=\"eZUPNpFv98\" data-wc=\"71\">El <strong>universo del terror se prepara para una de las series m\u00e1s esperadas de Ryan Murphy,\u00a0<\/strong>en la que reunir\u00e1 de nuevo a sus grandes damas: <strong>Sarah Paulson y Jessica Lange.\u00a0<\/strong>El guionista, director y productor de cine y televisi\u00f3n <a class=\"hm-link ho-link\" href=\"https:\/\/www.hola.com\/actualidad\/20200512167711\/american-horror-story-spin-off\/\" data-mrf-recirculation=\"article-body-link\" rel=\"nofollow noopener\" target=\"_blank\">se ha coronado en los \u00faltimos a\u00f1os como uno de los maestros del g\u00e9nero con sus sagas de American Horror Story<\/a> y Monstruos y\u00a0ahora <strong>prepara su artiller\u00eda pesada para sorprendernos.<\/strong><\/p>\n<p> \u00a0<img src=\"https:\/\/www.europesays.com\/es\/wp-content\/uploads\/2025\/11\/c644ee5e8b94-u524942074.jpg\"   width=\"1080\" height=\"1800\" loading=\"lazy\" decoding=\"async\" alt=\"Media Image\" fetchpriority=\"auto\" class=\"image ho-image\"\/>\u00a9 GTRES<\/p>\n<p id=\"emtzTKdvwBp\" data-wc=\"91\">Acaba de salir a la luz que prepara la <strong>decimotercera entrega de American Horror Story\u00a0<\/strong>y para ello ha contado, adem\u00e1s de con sus dos muchas, con<a class=\"hm-link ho-link\" href=\"https:\/\/www.hola.com\/actualidad\/20241113729877\/transformacion-kathy-bates-misery-tras-perder-45-kilos\/\" data-mrf-recirculation=\"article-body-link\" rel=\"nofollow noopener\" target=\"_blank\">\u00a0varias de sus estrellas de cabecera como las consagradas actrices Kathy Bates y Angela Bassett\u00a0<\/a>sus predilectos<strong>\u00a0Evan Peters y Emma Roberts<\/strong>. Por si fuera poco, suma a su elenco uno de los grandes nombres de la industria de la m\u00fasica, como ya hizo en su d\u00eda con Lady Gaga. <a class=\"hm-link ho-link\" href=\"https:\/\/www.hola.com\/actualidad\/20250123809300\/ariana-grande-emocionada-glinda-nominacion-oscar\/\" data-mrf-recirculation=\"article-body-link\" rel=\"nofollow noopener\" target=\"_blank\">En esta ocasi\u00f3n, es la cantante Ariana Grande quien se pondr\u00e1 a sus \u00f3rdenes. \u00a0<\/a>\u00a0<\/p>\n<p>  <img src=\"https:\/\/www.europesays.com\/es\/wp-content\/uploads\/2025\/11\/ab1e8465795d-u590464040.jpg\"   width=\"1080\" height=\"1800\" loading=\"lazy\" decoding=\"async\" alt=\"Media Image\" fetchpriority=\"auto\" class=\"image ho-image\"\/>\u00a9 GTRES<\/p>\n<p>  <img src=\"https:\/\/www.europesays.com\/es\/wp-content\/uploads\/2025\/11\/97265cf48128-u5778580418.jpg\"   width=\"1080\" height=\"1800\" loading=\"lazy\" decoding=\"async\" alt=\"Media Image\" fetchpriority=\"auto\" class=\"image ho-image\"\/>\u00a9 GTRES<\/p>\n<p id=\"egB-zN1113l\" data-wc=\"96\">Ellos son los elegidos para adentrarse otra vez<strong>\u00a0en el inconfundible mundo de Ryan Murphy de terror psicol\u00f3gico y thriller\u00a0con tintes de est\u00e9tica barroca y cr\u00edtica social<\/strong> que son el sello de identidad de este director que se ha convertido en<strong>\u00a0uno de los imprescindibles del g\u00e9nero en los \u00faltimos a\u00f1os.<\/strong> Muchos apuntan a que<strong>\u00a0podr\u00eda ser la \u00faltima temporada de la saga, por lo que la expectaci\u00f3n est\u00e1 servida.<\/strong> Ser\u00eda el final de una serie de historias para no dormir que han abarcado diferentes tem\u00e1ticas, como la brujer\u00eda, casas y hoteles encantados y vampirismo. \u00a0<\/p>\n<p> \u00a0<img src=\"https:\/\/www.europesays.com\/es\/wp-content\/uploads\/2025\/11\/870f13bfe322-u593010016.jpg\"   width=\"1080\" height=\"1800\" loading=\"lazy\" decoding=\"async\" alt=\"Media Image\" fetchpriority=\"auto\" class=\"image ho-image\"\/>\u00a9 GTRES<\/p>\n<p id=\"e-3895KTDrjk\" data-wc=\"64\"><a class=\"hm-link ho-link\" href=\"https:\/\/www.hola.com\/actualidad\/20240730709866\/el-nadador-olimpico-ryan-murphy-recibe-una-gran-sorpresa-tras-ganar-una-medalla-de-bronce\/\" data-mrf-recirculation=\"article-body-link\" rel=\"nofollow noopener\" target=\"_blank\">Murphy no solo ha trabajado esta tem\u00e1tica en todos sus aspectos, tambi\u00e9n ha creado \u00e9xitos como las series Glee, Pose o Doctor Odyssey,<\/a> pero desarrolla como pocos el terror y el suspense con un estilo inconfundible, como ha demostrado en American Horror Story, American Crime Story, Monstruos -cuya \u00faltima entrega sobre Ed Gein ha sido de lo m\u00e1s visto en Netflix-, Ratched o Grotesquerie.\u00a0<\/p>\n<p> \u00a0<img src=\"https:\/\/www.europesays.com\/es\/wp-content\/uploads\/2025\/11\/5b4210203457-u323524005.jpg\"   width=\"1080\" height=\"1800\" loading=\"lazy\" decoding=\"async\" alt=\"Media Image\" fetchpriority=\"auto\" class=\"image ho-image\"\/>\u00a9 GTRES<\/p>\n<p id=\"e31kCDYWH3rz\" data-wc=\"73\">Como Truman Capote, <strong>Murphy tiene sus cines &#8211;<\/strong>y tambi\u00e9n sus monstruos- pero no en la alta sociedad, sino que forman parte de un universo que<strong>\u00a0despierta nuestras m\u00e1s oscuras pesadillas y fantasmas.<\/strong> Ha hecho de ellas <strong>divas de la pantalla capaces de sobrecogernos con tan solo mirar a c\u00e1mara<\/strong> y, aunque ya ten\u00edan un extenso curr\u00edculum, ha hecho que nuevas generaciones las admiren. Repasamos ahora c\u00f3mo ha sido<strong>\u00a0su renacer al estilo Murphy. \u00a0\u00a0<\/strong><\/p>\n<p><strong>Sarah Paulson<\/strong><\/p>\n<p id=\"e0CGecaRWUWb\" data-wc=\"130\">Ella es la <strong>gran musa con may\u00fasculas de Ryan Murphy y juntos han hecho 18 proyectos.<\/strong> Sus caminos se cruzaron por primera vez en la serie<strong>\u00a0Nip\/Tuck y \u00e9l qued\u00f3 fascinado por su trabajo<\/strong>. M\u00e1s tarde, intentaron trabajar juntos de nuevo, pero <a class=\"hm-link ho-link\" href=\"https:\/\/www.hola.com\/actualidad\/20190709145555\/sarah-paulson-deja-american-horror-story\/\" data-mrf-recirculation=\"article-body-link\" rel=\"nofollow noopener\" target=\"_blank\">no consiguieron cuadrar sus agendas. Se dice incluso que Murphy se enfad\u00f3 mucho con ella porque rechaz\u00f3 un papel en la serie Glee por una obra de teatro en Broadway.\u00a0<\/a>Pero estaban destinados a encontrarse y fue Jessica Lange (otro de sus cines que en este momento estaba rodado la primera temporada de American Horror Story, Murder House) quien medi\u00f3 para que volvieran a unir su talento\u2026 y apareci\u00f3 en este debut de la saga, como m\u00e9dium. Desde entonces, <strong>ha participado en ocho de las doce temporadas emitidas.<\/strong><\/p>\n<p> <strong class=\"fr-embedded\"><img src=\"https:\/\/www.europesays.com\/es\/wp-content\/uploads\/2025\/11\/b2236fedcd3d-u593531050.jpg\"   width=\"1080\" height=\"1800\" loading=\"lazy\" decoding=\"async\" alt=\"Media Image\" fetchpriority=\"auto\" class=\"image ho-image\"\/>\u00a9 GTRES<\/strong><\/p>\n<p id=\"e_CQQ1AT5LZu\" data-wc=\"70\">Para ella supuso el gran salto de su carrera y<strong>\u00a0comenzaron a conocerse episodios de su vida privada<\/strong> que hicieron que su halo de misterio y su magnetismo fueran m\u00e1s fuertes todav\u00eda. Una de las m\u00e1s llamativas es la<strong>\u00a0relaci\u00f3n que en 2015 comenz\u00f3 -y dura hasta la actualidad- con la famosa estrella Holland Taylor.\u00a0<\/strong><strong>Ocup\u00f3 muchos titulares por su diferencia de ellas. Holland tiene 82 a\u00f1os y Sarah 50.<\/strong><\/p>\n<p> <img src=\"https:\/\/www.europesays.com\/es\/wp-content\/uploads\/2025\/11\/a4253a42629e-u594172030.jpg\"   width=\"1080\" height=\"1800\" loading=\"lazy\" decoding=\"async\" alt=\"Media Image\" fetchpriority=\"auto\" class=\"image ho-image\"\/>\u00a9 GTRES<\/p>\n<p id=\"eB7YVgCtXMbP\" data-wc=\"80\">Otra curiosidad sobre ella es que a pesar de ser una actriz que en la mayor\u00eda de sus papeles aterroriza a los dem\u00e1s, ella tiene muchos miedos, como a volar, los payasos y las abejas, adem\u00e1s de tripofobia. \u00a0No solo es la gran estrella de American Horror Story, tambi\u00e9n tuvo un papel en American Crime Story: The People v. O.J. Simpson<strong>,\u00a0<\/strong>por el que <strong>gan\u00f3 el Globo de Oro y protagoniz\u00f3 otra historia para no dormir en la serie\u00a0<\/strong><strong>Ratched.<\/strong><\/p>\n<p><strong>\u00a0Jessica Lange<\/strong><\/p>\n<p id=\"eQMwhfwvQcA2\" data-wc=\"87\">Con<a class=\"hm-link ho-link\" href=\"https:\/\/www.hola.com\/actualidad\/20240310357016\/jessica-lange-reaparicion-oscar-matrimonio-espanyol-granja\/\" data-mrf-recirculation=\"article-body-link\" rel=\"nofollow noopener\" target=\"_blank\">\u00a0una gran carrera a sus espaldas y dos Oscar en su haber\u00a0<\/a>-con t\u00edtulos como King Kong, El cartero siempre llama dos veces, Un tranv\u00eda llamado deseo, Tootsie o Blue Sky- <strong>Ryan Murphy catapult\u00f3 de nuevo a lo m\u00e1s alto a Jessica Lange\u00a0<\/strong>y los espectadores pudieron redescubrir su capacidad para hacer cualquier tipo de personaje, desde el de vecina cotilla hasta el de bruja y el de artista de circo, con <strong>una interpretaci\u00f3n inolvidable de uno de los temas de David Bowie, en Freak Show.<\/strong><\/p>\n<p>  <img src=\"https:\/\/www.europesays.com\/es\/wp-content\/uploads\/2025\/11\/040dca147b11-u558576009.jpg\"   width=\"1080\" height=\"1800\" loading=\"lazy\" decoding=\"async\" alt=\"Media Image\" fetchpriority=\"auto\" class=\"image ho-image\"\/>\u00a9 GTRES<\/p>\n<p>  <img src=\"https:\/\/www.europesays.com\/es\/wp-content\/uploads\/2025\/11\/e19db0372aae-u5520760472.jpg\"   width=\"1080\" height=\"1800\" loading=\"lazy\" decoding=\"async\" alt=\"Media Image\" fetchpriority=\"auto\" class=\"image ho-image\"\/>\u00a9 GTRES<\/p>\n<p id=\"ekJmKyz144FF\" data-wc=\"90\">No solo eso, la convirti\u00f3 en <strong>la ic\u00f3nica Joan Crawford en\u00a0<\/strong><strong>Feud: Bette and Joan<\/strong>,\u00a0trabajando codo con codo junto a Susan Sarandon, que hac\u00eda de Bette Davis. Una serie que reflejaba la famosa rivalidad que existi\u00f3 entre estas grandes divas de Hollywood. \u00a0Se rumoreaba que<a class=\"hm-link ho-link\" href=\"https:\/\/www.hola.com\/actualidad\/20190819147764\/jessica-lange-gwyneth-paltrow-the-politician-netflix-gt\/\" data-mrf-recirculation=\"article-body-link\" rel=\"nofollow noopener\" target=\"_blank\">\u00a0quiz\u00e1 por cuestiones de egos su relaci\u00f3n en los \u00faltimos tiempos no era del todo buena<\/a>, sobre todo despu\u00e9s de asegurar a principios de a\u00f1o que no volver\u00eda a hacer \u201cAmerican Horros Story\u201d, pero <strong>que est\u00e9 en el reparto pone fin a las habladur\u00edas.<\/strong><\/p>\n<p>  <img src=\"https:\/\/www.europesays.com\/es\/wp-content\/uploads\/2025\/11\/997293ffb821-u5520760544.jpg\"   width=\"1080\" height=\"1080\" loading=\"lazy\" decoding=\"async\" alt=\"Media Image\" fetchpriority=\"auto\" class=\"image ho-image\"\/>\u00a9 GTRES<\/p>\n<p>  <img src=\"https:\/\/www.europesays.com\/es\/wp-content\/uploads\/2025\/11\/42f663f39ae0-u577768012.jpg\"   width=\"1080\" height=\"1080\" loading=\"lazy\" decoding=\"async\" alt=\"Media Image\" fetchpriority=\"auto\" class=\"image ho-image\"\/>\u00a9 GTRES<\/p>\n<p><strong>Kathy Bates<\/strong><\/p>\n<p id=\"ekH_gWXHwY3f\" data-wc=\"80\">Ella <strong>ya era una experta en terror y una artista con una gran trayectoria antes de conocer a Murphy.<\/strong> En 1990 protagoniz\u00f3 Misery, una de las joyas de <strong>este g\u00e9nero cinematogr\u00e1fico, basada en la novela de Stephen King.<\/strong> Su interpretaci\u00f3n dando vida a una enfermera que secuestra a un escritor cal\u00f3 tanto que obtuvo el Oscar como mejor actriz. No fue la \u00fanica novela del famoso escritor que ha llevado al cine, tambi\u00e9n trabaj\u00f3 en la adaptaci\u00f3n de Dolores Claiborne.<\/p>\n<p>  <img src=\"https:\/\/www.europesays.com\/es\/wp-content\/uploads\/2025\/11\/4ea3926bda33-u590898213.jpg\"   width=\"1080\" height=\"1800\" loading=\"lazy\" decoding=\"async\" alt=\"Media Image\" fetchpriority=\"auto\" class=\"image ho-image\"\/>\u00a9 GTRES<\/p>\n<p>  <img src=\"https:\/\/www.europesays.com\/es\/wp-content\/uploads\/2025\/11\/ebed6eb17b8f-u577431100.jpg\"   width=\"1080\" height=\"1800\" loading=\"lazy\" decoding=\"async\" alt=\"Media Image\" fetchpriority=\"auto\" class=\"image ho-image\"\/>\u00a9 GTRES<\/p>\n<p id=\"eeCmaf1ATmGD\" data-wc=\"35\">Con estos antecedentes,<strong>\u00a0Murphy no se lo pens\u00f3 dos veces para proponerle salir en su antolog\u00eda de American Horror Story,\u00a0<\/strong>en las que ha participado en las temporadas Coven, Freak Show, Hotel, Roanoke y Apocalypse.<\/p>\n<p id=\"em9iGtLR-Dh\" data-wc=\"93\">Para ella, \u00e9l fue \u201csu salvaci\u00f3n\u201d. Cuando le lleg\u00f3 la propuesta de estos papeles atravesaba una \u00e9poca dif\u00edcil,<strong>\u00a0la acababan de diagnosticar c\u00e1ncer de mama y el programa en el que estaba se cancel\u00f3.<\/strong> \u00c9l la \u201crescat\u00f3\u201d y nunca imagin\u00f3 que volver\u00eda a las alfombras rojas y entregas de premios y que terminar\u00eda llev\u00e1ndose un Emmy por la tercera temporada de la saga, Coven<a class=\"hm-link ho-link\" href=\"https:\/\/www.hola.com\/actualidad\/20250216813676\/kathy-bates-vuelve-convertida-profesional-abogacia\/\" data-mrf-recirculation=\"article-body-link\" rel=\"nofollow noopener\" target=\"_blank\">.\u00a0Ahora, a sus 77 a\u00f1os, regresa de nuevo para \u00bfhacernos pasar miedo?<\/a> Habr\u00e1 que<strong>\u00a0esperar hasta el 2026<\/strong> para ver qu\u00e9 nos deparar\u00e1 esta nueva y quiz\u00e1 \u00faltima entrega.<\/p>\n<p>  <img src=\"https:\/\/www.europesays.com\/es\/wp-content\/uploads\/2025\/11\/f49d745c9973-u581866020.jpg\"   width=\"1080\" height=\"1080\" loading=\"lazy\" decoding=\"async\" alt=\"Media Image\" fetchpriority=\"auto\" class=\"image ho-image\"\/>\u00a9 GTRES<\/p>\n<p>  <img src=\"https:\/\/www.europesays.com\/es\/wp-content\/uploads\/2025\/11\/bb973eb37642-u581866016.jpg\"   width=\"1080\" height=\"1080\" loading=\"lazy\" decoding=\"async\" alt=\"Media Image\" fetchpriority=\"auto\" class=\"image ho-image\"\/>\u00a9 GTRES<\/p>\n","protected":false},"excerpt":{"rendered":"El universo del terror se prepara para una de las series m\u00e1s esperadas de Ryan Murphy,\u00a0en la que&hellip;\n","protected":false},"author":2,"featured_media":225817,"comment_status":"","ping_status":"","sticky":false,"template":"","format":"standard","meta":{"footnotes":""},"categories":[174],"tags":[517,30465,255,146,147,25,24,256,23],"class_list":{"0":"post-225816","1":"post","2":"type-post","3":"status-publish","4":"format-standard","5":"has-post-thumbnail","7":"category-famosos","8":"tag-actualidad","9":"tag-ariana-grande","10":"tag-celebrities","11":"tag-entertainment","12":"tag-entretenimiento","13":"tag-es","14":"tag-espana","15":"tag-famosos","16":"tag-spain"},"share_on_mastodon":{"url":"https:\/\/pubeurope.com\/@es\/115516566932078039","error":""},"_links":{"self":[{"href":"https:\/\/www.europesays.com\/es\/wp-json\/wp\/v2\/posts\/225816","targetHints":{"allow":["GET"]}}],"collection":[{"href":"https:\/\/www.europesays.com\/es\/wp-json\/wp\/v2\/posts"}],"about":[{"href":"https:\/\/www.europesays.com\/es\/wp-json\/wp\/v2\/types\/post"}],"author":[{"embeddable":true,"href":"https:\/\/www.europesays.com\/es\/wp-json\/wp\/v2\/users\/2"}],"replies":[{"embeddable":true,"href":"https:\/\/www.europesays.com\/es\/wp-json\/wp\/v2\/comments?post=225816"}],"version-history":[{"count":0,"href":"https:\/\/www.europesays.com\/es\/wp-json\/wp\/v2\/posts\/225816\/revisions"}],"wp:featuredmedia":[{"embeddable":true,"href":"https:\/\/www.europesays.com\/es\/wp-json\/wp\/v2\/media\/225817"}],"wp:attachment":[{"href":"https:\/\/www.europesays.com\/es\/wp-json\/wp\/v2\/media?parent=225816"}],"wp:term":[{"taxonomy":"category","embeddable":true,"href":"https:\/\/www.europesays.com\/es\/wp-json\/wp\/v2\/categories?post=225816"},{"taxonomy":"post_tag","embeddable":true,"href":"https:\/\/www.europesays.com\/es\/wp-json\/wp\/v2\/tags?post=225816"}],"curies":[{"name":"wp","href":"https:\/\/api.w.org\/{rel}","templated":true}]}}