{"id":225835,"date":"2025-11-08T23:19:11","date_gmt":"2025-11-08T23:19:11","guid":{"rendered":"https:\/\/www.europesays.com\/es\/225835\/"},"modified":"2025-11-08T23:19:11","modified_gmt":"2025-11-08T23:19:11","slug":"el-barro-se-sumo-al-espectaculo-de-ciclocross-en-elgoibar","status":"publish","type":"post","link":"https:\/\/www.europesays.com\/es\/225835\/","title":{"rendered":"El barro se sum\u00f3 al espect\u00e1culo de ciclocross en Elgoibar"},"content":{"rendered":"<p>\n        La <strong>zona deportiva de Mintxeta<\/strong> ha acogido a lo largo de la ma\u00f1ana del s\u00e1bado la primera edici\u00f3n de la <strong>BESA CX <\/strong><a href=\"https:\/\/www.noticiasdegipuzkoa.eus\/tags\/elgoibar\/\" title=\"Elgoibar\" target=\"_blank\" class=\"link copy\" rel=\"nofollow noopener\">Elgoibar<\/a>, cita inaugural de una prueba que reuni\u00f3 a m\u00e1s de <strong>200 ciclistas<\/strong> de distintas categor\u00edas en una vibrante jornada de ciclocross en la que el <strong>barro<\/strong> ayud\u00f3 al espect\u00e1culo, pese a poner en m\u00e1s de un aprieto a los corredores.\n<\/p>\n<p class=\"article-body__text \">\n        Mintxeta, famosa tambi\u00e9n por acoger el <a href=\"https:\/\/mintxeta.com\/\" title=\"Cross Mugerza\" rel=\"nofollow noopener\" target=\"_blank\" class=\"link copy\">Cross Mugerza<\/a>, cuenta ahora con una nueva cita deportiva sobre dos ruedas que promete tener continuidad en los pr\u00f3ximos a\u00f1os, visto el \u00e9xito de <strong>participaci\u00f3n<\/strong> que ha tenido la carrera y la buena acogida que ha tenido el circuito entre los corredores.\n<\/p>\n<p>  Aitor Hern\u00e1ndez y Ainara Elbusto<\/p>\n<p class=\"article-body__text \">\n        En la categor\u00eda Open masculina, el gran protagonista ha sido <strong>Aitor Hern\u00e1ndez<\/strong> (<a href=\"https:\/\/www.noticiasdegipuzkoa.eus\/tags\/ermua\/\" title=\"Ermuko\" target=\"_blank\" class=\"link copy\" rel=\"nofollow noopener\">Ermuko<\/a> T.E.), quien volvi\u00f3 a demostrar su dominio en el barro imponi\u00e9ndose con autoridad.\n<\/p>\n<p class=\"article-body__text \">\n        Le han acompa\u00f1ado en el <strong>podio<\/strong> Be\u00f1at Fern\u00e1ndez y Arkaitz Suso, ambos del Bertako Igogailuak-Spiuk.\n<\/p>\n<p class=\"article-body__text \">\n        En la categor\u00eda Open femenina, la victoria ha sido para<strong> Ainara Elbusto<\/strong> <a href=\"https:\/\/www.noticiasdegipuzkoa.eus\/tags\/huesca\/\" title=\"(Huesca\" target=\"_blank\" class=\"link copy\" rel=\"nofollow noopener\">(Huesca<\/a> La Magia). Nahia De Miguel (Etorki-Kuskumendi) ha firmado una meritoria segunda posici\u00f3n, mientras que Laida Hierro (Mirat Team) ha sido tercera, completando el podio.\n<\/p>\n<p>  Categor\u00edas Master<\/p>\n<p class=\"article-body__text \">\n        Entre los M\u00e1ster 30, el triunfo se lo ha llevado <strong>Markel Uriarte<\/strong> (<a href=\"https:\/\/www.orbea.com\/es-es\/\" title=\"Orbea\" rel=\"nofollow noopener\" target=\"_blank\" class=\"link copy\">Orbea<\/a> Sport) tras una gran demostraci\u00f3n de solidez a lo largo de un exigente recorrido que ha puesto a prueba la fortaleza y el equilibrio de los participantes, que han tenido que lidiar con el barro pr\u00e1cticamente desde la pedalada inicial.\n<\/p>\n<p class=\"article-body__text \">\n        El segundo lugar ha sido para Alex Hidalgo (Kob Cycling) y la tercera plaza ha terminado en manos de Jonatan Bilbao (Valent\u00edn Uriona <a href=\"https:\/\/www.noticiasdegipuzkoa.eus\/tags\/mungia\/\" title=\"Mungia\" target=\"_blank\" class=\"link copy\" rel=\"nofollow noopener\">Mungia<\/a>).\n<\/p>\n<p class=\"article-body__text \">\n        En M\u00e1ster 40, el <a href=\"https:\/\/www.noticiasdegipuzkoa.eus\/tags\/navarra\/\" title=\"navarro\" target=\"_blank\" class=\"link copy\" rel=\"nofollow noopener\">navarro<\/a> <strong>Patx\u00ed C\u00eda<\/strong> (101 Faster Team) ha cruzado la meta en primera posici\u00f3n, seguido de Iker Saizar (Oriako TX Eskola) y Iker Avellanal (EVC-<a href=\"https:\/\/www.noticiasdegipuzkoa.eus\/tags\/loiu\/\" title=\"Lujua\" target=\"_blank\" class=\"link copy\" rel=\"nofollow noopener\">Lujua<\/a> Bike R.T.).\n<\/p>\n<p class=\"article-body__text \">\n        A su vez, la categor\u00eda M\u00e1ster 50\/60 ha tenido como ganador a <strong>Andoni Jim\u00e9nez<\/strong> (U.C. <a href=\"https:\/\/www.noticiasdegipuzkoa.eus\/tags\/erandio\/\" title=\"Erandio\" target=\"_blank\" class=\"link copy\" rel=\"nofollow noopener\">Erandio<\/a>), que ha logrado mantener la ventaja frente a Iv\u00e1n L\u00f3pez (EVC-Lujua Bike R.T.), segundo clasificado, y I\u00f1aki Parada (Galdakao T.E.), que cerrado el podio.\n<\/p>\n<p>  Cantera de ciclistas<\/p>\n<p class=\"article-body__text \">\n        Entre los m\u00e1s j\u00f3venes, los cadetes masculinos han ofrecido una bonita batalla en la que <strong>Amets Fern\u00e1ndez<\/strong> (Simal\/Tecman) se ha llevado el triunfo por delante de Telmo Hern\u00e1ndez (Durangaldeko Bostakbat B.) y Be\u00f1at Busto (<a href=\"https:\/\/www.noticiasdegipuzkoa.eus\/tags\/elorrio\/\" title=\"Elorriok\" target=\"_blank\" class=\"link copy\" rel=\"nofollow noopener\">Elorriok<\/a>o Banan Banan).\n<\/p>\n<p class=\"article-body__text \">\n        En cadete femenino, la vencedora ha sido <strong>Haizea Tamayo<\/strong> (RPK-Udapa), seguida por June Del Teso (JRG Norclamp) y Laiatz Egiguren (<a href=\"https:\/\/www.instagram.com\/baqueelkarkirolak\/\" title=\"Baque Movistar\" rel=\"nofollow noopener\" target=\"_blank\" class=\"link copy\">Baque Movistar<\/a>).\n<\/p>\n<p class=\"article-body__text \">\n        En la categor\u00eda junior masculina, <strong>Aner Irizar<\/strong> (Alimco-Campagnolo) se ha hecho con la victoria, superando a Auritz Ormazabal (Team Zatika Bike) y Mikel Llorente (Kuskumendi MTB), que han cruzado en ese orden la l\u00ednea de llegada.\n<\/p>\n<p class=\"article-body__text \">\n        Por su parte, en junior femenino, el dominio ha sido para el equipo ZU-K\/Limousin, con <strong>Maddi Saizar<\/strong> y Ane Aranburu ocupando las dos primeras posiciones, mientras que Irati Quintano (Rio Miera-Meruelo-Adarsa) ha completado el tr\u00edo de cabeza.\n<\/p>\n<p>            <script async src=\"\/\/www.instagram.com\/embed.js\"><\/script><\/p>\n","protected":false},"excerpt":{"rendered":"La zona deportiva de Mintxeta ha acogido a lo largo de la ma\u00f1ana del s\u00e1bado la primera edici\u00f3n&hellip;\n","protected":false},"author":2,"featured_media":225836,"comment_status":"","ping_status":"","sticky":false,"template":"","format":"standard","meta":{"footnotes":""},"categories":[273],"tags":[40895,59618,313,2838,44324,312,168,59616,25,24,10392,59617,23,167],"class_list":{"0":"post-225835","1":"post","2":"type-post","3":"status-publish","4":"format-standard","5":"has-post-thumbnail","7":"category-ciclismo","8":"tag-barro","9":"tag-campeonato-de-euskadi","10":"tag-ciclismo","11":"tag-ciclistas","12":"tag-ciclocross","13":"tag-cycling","14":"tag-deportes","15":"tag-elgoibar","16":"tag-es","17":"tag-espana","18":"tag-espectaculo","19":"tag-mintxeta","20":"tag-spain","21":"tag-sports"},"share_on_mastodon":{"url":"https:\/\/pubeurope.com\/@es\/115516641236225736","error":""},"_links":{"self":[{"href":"https:\/\/www.europesays.com\/es\/wp-json\/wp\/v2\/posts\/225835","targetHints":{"allow":["GET"]}}],"collection":[{"href":"https:\/\/www.europesays.com\/es\/wp-json\/wp\/v2\/posts"}],"about":[{"href":"https:\/\/www.europesays.com\/es\/wp-json\/wp\/v2\/types\/post"}],"author":[{"embeddable":true,"href":"https:\/\/www.europesays.com\/es\/wp-json\/wp\/v2\/users\/2"}],"replies":[{"embeddable":true,"href":"https:\/\/www.europesays.com\/es\/wp-json\/wp\/v2\/comments?post=225835"}],"version-history":[{"count":0,"href":"https:\/\/www.europesays.com\/es\/wp-json\/wp\/v2\/posts\/225835\/revisions"}],"wp:featuredmedia":[{"embeddable":true,"href":"https:\/\/www.europesays.com\/es\/wp-json\/wp\/v2\/media\/225836"}],"wp:attachment":[{"href":"https:\/\/www.europesays.com\/es\/wp-json\/wp\/v2\/media?parent=225835"}],"wp:term":[{"taxonomy":"category","embeddable":true,"href":"https:\/\/www.europesays.com\/es\/wp-json\/wp\/v2\/categories?post=225835"},{"taxonomy":"post_tag","embeddable":true,"href":"https:\/\/www.europesays.com\/es\/wp-json\/wp\/v2\/tags?post=225835"}],"curies":[{"name":"wp","href":"https:\/\/api.w.org\/{rel}","templated":true}]}}