{"id":225857,"date":"2025-11-08T23:34:14","date_gmt":"2025-11-08T23:34:14","guid":{"rendered":"https:\/\/www.europesays.com\/es\/225857\/"},"modified":"2025-11-08T23:34:14","modified_gmt":"2025-11-08T23:34:14","slug":"a-la-ofensiva-panorama-politico","status":"publish","type":"post","link":"https:\/\/www.europesays.com\/es\/225857\/","title":{"rendered":"A la ofensiva | Panorama pol\u00edtico"},"content":{"rendered":"<p>La <b>destrucci\u00f3n del peronismo-kirchnerismo<\/b> y del movimiento obrero constituyen el principal objetivo del gobierno, seg\u00fan confirmaron esta semana Javier Milei, Patricia Bullrich y Federico Sturzenegger. Pero los dos agrupamientos en la mira del oficialismo est\u00e1n m\u00e1s enfocados en resolver sus heridas internas. En Bolivia, tras la victoria electoral de la derecha, la liberaci\u00f3n de la expresidenta de facto <b>Jeanine A\u00f1ez<\/b>, condenada por el golpe contra Evo Morales, record\u00f3 a la decisi\u00f3n de la Corte de confirmar el sobreseimiento de Mauricio Macri por el espionaje a los familiares de las v\u00edctimas del ARA San Juan.<b> La Justicia se alinea seg\u00fan los resultados electorales.<\/b><\/p>\n<p>      Dos d\u00edas despu\u00e9s del resultado electoral, la Corte confirm\u00f3 el sobreseimiento de Macri y rechaz\u00f3 20 recursos interpuestos por Cristina Kirchner y otros acusados en la causa Cuadernos, cuyo juicio comenz\u00f3 este jueves. Se trata de una <b>causa armada con una fotocopia <\/b>con miles de adulteraciones y que fue escrita por dos personas diferentes; con testimonios obtenidos en forma extorsiva, y montada por el fiscal Carlos Stornelli, involucrado en otras causas paralelas por extorsi\u00f3n junto con su colaborador, el condenado Marcelo D\u2019Alessio, y por el fallecido juez Claudio Bonadio. Antes de convertirse en Inquisidor oficial del macrismo, Bonadio ten\u00eda nueve pedidos de juicio pol\u00edtico \u2014algunos de mucha gravedad\u2014 que nunca tuvieron tratamiento en la Magistratura con mayor\u00eda macrista.  <\/p>\n<p>     La  campa\u00f1a tan polarizada qued\u00f3 reflejada en las consignas. Fuerza Patria plante\u00f3 el eje de \u201chay que frenar a Milei\u201d. El oficialismo convoc\u00f3 a \u201cacabar con el kirchnerismo\u201d o \u201chay que poner el \u00faltimo clavo en el caj\u00f3n del kirchnerismo\u201d. En el primer caso, habla de dos fuerzas que compiten. En cambio <b>el oficialismo habla de exterminio, lo que tiene cierta similitud con la dictadura.<\/b><\/p>\n<p>    Para el sector corporativo del capital concentrado, el movimiento popular es un obst\u00e1culo para su proyecto de pa\u00eds altamente desigual, con grandes niveles de pobreza y baja ocupaci\u00f3n, desindustrializado, subordinado a Estados Unidos, proveedor de hidrocarburos, minerales, carnes y granos, un pa\u00eds que no requiere educaci\u00f3n ni salud p\u00fablica. Este proyecto se expres\u00f3 antes a trav\u00e9s de Macri y ahora con Milei. <\/p>\n<p>     Los dos objetivos que plante\u00f3 Milei el jueves en su en\u00e9sima visita a Estados Unidos, fueron barrer al peronismo-kirchnerismo y desmantelar la estructura sindical. La campa\u00f1a de Patricia Bullrich fue<b> \u201cte propongo terminar con el kirchnerismo de verdad y para siempre\u201d<\/b>. Federico Sturzenegger reconoci\u00f3 el lunes en una reuni\u00f3n con empresarios espa\u00f1oles que el coraz\u00f3n de la reforma laboral que propondr\u00e1n al Congreso es desarticular la fuerza del movimiento obrero al abrir la negociaci\u00f3n por empresa. <\/p>\n<p><b>     El proyecto de la derecha no acepta voces discordantes<\/b> porque plantea situaciones extremas en el pa\u00eds, con ganancias enormes para un pu\u00f1ado y la pobreza para la inmensa mayor\u00eda. El problema es que el oficialismo con sus aliados representa el 40 por ciento del 67 por ciento que vot\u00f3, que es menos del 30 por ciento del padr\u00f3n. El resultado es<b> un pa\u00eds de tres tercios<\/b>: el oficialismo y sus aliados, un poco menos el peronismo-kirchnerismo y sus aliados y un poco m\u00e1s el ausentismo. <b>No es una ecuaci\u00f3n que permita eliminar el di\u00e1logo como ejercicio democr\u00e1tico.<\/b><\/p>\n<p>    Pero <b>el di\u00e1logo no figura en la caja de herramientas del oficialismo.<\/b> Su objetivo es la destrucci\u00f3n del que no consiente. Estados Unidos pidi\u00f3 que el oficialismo construya estabilidad. El gobierno cumple esa exigencia con la destrucci\u00f3n del que piensa diferente.<\/p>\n<p>     La primera iniciativa postelectoral de Milei fue convocar a los gobernadores pero dej\u00f3 fuera a Axel Kicillof, Ricardo Quintela, Gildo Insfr\u00e1n y Gustavo Melella, excluyendo as\u00ed no s\u00f3lo a los que votaron por esos mandatarios, sino a la totalidad de sus gobernados. Fue <b>un acto de discriminaci\u00f3n ideol\u00f3gica como parte de su estrategia de destrucci\u00f3n<\/b>. Porque al mismo tiempo, entre los veinte invitados, hab\u00eda otros gobernadores que tienen cercan\u00eda con iniciativas del kirchnerismo como los de Santiago del Estero y La Pampa, as\u00ed como otros peronistas m\u00e1s alejados de esas posiciones. <\/p>\n<p><b>    En vez de cerrar filas frente a esa ofensiva<\/b>, en el kirchnerismo-peronismo se acent\u00faan las tendencias a polarizar una <b>interna<\/b> donde no hay confrontaci\u00f3n de proyectos. Kicillof surgi\u00f3 del ri\u00f1\u00f3n del kirchnerismo. Se plantean diferencias de gesti\u00f3n con La C\u00e1mpora, la agrupaci\u00f3n que dirige M\u00e1ximo Kirchner. Aunque no se han planteado diferencias de fondo, algunas diatribas en las redes sugieren posiciones irreconciliables. Es posible pensar la interferencia de trolls del oficialismo en esos foros para agudizar el desconcierto.<\/p>\n<p><b>    Una fractura de ese tipo en la oposici\u00f3n ser\u00eda una garant\u00eda de triunfo para la reelecci\u00f3n de Milei<\/b> en 2027. Algo similar a lo que pas\u00f3 en Bolivia por una interna mal resuelta. El debate interno resulta inevitable para una agrupaci\u00f3n como Fuerza Patria, luego de una derrota por la m\u00ednima diferencia en la provincia de Buenos Aires, cuando esperaba ganar por amplio margen. De la gesti\u00f3n de ese debate depender\u00e1 en gran medida el proceso pol\u00edtico de los pr\u00f3ximos meses.<\/p>\n<p>     El liderazgo de Cristina Kirchner y el ascenso de la figura de Axel Kicillof no tienen por qu\u00e9 colisionar. Si se ordenan, son figuras que se complementan desde lugares diferentes.<\/p>\n<p>    El comienzo del juicio por la causa Cuadernos busca un doble impacto en este momento. Consciente de la disfunci\u00f3n fanatizada del antiperonismo, busca ofrecerle el circo mientras profundiza un ajuste que tambi\u00e9n los afectar\u00e1 a ellos.<\/p>\n<p>     En medios judiciales se especula que el juicio se prolongar\u00e1 entre un a\u00f1o y medio y dos a\u00f1os. Eso incluir\u00e1 toda la segunda parte de la gesti\u00f3n de Milei y culminar\u00e1 con las elecciones presidenciales. <b>Est\u00e1 concebido de esa manera<\/b>. De la misma forma, busca remover la interna. En un sentido podr\u00eda atenuarla porque nadie podr\u00e1 desligarse de la defensa de la expresidenta. <\/p>\n<p>     El otro frente de la ofensiva del oficialismo ser\u00e1 <b>contra las organizaciones sindicales<\/b>. La primera iniciativa legal que se conoci\u00f3 tras las elecciones fue la reforma laboral. Un sector del peronismo y sus aliados en Fuerza Patria se propusieron elaborar una reforma propia que busque la creaci\u00f3n de trabajo sin la abolici\u00f3n de derechos, como plantea el proyecto oficialista.<\/p>\n<p>    La reuni\u00f3n del Congreso de la CGT para elegir a una nueva conducci\u00f3n tens\u00f3 las corrientes internas de la central. Las dificultades para lograr una conducci\u00f3n unipersonal expuso los problemas para acordar entre todas las corrientes. Se necesitan tres personas para representarlas o expresar alguna afinidad que impida la ruptura o el retiro de alguna de ellas. De hecho, la nueva conducci\u00f3n no tiene el equilibrio combativo que le daba Pablo Moyano y tampoco representantes del sector m\u00e1s conciliador de Luis Barrionuevo. <\/p>\n<p>     El tr\u00edo de Jorge Sola, del gremio del Seguro; Octavio Arg\u00fcello, de Camioneros, y Cristian Jer\u00f3nimo, del Vidrio, tiende a una posici\u00f3n <b>m\u00e1s dialoguista<\/b>. El problema es que <b>el di\u00e1logo es una acci\u00f3n entre dos partes<\/b>. Pero el gobierno descarta el di\u00e1logo y algunas de sus figuras m\u00e1s influyentes plantearon que buscar\u00e1n \u201cdesmantelar\u201d a los sindicatos. Es dif\u00edcil que funcione  el di\u00e1logo como estrategia con un gobierno que no quiere el di\u00e1logo y que s\u00f3lo acepta el consentimiento a sus imposiciones.\u00a0 \u00a0<\/p>\n","protected":false},"excerpt":{"rendered":"La destrucci\u00f3n del peronismo-kirchnerismo y del movimiento obrero constituyen el principal objetivo del gobierno, seg\u00fan confirmaron esta semana&hellip;\n","protected":false},"author":2,"featured_media":225858,"comment_status":"","ping_status":"","sticky":false,"template":"","format":"standard","meta":{"footnotes":""},"categories":[42],"tags":[17,18,17847,13,14,59619,11,61,62,63,64,4245,19,20,9,10,15,16,47575,12,21,22,65,66,67],"class_list":{"0":"post-225857","1":"post","2":"type-post","3":"status-publish","4":"format-standard","5":"has-post-thumbnail","7":"category-internacional","8":"tag-breaking-news","9":"tag-breakingnews","10":"tag-el-pais","11":"tag-featured-news","12":"tag-featurednews","13":"tag-federico-sturzenegger","14":"tag-headlines","15":"tag-internacional","16":"tag-international","17":"tag-international-news","18":"tag-internationalnews","19":"tag-javier-milei","20":"tag-latest-news","21":"tag-latestnews","22":"tag-news","23":"tag-noticias","24":"tag-noticias-destacadas","25":"tag-noticiasdestacadas","26":"tag-patricia-bullrich","27":"tag-titulares","28":"tag-ultimas-noticias","29":"tag-ultimasnoticias","30":"tag-world","31":"tag-world-news","32":"tag-worldnews"},"share_on_mastodon":{"url":"https:\/\/pubeurope.com\/@es\/115516700641498314","error":""},"_links":{"self":[{"href":"https:\/\/www.europesays.com\/es\/wp-json\/wp\/v2\/posts\/225857","targetHints":{"allow":["GET"]}}],"collection":[{"href":"https:\/\/www.europesays.com\/es\/wp-json\/wp\/v2\/posts"}],"about":[{"href":"https:\/\/www.europesays.com\/es\/wp-json\/wp\/v2\/types\/post"}],"author":[{"embeddable":true,"href":"https:\/\/www.europesays.com\/es\/wp-json\/wp\/v2\/users\/2"}],"replies":[{"embeddable":true,"href":"https:\/\/www.europesays.com\/es\/wp-json\/wp\/v2\/comments?post=225857"}],"version-history":[{"count":0,"href":"https:\/\/www.europesays.com\/es\/wp-json\/wp\/v2\/posts\/225857\/revisions"}],"wp:featuredmedia":[{"embeddable":true,"href":"https:\/\/www.europesays.com\/es\/wp-json\/wp\/v2\/media\/225858"}],"wp:attachment":[{"href":"https:\/\/www.europesays.com\/es\/wp-json\/wp\/v2\/media?parent=225857"}],"wp:term":[{"taxonomy":"category","embeddable":true,"href":"https:\/\/www.europesays.com\/es\/wp-json\/wp\/v2\/categories?post=225857"},{"taxonomy":"post_tag","embeddable":true,"href":"https:\/\/www.europesays.com\/es\/wp-json\/wp\/v2\/tags?post=225857"}],"curies":[{"name":"wp","href":"https:\/\/api.w.org\/{rel}","templated":true}]}}