{"id":225861,"date":"2025-11-08T23:36:26","date_gmt":"2025-11-08T23:36:26","guid":{"rendered":"https:\/\/www.europesays.com\/es\/225861\/"},"modified":"2025-11-08T23:36:26","modified_gmt":"2025-11-08T23:36:26","slug":"el-psoe-se-ha-cargado-la-legislatura","status":"publish","type":"post","link":"https:\/\/www.europesays.com\/es\/225861\/","title":{"rendered":"El PSOE se ha cargado la legislatura"},"content":{"rendered":"<p class=\"c-paragraph\"><a href=\"https:\/\/www.20minutos.es\/tags\/temas\/junts-per-catalunya.html\" title=\"Junts per Catalunya\" rel=\"nofollow noopener\" target=\"_blank\">Junts<\/a> insiste, pese a la sonrisa nerviosa del Gobierno: la ruptura con el <a href=\"https:\/\/www.20minutos.es\/tags\/instituciones-empresas\/psoe.html\" title=\"PSOE\" rel=\"nofollow noopener\" target=\"_blank\">PSOE<\/a> es total, no habr\u00e1 marcha atr\u00e1s y el presidente, <a href=\"https:\/\/www.20minutos.es\/tags\/personas\/pedro-sanchez.html\" title=\"Pedro S\u00e1nchez\" rel=\"nofollow noopener\" target=\"_blank\">Pedro S\u00e1nchez<\/a>, deber\u00eda ir asumi\u00e9ndolo en lugar de hacer <b>\u00abel avestruz\u00bb.<\/b> Es el mensaje que, por partida doble, han dado dos cargos del partido secesionista a un partido, el socialista, <b>\u00abque se ha cargado la legislatura\u00bb.<\/b><\/p>\n<p class=\"c-paragraph\">El secretario general de Junts, <a href=\"https:\/\/www.20minutos.es\/tags\/personas\/jordi-turull.html\" title=\"Jordi Turull\" rel=\"nofollow noopener\" target=\"_blank\">Jordi Turull<\/a>, es quien ha hecho esta afirmaci\u00f3n. El pol\u00edtico y exconvicto ha a\u00f1adido que en esta situaci\u00f3n \u00abes parad\u00f3jico que la presi\u00f3n sea para los que hemos cumplido y <b>no para aquellos que no han cumplido\u00bb.<\/b><\/p>\n<p class=\"c-paragraph\">En un acto del partido en la localidad barcelonesa de Vic, Turull ha dicho que es una<b> \u00abanomal\u00eda democr\u00e1tica\u00bb<\/b> que S\u00e1nchez piense en seguir adelante con sus iniciativas en el Congreso sin contar con una mayor\u00eda suficiente.<\/p>\n<p class=\"c-paragraph\">Turull ha emplazado al presidente S\u00e1nchez a que explique c\u00f3mo piensa afrontar esta situaci\u00f3n. El secretario general de la formaci\u00f3n secesionista dice que est\u00e1n en <b>\u00abconcurso de acreedores\u00bb <\/b>por lo que quieren cobrar todo aquello que acordaron con el Gobierno, por lo que S\u00e1nchez se encontrar\u00e1 el resultado \u00aben el marcador de las votaciones\u00bb.<\/p>\n<p class=\"c-paragraph\">Otro portavoz de Junts, <b>Josep Maria Cruset<\/b>, ha intervenido tambi\u00e9n este s\u00e1bado en el programa\u00a0Parlamento de RNE, donde ha acusado a Pedro S\u00e1nchez de hacer \u00abcomo el avestruz\u00bb, poniendo la cabeza bajo el suelo para pensar que as\u00ed \u00abha desaparecido el problema\u00bb.<\/p>\n<p class=\"c-paragraph\">El problema es, seg\u00fan Cruset, la decisi\u00f3n de su partido de bloquear la capacidad legislativa del Ejecutivo, por lo que el pol\u00edtico secesionista ha pedido que alguien le <b>\u00ababra los ojos\u00bb al jefe del Ejecutivo.<\/b><\/p>\n<p class=\"c-paragraph\">Cruset\u00a0dice no entender que el Gobierno trate de quitar hierro a la ruptura, algo que explica \u00abun poco\u00bb <b>por qu\u00e9 ambas partes han llegado a esta situaci\u00f3n de bloqueo.\u00a0<\/b><\/p>\n<p class=\"c-paragraph\">Seg\u00fan Cruset, Junts <b>lleva \u00abmuchos meses\u00bb avisando<\/b> a los socialistas en la reuniones mensuales en Suiza de que \u00ablas cosas no iban como es de suponer que van en una relaci\u00f3n de negociaci\u00f3n entre dos partes pol\u00edticas\u00bb, un aviso que tambi\u00e9n han lanzado \u00abmuchas veces\u00bb en el Congreso.\u00a0<\/p>\n<p class=\"c-paragraph\">Cruset denuncia que el Gobierno \u00absistem\u00e1ticamente\u00bb se ha dedicado a decir que \u00e9sta<b> es una legislatura \u00abexcepcional\u00bb para Catalu\u00f1a <\/b>cuando en realidad, seg\u00fan Cruset, todos los servicios que dependen del Estado en su comunidad aut\u00f3noma est\u00e1n cada d\u00eda \u00abm\u00e1s en precario\u00bb.<\/p>\n<p class=\"c-paragraph\">El portavoz de la formaci\u00f3n catalanista dice que\u00a0\u00a0\u00abalguien\u00bb deber\u00eda \u00ababrir los ojos\u00bb a Pedro S\u00e1nchez para que se d\u00e9 cuenta de que \u00abla situaci\u00f3n ha cambiado radicalmente\u00bb y que digan que tienen la mano tendida es<b> \u00abnegar la realidad\u00bb.<\/b><\/p>\n<p class=\"c-paragraph\">\u00abEs la t\u00e9cnica del avestruz, de <b>poner la cabeza bajo el suelo <\/b>y de esta forma pensar que ha desaparecido el problema\u00bb, ha Cruset, que ha insistido en que \u00absabr\u00e1 el Gobierno lo que hace si no atiende esta nueva realidad\u00bb, que implica de facto que se ha quedado sin capacidad legislativa.<\/p>\n<p class=\"c-paragraph\">El portavoz independentista dice que la postura de Junts <b>es \u00abcontundente\u00bb<\/b> y ha lamentado que S\u00e1nchez se niegue a ver la realidad. \u00abPero la realidad se va a imponer porque el Gobierno ver\u00e1 c\u00f3mo se le van cayendo todas sus iniciativas\u00bb, ha dicho Cruset.<\/p>\n<p class=\"c-paragraph\">\u00abCon un Gobierno que perjudica sistem\u00e1ticamente a Catalu\u00f1a, nuestro grupo pol\u00edtico, a diferencia de lo que pueden haber hecho otros,<b> no va a regalar sus siete votos <\/b>solo para estabilizara\u00a0 Pedro S\u00e1nchez. La gobernabilidad de Espa\u00f1a no es el objetivo de Junts; nosotros estamos al servicio de Catalu\u00f1a\u00bb, ha dicho el portavoz de la formaci\u00f3n catalanista.<\/p>\n<p class=\"c-paragraph\">Preguntado si el Gobierno podr\u00eda dejar de llevar al Congreso iniciativas para no mostrar su debilidad parlamentaria, Josep Maria Cruset ha dicho que\u00a0ser\u00eda como si su hijo dijese que<b> \u00abno va a suspender ning\u00fan examen m\u00e1s porque no ir\u00e1 a clase\u00bb.<\/b><\/p>\n<p class=\"c-paragraph\">\u00abEs una falacia que no tiene ning\u00fan sentido porque si el Gobierno ya no presenta leyes, no hace propuestas y no trae presupuestos\u00bb ser\u00eda<b> \u00abnegar el parlamentarismo y el sistema democr\u00e1tico\u00bb.<\/b><\/p>\n<p class=\"c-paragraph\">\u00abLo pude intentar los primeros d\u00edas o semanas, pero es evidente que los ciudadanos, que son m\u00e1s adultos de lo que a veces pretende el Gobierno, saben interpretar perfectamente en qu\u00e9 momento estamos y cu\u00e1les han sido las causas que han llevado a la situaci\u00f3n actual: <b>el incumplimiento reiterado de los acuerdos<\/b> por parte del Gobierno\u00bb, agrega.<\/p>\n<p class=\"c-paragraph\">Preguntado por si otros partidos tomar\u00e1n el camino de Junts, Cruset ha dicho, en referencia a ERC que <b>\u00absabr\u00e1n ellos si pueden aplaudir<\/b>, como han estado haciendo hasta ahora, los incumplimientos sistem\u00e1ticos del Gobierno que se traducen en un perjuicio sistem\u00e1tico a los ciudadanos de Catalu\u00f1a\u00bb.<\/p>\n","protected":false},"excerpt":{"rendered":"Junts insiste, pese a la sonrisa nerviosa del Gobierno: la ruptura con el PSOE es total, no habr\u00e1&hellip;\n","protected":false},"author":2,"featured_media":225862,"comment_status":"","ping_status":"","sticky":false,"template":"","format":"standard","meta":{"footnotes":""},"categories":[5],"tags":[20766,20948,17,18,25,24,13,14,11,5216,19,20,9,10,15,16,34,2074,23,12,21,22],"class_list":{"0":"post-225861","1":"post","2":"type-post","3":"status-publish","4":"format-standard","5":"has-post-thumbnail","7":"category-titulares","8":"tag-abra","9":"tag-alguien","10":"tag-breaking-news","11":"tag-breakingnews","12":"tag-es","13":"tag-espana","14":"tag-featured-news","15":"tag-featurednews","16":"tag-headlines","17":"tag-junts","18":"tag-latest-news","19":"tag-latestnews","20":"tag-news","21":"tag-noticias","22":"tag-noticias-destacadas","23":"tag-noticiasdestacadas","24":"tag-pide","25":"tag-que","26":"tag-spain","27":"tag-titulares","28":"tag-ultimas-noticias","29":"tag-ultimasnoticias"},"share_on_mastodon":{"url":"https:\/\/pubeurope.com\/@es\/115516708112333516","error":""},"_links":{"self":[{"href":"https:\/\/www.europesays.com\/es\/wp-json\/wp\/v2\/posts\/225861","targetHints":{"allow":["GET"]}}],"collection":[{"href":"https:\/\/www.europesays.com\/es\/wp-json\/wp\/v2\/posts"}],"about":[{"href":"https:\/\/www.europesays.com\/es\/wp-json\/wp\/v2\/types\/post"}],"author":[{"embeddable":true,"href":"https:\/\/www.europesays.com\/es\/wp-json\/wp\/v2\/users\/2"}],"replies":[{"embeddable":true,"href":"https:\/\/www.europesays.com\/es\/wp-json\/wp\/v2\/comments?post=225861"}],"version-history":[{"count":0,"href":"https:\/\/www.europesays.com\/es\/wp-json\/wp\/v2\/posts\/225861\/revisions"}],"wp:featuredmedia":[{"embeddable":true,"href":"https:\/\/www.europesays.com\/es\/wp-json\/wp\/v2\/media\/225862"}],"wp:attachment":[{"href":"https:\/\/www.europesays.com\/es\/wp-json\/wp\/v2\/media?parent=225861"}],"wp:term":[{"taxonomy":"category","embeddable":true,"href":"https:\/\/www.europesays.com\/es\/wp-json\/wp\/v2\/categories?post=225861"},{"taxonomy":"post_tag","embeddable":true,"href":"https:\/\/www.europesays.com\/es\/wp-json\/wp\/v2\/tags?post=225861"}],"curies":[{"name":"wp","href":"https:\/\/api.w.org\/{rel}","templated":true}]}}