{"id":225872,"date":"2025-11-08T23:51:09","date_gmt":"2025-11-08T23:51:09","guid":{"rendered":"https:\/\/www.europesays.com\/es\/225872\/"},"modified":"2025-11-08T23:51:09","modified_gmt":"2025-11-08T23:51:09","slug":"leo-y-lou-una-pelicula-familiar-bonita-y-no-lacrimogena-libertad-digital","status":"publish","type":"post","link":"https:\/\/www.europesays.com\/es\/225872\/","title":{"rendered":"Leo y Lou, una pel\u00edcula familiar bonita y no lacrim\u00f3gena &#8211; Libertad Digital"},"content":{"rendered":"<p>Esta semana nos vamos a acercar a una pel\u00edcula de <strong>cine familiar.<\/strong> No es habitual que yo recomiende pel\u00edculas familiares, pero en esta ocasi\u00f3n la verdad es que me llam\u00f3 mucho la atenci\u00f3n <strong>Leo y Lou<\/strong>, una <strong>road movie<\/strong> en la que una <strong>ni\u00f1a hu\u00e9rfana y muda<\/strong> va a acompa\u00f1ar a un hombre que no ha tenido demasiada suerte en la vida.<\/p>\n<p>\u00c9l la recoger\u00e1 mientras hace autoestop tras haberse escapado del centro de menores en el que vive. El hombre piensa que la lleva junto a sus padres. Es una pel\u00edcula de emociones y de risas contenidas, una pel\u00edcula amable que no se recrea en la emoci\u00f3n lacrim\u00f3gena sino que la contiene y la lleva a un final estupendo y realmente glorioso.<\/p>\n<p>                            &#13;<br \/>\n    Cine con Andr\u00e9s Arconada&#13;<br \/>\n    &#13;<\/p>\n<p><strong>Pincha en el v\u00eddeo<\/strong> para escuchar la cr\u00edtica completa.<\/p>\n<blockquote>\n<p>T\u00edtulo original: Leo &amp; Lou<br \/>G\u00e9nero: Drama &#8211; Comedia<br \/>Pa\u00eds: Espa\u00f1a<br \/>A\u00f1o: 2025<br \/>Duraci\u00f3n: 100 minutos<br \/>Director Carlos Solano<br \/>Reparto: Isak F\u00e9rriz, Manuel Manqui\u00f1a, Marta Larralde, Mar\u00eda Puja, Maggie Civantos<br \/>Fecha de estreno en Espa\u00f1a: 7 de noviembre de 2025<br \/>Distribuidora: Filmax<\/p>\n<\/blockquote>\n","protected":false},"excerpt":{"rendered":"Esta semana nos vamos a acercar a una pel\u00edcula de cine familiar. No es habitual que yo recomiende&hellip;\n","protected":false},"author":2,"featured_media":225873,"comment_status":"","ping_status":"","sticky":false,"template":"","format":"standard","meta":{"footnotes":""},"categories":[169],"tags":[59621,177,22671,146,147,25,24,176,59622,175,59623,59624,3889,23],"class_list":{"0":"post-225872","1":"post","2":"type-post","3":"status-publish","4":"format-standard","5":"has-post-thumbnail","7":"category-cine","8":"tag-carlos-solano","9":"tag-cine","10":"tag-cine-familiar","11":"tag-entertainment","12":"tag-entretenimiento","13":"tag-es","14":"tag-espana","15":"tag-film","16":"tag-leo-y-lou","17":"tag-movies","18":"tag-nina-huerfana-y-muda","19":"tag-road-movie","20":"tag-sector-del-cine","21":"tag-spain"},"share_on_mastodon":{"url":"https:\/\/pubeurope.com\/@es\/115516767240735130","error":""},"_links":{"self":[{"href":"https:\/\/www.europesays.com\/es\/wp-json\/wp\/v2\/posts\/225872","targetHints":{"allow":["GET"]}}],"collection":[{"href":"https:\/\/www.europesays.com\/es\/wp-json\/wp\/v2\/posts"}],"about":[{"href":"https:\/\/www.europesays.com\/es\/wp-json\/wp\/v2\/types\/post"}],"author":[{"embeddable":true,"href":"https:\/\/www.europesays.com\/es\/wp-json\/wp\/v2\/users\/2"}],"replies":[{"embeddable":true,"href":"https:\/\/www.europesays.com\/es\/wp-json\/wp\/v2\/comments?post=225872"}],"version-history":[{"count":0,"href":"https:\/\/www.europesays.com\/es\/wp-json\/wp\/v2\/posts\/225872\/revisions"}],"wp:featuredmedia":[{"embeddable":true,"href":"https:\/\/www.europesays.com\/es\/wp-json\/wp\/v2\/media\/225873"}],"wp:attachment":[{"href":"https:\/\/www.europesays.com\/es\/wp-json\/wp\/v2\/media?parent=225872"}],"wp:term":[{"taxonomy":"category","embeddable":true,"href":"https:\/\/www.europesays.com\/es\/wp-json\/wp\/v2\/categories?post=225872"},{"taxonomy":"post_tag","embeddable":true,"href":"https:\/\/www.europesays.com\/es\/wp-json\/wp\/v2\/tags?post=225872"}],"curies":[{"name":"wp","href":"https:\/\/api.w.org\/{rel}","templated":true}]}}