{"id":225903,"date":"2025-11-09T00:15:09","date_gmt":"2025-11-09T00:15:09","guid":{"rendered":"https:\/\/www.europesays.com\/es\/225903\/"},"modified":"2025-11-09T00:15:09","modified_gmt":"2025-11-09T00:15:09","slug":"golazo-de-linda-caicedo-con-real-madrid-en-triunfo-en-laliga-tudn-futbol","status":"publish","type":"post","link":"https:\/\/www.europesays.com\/es\/225903\/","title":{"rendered":"Golazo de Linda Caicedo con Real Madrid en triunfo en LaLiga | TUDN F\u00fatbol"},"content":{"rendered":"<p>Este s\u00e1bado el cuadro <b>Merengue<\/b> se enfrent\u00f3 al Alhama en la d\u00e9cima fecha del torneo termin\u00f3 goleando por 5-0 y uno de esos goles fue el de la colombiana.<\/p>\n<p>Y es que Caicedo tom\u00f3 el bal\u00f3n en su primer tercio de cancha, y se fue quitando rivales con una velocidad y un control de bal\u00f3n que no se ve muy a menudo, para terminar dentro del \u00e1rea cruzando el disparo para el gol.<\/p>\n<p>De esta forma, el conjunto del Real Madrid se coloc\u00f3 en segundo lugar de la clasificaci\u00f3n con 23 puntos, solo uno abajo del <b>Barcelona<\/b> que es l\u00edder del torneo.<\/p>\n<p>El calendario para Linda Caicedo y el Real Madrid ser\u00e1 fuerte en los pr\u00f3ximos compromisos, primero enfrentar\u00e1n al Par\u00eds Football en la <b>Champions League Femenina<\/b> y despu\u00e9s en LaLiga se medir\u00e1n ante el Barcelona en el Cl\u00e1sico. <\/p>\n","protected":false},"excerpt":{"rendered":"Este s\u00e1bado el cuadro Merengue se enfrent\u00f3 al Alhama en la d\u00e9cima fecha del torneo termin\u00f3 goleando por&hellip;\n","protected":false},"author":2,"featured_media":225904,"comment_status":"","ping_status":"","sticky":false,"template":"","format":"standard","meta":{"footnotes":""},"categories":[93],"tags":[168,25,24,282,3689,59632,37418,3048,23,167],"class_list":{"0":"post-225903","1":"post","2":"type-post","3":"status-publish","4":"format-standard","5":"has-post-thumbnail","7":"category-deportes","8":"tag-deportes","9":"tag-es","10":"tag-espana","11":"tag-futbol","12":"tag-gol","13":"tag-liga-espanola-femenil","14":"tag-linda-caicedo","15":"tag-real-madrid","16":"tag-spain","17":"tag-sports"},"share_on_mastodon":{"url":"https:\/\/pubeurope.com\/@es\/115516861618053608","error":""},"_links":{"self":[{"href":"https:\/\/www.europesays.com\/es\/wp-json\/wp\/v2\/posts\/225903","targetHints":{"allow":["GET"]}}],"collection":[{"href":"https:\/\/www.europesays.com\/es\/wp-json\/wp\/v2\/posts"}],"about":[{"href":"https:\/\/www.europesays.com\/es\/wp-json\/wp\/v2\/types\/post"}],"author":[{"embeddable":true,"href":"https:\/\/www.europesays.com\/es\/wp-json\/wp\/v2\/users\/2"}],"replies":[{"embeddable":true,"href":"https:\/\/www.europesays.com\/es\/wp-json\/wp\/v2\/comments?post=225903"}],"version-history":[{"count":0,"href":"https:\/\/www.europesays.com\/es\/wp-json\/wp\/v2\/posts\/225903\/revisions"}],"wp:featuredmedia":[{"embeddable":true,"href":"https:\/\/www.europesays.com\/es\/wp-json\/wp\/v2\/media\/225904"}],"wp:attachment":[{"href":"https:\/\/www.europesays.com\/es\/wp-json\/wp\/v2\/media?parent=225903"}],"wp:term":[{"taxonomy":"category","embeddable":true,"href":"https:\/\/www.europesays.com\/es\/wp-json\/wp\/v2\/categories?post=225903"},{"taxonomy":"post_tag","embeddable":true,"href":"https:\/\/www.europesays.com\/es\/wp-json\/wp\/v2\/tags?post=225903"}],"curies":[{"name":"wp","href":"https:\/\/api.w.org\/{rel}","templated":true}]}}