{"id":225908,"date":"2025-11-09T00:19:12","date_gmt":"2025-11-09T00:19:12","guid":{"rendered":"https:\/\/www.europesays.com\/es\/225908\/"},"modified":"2025-11-09T00:19:12","modified_gmt":"2025-11-09T00:19:12","slug":"entra-en-vigor-verifactu-obligatorio-para-autonomos-y-empresas","status":"publish","type":"post","link":"https:\/\/www.europesays.com\/es\/225908\/","title":{"rendered":"Entra en vigor VeriFactu, obligatorio para aut\u00f3nomos y empresas"},"content":{"rendered":"<p>La Agencia Tributaria ha puesto en marcha el sistema VeriFactu, un modelo que transformar\u00e1 la manera en que se emiten y registran las facturas en Espa\u00f1a.\u00a0<\/p>\n<p>A partir de 2026, todas las empresas y aut\u00f3nomos deber\u00e1n utilizar programas homologados que garanticen la trazabilidad y autenticidad de cada factura, evitando cualquier posibilidad de manipulaci\u00f3n.<\/p>\n<p>Fechas y obligaciones<\/p>\n<p>El calendario es claro: <strong>desde el 1 de enero de 2026,<\/strong> las sociedades sujetas al Impuesto sobre Sociedades deber\u00e1n estar ya adaptadas, y <strong>desde el 1 de julio de 2026,<\/strong> los aut\u00f3nomos y comunidades de bienes.\u00a0<\/p>\n<p>Los programas de facturaci\u00f3n deber\u00edan estar certificados y cumplir con los requisitos t\u00e9cnicos exigidos por la Agencia Tributaria antes de pasado 29 de julio de 2025.<\/p>\n<p>Cada factura incluir\u00e1 una firma digital, un encadenamiento criptogr\u00e1fico con las anteriores y posteriores, y un c\u00f3digo QR que permitir\u00e1 su verificaci\u00f3n inmediata.<\/p>\n<p>Adem\u00e1s, los datos podr\u00e1n remitirse en tiempo real a la AEAT, garantizando la coherencia entre los registros contables y las declaraciones fiscales.<\/p>\n<p>Sanciones<\/p>\n<p>No adaptarse puede suponer sanciones de <strong>hasta 50.000 euros<\/strong> por ejercicio y p\u00e9rdida de seguridad jur\u00eddica.\u00a0<\/p>\n<p>Sin embargo, la adaptaci\u00f3n ofrece ventajas reales: mejora del control interno, reducci\u00f3n de errores, automatizaci\u00f3n de tareas y una mayor transparencia frente a clientes y proveedores.<\/p>\n<p>\u00bfQui\u00e9nes quedan fuera de este \u00e1mbito?<\/p>\n<p>No estar\u00e1n obligados a aplicar VeriFactu los contribuyentes que ya utilicen el Suministro Inmediato de Informaci\u00f3n (SII), aquellos que tributen en los territorios forales del Pa\u00eds Vasco o Navarra bajo su propia normativa fiscal. <\/p>\n<p>Tampoco tendr\u00e1n que hacerlo las entidades totalmente exentas del Impuesto sobre Sociedades, como organismos p\u00fablicos o entidades gestoras de la Seguridad Social.\u00a0<\/p>\n<p>Tambi\u00e9n podr\u00e1n quedar fuera \u2013previa solicitud y autorizaci\u00f3n de la Agencia Tributaria\u2013 ciertos sectores o contribuyentes para los que el cumplimiento t\u00e9cnico resulte inviable o cause perturbaciones significativas en su actividad.<\/p>\n<p>LA OPINI\u00d3N EXPERTA<\/p>\n<p><strong>PATRICIA FONT<br \/><\/strong><strong>Abogada y colaboradora en <a href=\"http:\/\/www.fontyildiz.com\" target=\"_blank\" rel=\"noreferrer noopener nofollow\">Font &amp; Yildiz<\/a><\/strong><\/p>\n<p>Uno de los mayores retos a efectos tributarios que se plantea para el pr\u00f3ximo ejercicio 2026, es el cumplimiento de los requisitos establecidos por el nuevo sistema de verificaci\u00f3n de facturas, coloquialmente denominado VERI*FACTU.\u00a0<\/p>\n<p>Este sistema exige que las facturas emitidas incorporen un QR que contenga los datos esenciales de la factura y permita que dicha informaci\u00f3n sea remitida a la Administraci\u00f3n Tributaria.\u00a0<\/p>\n<p>Si bien pretende la <strong>mejora del control fiscal y la reducci\u00f3n del fraude,<\/strong> presenta m\u00faltiples desaf\u00edos a las empresas, tales como la adaptaci\u00f3n tecnol\u00f3gica.\u00a0<\/p>\n<p>Muchas empresas todav\u00eda utilizan sistemas de facturaci\u00f3n obsoletos o no informatizados. La obligaci\u00f3n de emplear un software certificado conforme al sistema VERI*FACTU implica inversiones en tecnolog\u00eda y, en algunos casos, una transformaci\u00f3n completa de sus procesos administrativos.\u00a0<\/p>\n<p>A estos efectos, las empresas tendr\u00e1n la opci\u00f3n de acudir a la <strong>plataforma que habilitar\u00e1 la Agencia Tributaria,<\/strong> reduciendo as\u00ed sus costes de inversi\u00f3n, pero con el condicionante del suministro autom\u00e1tico de la informaci\u00f3n a la Agencia. Asimismo, la formaci\u00f3n a los equipos administrativos y financieros.\u00a0<\/p>\n<p><strong>La normativa es compleja y exige conocer detalles t\u00e9cnicos, <\/strong>como el formato del registro, su env\u00edo seguro y la firma digital de los datos. La formaci\u00f3n de los equipos internos es fundamental a efectos de discernir qu\u00e9 cuestiones pueden resolver y cu\u00e1les deben consultar con asesores externos dadas las consecuencias fiscales que puedan acarrear.<\/p>\n<p>En definitiva, VERI*FACTU supone un avance hacia la digitalizaci\u00f3n fiscal, pero conlleva importantes retos de implementaci\u00f3n que deben abordarse con planificaci\u00f3n y asesoramiento de profesionales especializados.<\/p>\n<p><strong>RAUL ALONSO<br \/><\/strong><strong>Abogado \u2013 Dpto. Jur\u00eddico Fiscal en <a href=\"https:\/\/emprendedores.es\/gestion\/finanzas-y-legal\/mateos-legal\/\" target=\"_blank\" rel=\"noreferrer noopener nofollow\">Mateos Legal<\/a><\/strong><\/p>\n<p>En el mes de enero de 2026, entrar\u00e1 en vigor un nuevo sistema de verificaci\u00f3n impulsado por la Agencia Tributaria con el objetivo de luchar contra el fraude fiscal y potenciar la digitalizaci\u00f3n de los procesos de contabilidad empresarial.\u00a0<\/p>\n<p>Con el nuevo sistema, sobre el que a\u00fan existen numerosas dudas relativas a su implementaci\u00f3n, se busca mejorar la transparencia y confianza de las sociedades, no solo frente a la Agencia Tributaria, sino tambi\u00e9n para con sus clientes y proveedores.\u00a0<\/p>\n<p><strong>Las facturas quedar\u00e1n registradas de forma oficial e inalterable, <\/strong>sin posibilidad de manipulaci\u00f3n o alteraci\u00f3n posterior, ya que tendr\u00e1n que enviarse en tiempo real y llevar\u00e1n incorporado un c\u00f3digo QR que permitir\u00e1 al destinatario comprobar inmediatamente y en todo momento su contenido y validez. <\/p>\n<p><strong>Todo ello puede ayudar a las sociedades frente a los clientes y proveedores, transmitiendo una imagen de seriedad, seguridad y confianza.\u00a0<\/strong><\/p>\n<p>Asimismo, la incorporaci\u00f3n del c\u00f3digo QR en las facturas contribuye a la digitalizaci\u00f3n y trazabilidad de las mismas, mejorando y <strong>agilizando la gesti\u00f3n y los procesos de automatizaci\u00f3n <\/strong>a trav\u00e9s de los programas de facturaci\u00f3n, que se han visto obligados a adaptarse a los requisitos del nuevo sistema.\u00a0<\/p>\n<p>Todo ello proporcionar\u00e1 una ventaja tecnol\u00f3gica para las empresas que lo integren cuando sea obligatorio en un futuro cercano la factura electr\u00f3nica.\u00a0<\/p>\n<p>Por \u00faltimo, para evitar confusiones, es importante recordar que el sistema Veri*Factu no es lo mismo que la factura electr\u00f3nica, de la que todav\u00eda no tenemos fecha definitiva de entrada en vigor, y que afectara a todas las empresas y aut\u00f3nomos de forma obligatoria.\u00a0<\/p>\n","protected":false},"excerpt":{"rendered":"La Agencia Tributaria ha puesto en marcha el sistema VeriFactu, un modelo que transformar\u00e1 la manera en que&hellip;\n","protected":false},"author":2,"featured_media":225909,"comment_status":"","ping_status":"","sticky":false,"template":"","format":"standard","meta":{"footnotes":""},"categories":[80],"tags":[82,59633,95,94,25,24,59634,766,23],"class_list":{"0":"post-225908","1":"post","2":"type-post","3":"status-publish","4":"format-standard","5":"has-post-thumbnail","7":"category-economia","8":"tag-business","9":"tag-digitalizaciu00f3n","10":"tag-economia","11":"tag-economy","12":"tag-es","13":"tag-espana","14":"tag-hide","15":"tag-impuestos","16":"tag-spain"},"share_on_mastodon":{"url":"https:\/\/pubeurope.com\/@es\/115516877377624713","error":""},"_links":{"self":[{"href":"https:\/\/www.europesays.com\/es\/wp-json\/wp\/v2\/posts\/225908","targetHints":{"allow":["GET"]}}],"collection":[{"href":"https:\/\/www.europesays.com\/es\/wp-json\/wp\/v2\/posts"}],"about":[{"href":"https:\/\/www.europesays.com\/es\/wp-json\/wp\/v2\/types\/post"}],"author":[{"embeddable":true,"href":"https:\/\/www.europesays.com\/es\/wp-json\/wp\/v2\/users\/2"}],"replies":[{"embeddable":true,"href":"https:\/\/www.europesays.com\/es\/wp-json\/wp\/v2\/comments?post=225908"}],"version-history":[{"count":0,"href":"https:\/\/www.europesays.com\/es\/wp-json\/wp\/v2\/posts\/225908\/revisions"}],"wp:featuredmedia":[{"embeddable":true,"href":"https:\/\/www.europesays.com\/es\/wp-json\/wp\/v2\/media\/225909"}],"wp:attachment":[{"href":"https:\/\/www.europesays.com\/es\/wp-json\/wp\/v2\/media?parent=225908"}],"wp:term":[{"taxonomy":"category","embeddable":true,"href":"https:\/\/www.europesays.com\/es\/wp-json\/wp\/v2\/categories?post=225908"},{"taxonomy":"post_tag","embeddable":true,"href":"https:\/\/www.europesays.com\/es\/wp-json\/wp\/v2\/tags?post=225908"}],"curies":[{"name":"wp","href":"https:\/\/api.w.org\/{rel}","templated":true}]}}