{"id":225912,"date":"2025-11-09T00:21:17","date_gmt":"2025-11-09T00:21:17","guid":{"rendered":"https:\/\/www.europesays.com\/es\/225912\/"},"modified":"2025-11-09T00:21:17","modified_gmt":"2025-11-09T00:21:17","slug":"ayuso-cancela-su-participacion-en-el-congreso-del-pp-andaluz-por-una-leve-indisposicion","status":"publish","type":"post","link":"https:\/\/www.europesays.com\/es\/225912\/","title":{"rendered":"Ayuso cancela su participaci\u00f3n en el congreso del PP andaluz por una \u00ableve indisposici\u00f3n\u00bb"},"content":{"rendered":"<p>08\/11\/2025<br \/>\n<br \/><strong><br \/>\nActualizado a las 10:06h.<br \/>\n<\/strong><\/p>\n<p class=\"voc-p\" style=\"\">La presidenta de la Comunidad de Madrid y del PP madrile\u00f1o, <a href=\"https:\/\/www.abc.es\/noticias\/isabel-diaz-ayuso\/\" title=\"www.abc.es\" data-voc-vtm-id=\"in-text-traffic\" data-mrf-link=\"www.abc.es\" rel=\"nofollow noopener\" target=\"_blank\">Isabel D\u00edaz Ayuso,<\/a> ha cancelado su participaci\u00f3n este s\u00e1bado en el Congreso del PP de Andaluc\u00eda por \u00abuna leve indisposici\u00f3n\u00bb que le ha impedido viajar a Sevilla.<\/p>\n<p class=\"voc-p\" style=\"\">Fuentes de su entorno excusaron as\u00ed  &#8230; su ausencia en el XVII Congreso Auton\u00f3mico del PP de Andaluc\u00eda, que reelegir\u00e1 por cuarta ocasi\u00f3n al presidente del PP de Andaluc\u00eda, <a href=\"https:\/\/www.abc.es\/noticias\/juan-manuel-moreno-bonilla\/\" title=\"www.abc.es\" data-voc-vtm-id=\"in-text-traffic\" data-mrf-link=\"www.abc.es\" rel=\"nofollow noopener\" target=\"_blank\">Juanma Moreno,<\/a> como su l\u00edder.<\/p>\n<p class=\"voc-p\" style=\"\">Ayuso ten\u00eda previsto intervenir entre el presidente de la Regi\u00f3n de Murcia, Fernando L\u00f3pez Miras, y el secretario general del PP, Miguel Tellado, en la jornada de ma\u00f1ana, entre las 12.00 y las 12.30 horas.<\/p>\n<p>\nAgenda del resto del congreso\n<\/p>\n<p class=\"voc-p\" style=\"\">La segunda parte de la jornada arrancar\u00e1 a las 16.00 horas, con una tertulia de alcaldes y alcaldesas del PP de Andaluc\u00eda. En concreto, participar\u00e1n los ediles de Almer\u00eda, Mar\u00eda del Mar V\u00e1zquez: C\u00e1diz, Bruno Garc\u00eda; C\u00f3rdoba, Jos\u00e9 Mar\u00eda Bellido; Granada, Marifran Carazo; Huelva; Pilar Miranda; M\u00e1laga, Francisco de la Torre; y Sevilla, Jos\u00e9 Luis Sanz.<\/p>\n<p class=\"voc-p\" style=\"\">A las 17.00 horas se celebrar\u00e1 la <strong>segunda Ponencia social bajo el t\u00edtulo &#8216;A hombros de gigantes&#8217;<\/strong>, en la que los j\u00f3venes de ARUS (Andaluc\u00eda Racing Team) expondr\u00e1n su experiencia como exponentes del talento juvenil de Andaluc\u00eda al servicio del progreso desde la innovaci\u00f3n y la tecnolog\u00eda; y dar\u00e1n paso a la intervenci\u00f3n de Moreno.<\/p>\n<p>\nArt\u00edculo solo para suscriptores\n<\/p>\n<p>Reportar un error<\/p>\n","protected":false},"excerpt":{"rendered":"08\/11\/2025 Actualizado a las 10:06h. La presidenta de la Comunidad de Madrid y del PP madrile\u00f1o, Isabel D\u00edaz&hellip;\n","protected":false},"author":2,"featured_media":225913,"comment_status":"","ping_status":"","sticky":false,"template":"","format":"standard","meta":{"footnotes":""},"categories":[8],"tags":[16470,6984,17,18,13639,11866,25,24,13,14,11,57507,19,20,22790,9,10,15,16,2599,956,23,12,21,22],"class_list":{"0":"post-225912","1":"post","2":"type-post","3":"status-publish","4":"format-standard","5":"has-post-thumbnail","7":"category-espana","8":"tag-andaluz","9":"tag-ayuso","10":"tag-breaking-news","11":"tag-breakingnews","12":"tag-cancela","13":"tag-congreso","14":"tag-es","15":"tag-espana","16":"tag-featured-news","17":"tag-featurednews","18":"tag-headlines","19":"tag-indisposicion","20":"tag-latest-news","21":"tag-latestnews","22":"tag-leve","23":"tag-news","24":"tag-noticias","25":"tag-noticias-destacadas","26":"tag-noticiasdestacadas","27":"tag-participacion","28":"tag-pp","29":"tag-spain","30":"tag-titulares","31":"tag-ultimas-noticias","32":"tag-ultimasnoticias"},"share_on_mastodon":{"url":"https:\/\/pubeurope.com\/@es\/115516885213070203","error":""},"_links":{"self":[{"href":"https:\/\/www.europesays.com\/es\/wp-json\/wp\/v2\/posts\/225912","targetHints":{"allow":["GET"]}}],"collection":[{"href":"https:\/\/www.europesays.com\/es\/wp-json\/wp\/v2\/posts"}],"about":[{"href":"https:\/\/www.europesays.com\/es\/wp-json\/wp\/v2\/types\/post"}],"author":[{"embeddable":true,"href":"https:\/\/www.europesays.com\/es\/wp-json\/wp\/v2\/users\/2"}],"replies":[{"embeddable":true,"href":"https:\/\/www.europesays.com\/es\/wp-json\/wp\/v2\/comments?post=225912"}],"version-history":[{"count":0,"href":"https:\/\/www.europesays.com\/es\/wp-json\/wp\/v2\/posts\/225912\/revisions"}],"wp:featuredmedia":[{"embeddable":true,"href":"https:\/\/www.europesays.com\/es\/wp-json\/wp\/v2\/media\/225913"}],"wp:attachment":[{"href":"https:\/\/www.europesays.com\/es\/wp-json\/wp\/v2\/media?parent=225912"}],"wp:term":[{"taxonomy":"category","embeddable":true,"href":"https:\/\/www.europesays.com\/es\/wp-json\/wp\/v2\/categories?post=225912"},{"taxonomy":"post_tag","embeddable":true,"href":"https:\/\/www.europesays.com\/es\/wp-json\/wp\/v2\/tags?post=225912"}],"curies":[{"name":"wp","href":"https:\/\/api.w.org\/{rel}","templated":true}]}}