{"id":225914,"date":"2025-11-09T00:22:26","date_gmt":"2025-11-09T00:22:26","guid":{"rendered":"https:\/\/www.europesays.com\/es\/225914\/"},"modified":"2025-11-09T00:22:26","modified_gmt":"2025-11-09T00:22:26","slug":"muere-una-joven-de-22-anos-en-un-brutal-accidente-de-madrugada-en-salamanca","status":"publish","type":"post","link":"https:\/\/www.europesays.com\/es\/225914\/","title":{"rendered":"Muere una joven de 22 a\u00f1os en un brutal accidente de madrugada en Salamanca"},"content":{"rendered":"<p style=\"\">Accidente fatal en la madrugada de este s\u00e1bado en Salamanca capital. Eran <strong>en torno a las 4.50 horas de la madrugada<\/strong> de este s\u00e1bado cuando entraba una llamada a la sala de operaciones del 1-1-2 Castilla y Le\u00f3n avisando de la  &#8230; <a href=\"https:\/\/www.abc.es\/espana\/castilla-leon\/muere-conductor-camion-salio-via-a62-quedo-20251013105910-nt.html\" target=\"_self\" data-voc-vtm-id=\"in-text-traffic\" title=\"salida\" rel=\"nofollow noopener\">salida<\/a> de v\u00eda de un turismo ocurrida a la altura del n\u00famero 81 de la calle Calzada de Medina, una v\u00eda que discurre &#8216;encajonada&#8217; entre construcciones y la valla de las v\u00edas del tren.<\/p>\n<p class=\"voc-p\" style=\"\">Seg\u00fan el aviso,<strong> las tres personas viajaban a bordo<\/strong> del veh\u00edculo siniestrado est\u00e1n heridas y, adem\u00e1s, atrapadas dentro del habit\u00e1culo sin poder salir. <\/p>\n<p class=\"voc-p\" style=\"\">Desde el 1-1-2 se daba aviso de este accidente a la Polic\u00eda Local y los Bomberos de Salamanca, al Cuerpo Nacional de Polic\u00eda y al centro coordinador de urgencias (CCU) de Emergencias Sanitarias &#8211; Sacyl, desde el que env\u00edan una UVI m\u00f3vil y dos ambulancias de soporte vital b\u00e1sico.<\/p>\n<p class=\"voc-p\" style=\"\">En el lugar del siniestro, los organismos de emergencias confirmaba el <strong>fallecimiento de una de las personas heridas, una mujer de 22 a\u00f1os<\/strong>, mientras que el personal sanitario de Sacyl atiende adem\u00e1s a otras dos personas <a href=\"https:\/\/www.abc.es\/espana\/castilla-leon\/puente-negro-carreteras-cinco-muertos-accidentes-20251013191853-nt.html\" target=\"_self\" data-voc-vtm-id=\"in-text-traffic\" title=\"heridas\" rel=\"nofollow noopener\">heridas<\/a>, dos mujeres 25 y 19 a\u00f1os, a quienes traslada m\u00e1s tarde la ambulancia de soporte vital b\u00e1sico y la UVI m\u00f3vil al hospital de Salamanca.<\/p>\n<p class=\"voc-p\" style=\"\">Con las luces del d\u00eda, pasadas horas, ah\u00ed segu\u00eda el coche hasta que se lo llevaba una gr\u00faa y se percib\u00eda la burtalidad del impacto, sin m\u00e1s veh\u00edculos aparentemente implicados en un accidente del que se est\u00e1n investigando las causas. La colisi\u00f3n era tan fuerte que el turismo, de alta gama, quedaba totalmente destrozado en su parte delantera y con parte esparcida sobre la calle.<\/p>\n","protected":false},"excerpt":{"rendered":"Accidente fatal en la madrugada de este s\u00e1bado en Salamanca capital. Eran en torno a las 4.50 horas&hellip;\n","protected":false},"author":2,"featured_media":225915,"comment_status":"","ping_status":"","sticky":false,"template":"","format":"standard","meta":{"footnotes":""},"categories":[5],"tags":[4205,988,17,18,1563,25,24,13,14,11,27051,1928,19,20,17745,8938,9,10,15,16,59635,3614,23,12,21,22],"class_list":{"0":"post-225914","1":"post","2":"type-post","3":"status-publish","4":"format-standard","5":"has-post-thumbnail","7":"category-titulares","8":"tag-accidente","9":"tag-anos","10":"tag-breaking-news","11":"tag-breakingnews","12":"tag-dos","13":"tag-es","14":"tag-espana","15":"tag-featured-news","16":"tag-featurednews","17":"tag-headlines","18":"tag-heridas","19":"tag-joven","20":"tag-latest-news","21":"tag-latestnews","22":"tag-madrugada","23":"tag-muere","24":"tag-news","25":"tag-noticias","26":"tag-noticias-destacadas","27":"tag-noticiasdestacadas","28":"tag-resultan","29":"tag-salamanca","30":"tag-spain","31":"tag-titulares","32":"tag-ultimas-noticias","33":"tag-ultimasnoticias"},"share_on_mastodon":{"url":"https:\/\/pubeurope.com\/@es\/115516889034787862","error":""},"_links":{"self":[{"href":"https:\/\/www.europesays.com\/es\/wp-json\/wp\/v2\/posts\/225914","targetHints":{"allow":["GET"]}}],"collection":[{"href":"https:\/\/www.europesays.com\/es\/wp-json\/wp\/v2\/posts"}],"about":[{"href":"https:\/\/www.europesays.com\/es\/wp-json\/wp\/v2\/types\/post"}],"author":[{"embeddable":true,"href":"https:\/\/www.europesays.com\/es\/wp-json\/wp\/v2\/users\/2"}],"replies":[{"embeddable":true,"href":"https:\/\/www.europesays.com\/es\/wp-json\/wp\/v2\/comments?post=225914"}],"version-history":[{"count":0,"href":"https:\/\/www.europesays.com\/es\/wp-json\/wp\/v2\/posts\/225914\/revisions"}],"wp:featuredmedia":[{"embeddable":true,"href":"https:\/\/www.europesays.com\/es\/wp-json\/wp\/v2\/media\/225915"}],"wp:attachment":[{"href":"https:\/\/www.europesays.com\/es\/wp-json\/wp\/v2\/media?parent=225914"}],"wp:term":[{"taxonomy":"category","embeddable":true,"href":"https:\/\/www.europesays.com\/es\/wp-json\/wp\/v2\/categories?post=225914"},{"taxonomy":"post_tag","embeddable":true,"href":"https:\/\/www.europesays.com\/es\/wp-json\/wp\/v2\/tags?post=225914"}],"curies":[{"name":"wp","href":"https:\/\/api.w.org\/{rel}","templated":true}]}}