{"id":225916,"date":"2025-11-09T00:26:05","date_gmt":"2025-11-09T00:26:05","guid":{"rendered":"https:\/\/www.europesays.com\/es\/225916\/"},"modified":"2025-11-09T00:26:05","modified_gmt":"2025-11-09T00:26:05","slug":"golf-concierto-por-el-v-aniversario-del-dia-de-la-victoria-y-fuego-entre-afganistan-y-pakistan-el-dia-en-fotos","status":"publish","type":"post","link":"https:\/\/www.europesays.com\/es\/225916\/","title":{"rendered":"Golf: Concierto por el V Aniversario del D\u00eda de la Victoria y fuego entre Afganist\u00e1n y Pakist\u00e1n: el d\u00eda en fotos"},"content":{"rendered":"<p>08\/11\/2025 05:00 &#8211;                                                                                                 Actualizado: 08\/11\/2025 19:28<\/p>\n<p>\u00abEntre las muchas maneras de combatir la nada, una de las mejores es sacar fotograf\u00edas\u00bb. Lo dijo Julio Cort\u00e1zar y cada d\u00eda lo ponen en pr\u00e1ctica cientos de fotoperiodistas en todos los rincones del mundo. En esta secci\u00f3n recopilamos las mejores im\u00e1genes de las \u00faltimas 24 horas para disfrutar del trabajo de todos aquellos que cuentan historias sin necesidad de usar la palabra.<\/p>\n","protected":false},"excerpt":{"rendered":"08\/11\/2025 05:00 &#8211; Actualizado: 08\/11\/2025 19:28 \u00abEntre las muchas maneras de combatir la nada, una de las mejores&hellip;\n","protected":false},"author":2,"featured_media":225917,"comment_status":"","ping_status":"","sticky":false,"template":"","format":"standard","meta":{"footnotes":""},"categories":[275],"tags":[9546,10051,9807,2339,168,978,160,25,24,17959,1016,4513,329,28219,5043,23,167,21566,1261],"class_list":{"0":"post-225916","1":"post","2":"type-post","3":"status-publish","4":"format-standard","5":"has-post-thumbnail","7":"category-golf","8":"tag-9546","9":"tag-afganistan","10":"tag-aniversario","11":"tag-concierto","12":"tag-deportes","13":"tag-dia","14":"tag-entre","15":"tag-es","16":"tag-espana","17":"tag-fotogalerias","18":"tag-fotos","19":"tag-fuego","20":"tag-golf","21":"tag-pakistan","22":"tag-por","23":"tag-spain","24":"tag-sports","25":"tag-v","26":"tag-victoria"},"share_on_mastodon":{"url":"https:\/\/pubeurope.com\/@es\/115516904736436550","error":""},"_links":{"self":[{"href":"https:\/\/www.europesays.com\/es\/wp-json\/wp\/v2\/posts\/225916","targetHints":{"allow":["GET"]}}],"collection":[{"href":"https:\/\/www.europesays.com\/es\/wp-json\/wp\/v2\/posts"}],"about":[{"href":"https:\/\/www.europesays.com\/es\/wp-json\/wp\/v2\/types\/post"}],"author":[{"embeddable":true,"href":"https:\/\/www.europesays.com\/es\/wp-json\/wp\/v2\/users\/2"}],"replies":[{"embeddable":true,"href":"https:\/\/www.europesays.com\/es\/wp-json\/wp\/v2\/comments?post=225916"}],"version-history":[{"count":0,"href":"https:\/\/www.europesays.com\/es\/wp-json\/wp\/v2\/posts\/225916\/revisions"}],"wp:featuredmedia":[{"embeddable":true,"href":"https:\/\/www.europesays.com\/es\/wp-json\/wp\/v2\/media\/225917"}],"wp:attachment":[{"href":"https:\/\/www.europesays.com\/es\/wp-json\/wp\/v2\/media?parent=225916"}],"wp:term":[{"taxonomy":"category","embeddable":true,"href":"https:\/\/www.europesays.com\/es\/wp-json\/wp\/v2\/categories?post=225916"},{"taxonomy":"post_tag","embeddable":true,"href":"https:\/\/www.europesays.com\/es\/wp-json\/wp\/v2\/tags?post=225916"}],"curies":[{"name":"wp","href":"https:\/\/api.w.org\/{rel}","templated":true}]}}