{"id":225918,"date":"2025-11-09T00:28:08","date_gmt":"2025-11-09T00:28:08","guid":{"rendered":"https:\/\/www.europesays.com\/es\/225918\/"},"modified":"2025-11-09T00:28:08","modified_gmt":"2025-11-09T00:28:08","slug":"el-encuentro-entre-wout-van-aert-y-reggie-miller-leyenda-de-la-nba-y-avido-cicloturista-con-exhibicion-de-mecanica-de-tiro-del-belga","status":"publish","type":"post","link":"https:\/\/www.europesays.com\/es\/225918\/","title":{"rendered":"El encuentro entre Wout Van Aert y Reggie Miller, leyenda de la NBA y \u00e1vido cicloturista&#8230; \u00a1con &#8216;exhibici\u00f3n&#8217; de mec\u00e1nica de tiro del belga!"},"content":{"rendered":"<p class=\"typo-tk-rs-caption-xs\">La \u00e9pica subida de Pogacar a Montmartre y el impresionante aceler\u00f3n de Van Aert para soltarle<\/p>\n<p class=\"typo-tk-rs-caption-xs\">Autor del v\u00eddeo: Eurosport<\/p>\n<p><b data-testid=\"body-text-bold\">Reggie Miller,<\/b> miembro del Sal\u00f3n de la Fama de la NBA y retirado hace ya dos d\u00e9cadas en 2005 tras jugar 18 a\u00f1os en la liga de baloncesto m\u00e1s potente del mundo, <b data-testid=\"body-text-bold\">lleva practicando ciclismo con fruici\u00f3n desde que colg\u00f3 las zapatillas<\/b>. El mito de los Indiana Pacers ha tenido contratos personales con multitud de marcas del sector y se ha prodigado por carretera, mountain bike e incluso gravel.<\/p>\n<p>No fue sorprendente, por tanto, ver al legendario escolta (y su 2&#8217;01 de estatura) reunirse con <b data-testid=\"body-text-bold\">Wout Van Aert <\/b>en las instalaciones de un patrocinador conjunto de ambos, <b data-testid=\"body-text-bold\">este jueves en Santa M\u00f3nica, California.<\/b> Acompa\u00f1ados por un influencer y entrenador de tiro, el conocido Chris Matthews, <b data-testid=\"body-text-bold\">trataron de pulir, aparentemente sin mucho \u00e9xito, la mec\u00e1nica de tiro <\/b>del m\u00faltiple campe\u00f3n mundial de ciclocross.<\/p>\n<p>Van Aert, que en esta visita de Visma a Estados Unidos ha estado acompa\u00f1ado por la tambi\u00e9n corredora de la estructura neerlandesa, Margaux Vigi\u00e9, <b data-testid=\"body-text-bold\">ha rodado con aficionados por carreteras californianas <\/b>e incluso <b data-testid=\"body-text-bold\">visitado el Crypto.com Arena (antiguo Staples Center), la casa de Los Angeles Lakers<\/b>, donde ambos disfrutaron de las andanzas de <b data-testid=\"body-text-bold\">Luka Doncic<\/b>, Austin Reaves y compa\u00f1\u00eda.<\/p>\n<p>Por ahora se desconocen detalles sobre c\u00f3mo afrontar\u00e1 Van Aert su <b data-testid=\"body-text-bold\">temporada de ciclocross<\/b>, aunque el belga comenz\u00f3 a entrenar hace algunas semanas -su campa\u00f1a 2025 hab\u00eda concluido pronto, el 20 de septiembre- y su debut no deber\u00e1 retrasarse m\u00e1s all\u00e1 de las Navidades. Wout ya ha dejado entrever, eso s\u00ed, que su periplo de CX de este invierno no ser\u00e1 muy extenso. <a class=\"typo-tk-rs-body-md focus-visible:text-focused-text-fill-01 focus-visible:bg-focused-surface-fill-01 hover:underline focus-visible:outline-none text-content-block-default-text-fill-04 hover:text-content-block-default-text-fill-01 active:text-content-block-default-text-fill-03\" target=\"_self\" href=\"https:\/\/www.eurosport.es\/ciclocross\/calendario-fechas-eventos-temporada-2025-2026-van-der-poel-van-aert-pidcock-felipe-orts-mundiales-uci-campeonatos-de-europa-superprestige-exact-cross-x20-trofee-donde-ver_sto23231008\/story.shtml\" data-testid=\"body-hyper-link\" rel=\"nofollow noopener\">Todas sus carreras<\/a> se ver\u00e1n en Eurosport <a class=\"typo-tk-rs-body-md focus-visible:text-focused-text-fill-01 focus-visible:bg-focused-surface-fill-01 hover:underline focus-visible:outline-none text-content-block-default-text-fill-04 hover:text-content-block-default-text-fill-01 active:text-content-block-default-text-fill-03\" target=\"_blank\" rel=\"noopener nofollow\" href=\"https:\/\/www.hbomax.com\/es\/es\/sports?utm_medium=referral&amp;utm_source=eurosport.es&amp;utm_content=home-page-content-dynamicBanner-subscribe&amp;utm_campaign=ES-EU-E1-EU-C7-EU-BAU-DR-W-AllSports-Undefined-250101-NA\" data-testid=\"body-hyper-link\">y HBO Max.<\/a><\/p>\n","protected":false},"excerpt":{"rendered":"La \u00e9pica subida de Pogacar a Montmartre y el impresionante aceler\u00f3n de Van Aert para soltarle Autor del&hellip;\n","protected":false},"author":2,"featured_media":225919,"comment_status":"","ping_status":"","sticky":false,"template":"","format":"standard","meta":{"footnotes":""},"categories":[273],"tags":[313,312,168,25,24,23,167],"class_list":{"0":"post-225918","1":"post","2":"type-post","3":"status-publish","4":"format-standard","5":"has-post-thumbnail","7":"category-ciclismo","8":"tag-ciclismo","9":"tag-cycling","10":"tag-deportes","11":"tag-es","12":"tag-espana","13":"tag-spain","14":"tag-sports"},"share_on_mastodon":{"url":"https:\/\/pubeurope.com\/@es\/115516912636201495","error":""},"_links":{"self":[{"href":"https:\/\/www.europesays.com\/es\/wp-json\/wp\/v2\/posts\/225918","targetHints":{"allow":["GET"]}}],"collection":[{"href":"https:\/\/www.europesays.com\/es\/wp-json\/wp\/v2\/posts"}],"about":[{"href":"https:\/\/www.europesays.com\/es\/wp-json\/wp\/v2\/types\/post"}],"author":[{"embeddable":true,"href":"https:\/\/www.europesays.com\/es\/wp-json\/wp\/v2\/users\/2"}],"replies":[{"embeddable":true,"href":"https:\/\/www.europesays.com\/es\/wp-json\/wp\/v2\/comments?post=225918"}],"version-history":[{"count":0,"href":"https:\/\/www.europesays.com\/es\/wp-json\/wp\/v2\/posts\/225918\/revisions"}],"wp:featuredmedia":[{"embeddable":true,"href":"https:\/\/www.europesays.com\/es\/wp-json\/wp\/v2\/media\/225919"}],"wp:attachment":[{"href":"https:\/\/www.europesays.com\/es\/wp-json\/wp\/v2\/media?parent=225918"}],"wp:term":[{"taxonomy":"category","embeddable":true,"href":"https:\/\/www.europesays.com\/es\/wp-json\/wp\/v2\/categories?post=225918"},{"taxonomy":"post_tag","embeddable":true,"href":"https:\/\/www.europesays.com\/es\/wp-json\/wp\/v2\/tags?post=225918"}],"curies":[{"name":"wp","href":"https:\/\/api.w.org\/{rel}","templated":true}]}}