{"id":225920,"date":"2025-11-09T00:30:11","date_gmt":"2025-11-09T00:30:11","guid":{"rendered":"https:\/\/www.europesays.com\/es\/225920\/"},"modified":"2025-11-09T00:30:11","modified_gmt":"2025-11-09T00:30:11","slug":"al-san-pablo-se-le-escapa-la-victoria-por-detalles-en-tenerife","status":"publish","type":"post","link":"https:\/\/www.europesays.com\/es\/225920\/","title":{"rendered":"Al San Pablo se le escapa la victoria por detalles en Tenerife"},"content":{"rendered":"<p>El <strong>Recoletas Salud San Pablo<\/strong> ha encajado una nueva derrota en la cancha del <strong>Laguna Tenerife<\/strong>, pero se ha mantenido en el choque hasta el \u00faltimo segundo y ha vendido muy cara su piel. La falta de acierto en momentos puntuales, la eliminaci\u00f3n de jugadores importantes y una nueva exhibici\u00f3n de <strong>Marcelinho Huertas <\/strong>(28 puntos y 37 de valoraci\u00f3n) han acabado decantando la balanza a favor de los canarios <strong>(101-97)<\/strong>.<\/p>\n<p>El conjunto de Bruno Savignani plant\u00f3 cara al todopoderoso Tenerife y le puso en apuros durante bastantes minutos. Los canarios llegaron a tener <strong>una renta de 10 puntos<\/strong> en algunas fases del choque, pero el San Pablo sigui\u00f3 insistiendo y, a pesar de la<strong> lesi\u00f3n de Samuels<\/strong> y la eliminaci\u00f3n de Fischer, De Sousa, Jackson y Nzosa, lleg\u00f3 al tramo final con el partido en un pu\u00f1o y dando una buena imagen. <strong>Corbal\u00e1n <\/strong>intent\u00f3 obrar la remontada con dos triples, pero finalmente la victoria se qued\u00f3 en la isla. Detalles como tiros adicionales fallados, alguna falta innecesaria y malas decisiones en ataque, sobre todo las de Leo Meindl en el momento crucial, dieron aire a un rival que no acostumbra a perdonar errores.<\/p>\n","protected":false},"excerpt":{"rendered":"El Recoletas Salud San Pablo ha encajado una nueva derrota en la cancha del Laguna Tenerife, pero se&hellip;\n","protected":false},"author":2,"featured_media":225921,"comment_status":"","ping_status":"","sticky":false,"template":"","format":"standard","meta":{"footnotes":""},"categories":[269],"tags":[299,298,36908,168,25,24,23,167,1370],"class_list":{"0":"post-225920","1":"post","2":"type-post","3":"status-publish","4":"format-standard","5":"has-post-thumbnail","7":"category-baloncesto","8":"tag-baloncesto","9":"tag-basketball","10":"tag-dani-diez","11":"tag-deportes","12":"tag-es","13":"tag-espana","14":"tag-spain","15":"tag-sports","16":"tag-tenerife"},"share_on_mastodon":{"url":"https:\/\/pubeurope.com\/@es\/115516920794388527","error":""},"_links":{"self":[{"href":"https:\/\/www.europesays.com\/es\/wp-json\/wp\/v2\/posts\/225920","targetHints":{"allow":["GET"]}}],"collection":[{"href":"https:\/\/www.europesays.com\/es\/wp-json\/wp\/v2\/posts"}],"about":[{"href":"https:\/\/www.europesays.com\/es\/wp-json\/wp\/v2\/types\/post"}],"author":[{"embeddable":true,"href":"https:\/\/www.europesays.com\/es\/wp-json\/wp\/v2\/users\/2"}],"replies":[{"embeddable":true,"href":"https:\/\/www.europesays.com\/es\/wp-json\/wp\/v2\/comments?post=225920"}],"version-history":[{"count":0,"href":"https:\/\/www.europesays.com\/es\/wp-json\/wp\/v2\/posts\/225920\/revisions"}],"wp:featuredmedia":[{"embeddable":true,"href":"https:\/\/www.europesays.com\/es\/wp-json\/wp\/v2\/media\/225921"}],"wp:attachment":[{"href":"https:\/\/www.europesays.com\/es\/wp-json\/wp\/v2\/media?parent=225920"}],"wp:term":[{"taxonomy":"category","embeddable":true,"href":"https:\/\/www.europesays.com\/es\/wp-json\/wp\/v2\/categories?post=225920"},{"taxonomy":"post_tag","embeddable":true,"href":"https:\/\/www.europesays.com\/es\/wp-json\/wp\/v2\/tags?post=225920"}],"curies":[{"name":"wp","href":"https:\/\/api.w.org\/{rel}","templated":true}]}}