{"id":225928,"date":"2025-11-09T00:37:14","date_gmt":"2025-11-09T00:37:14","guid":{"rendered":"https:\/\/www.europesays.com\/es\/225928\/"},"modified":"2025-11-09T00:37:14","modified_gmt":"2025-11-09T00:37:14","slug":"que-dicen-las-criticas-de-frankenstein-la-nueva-pelicula-de-guillermo-del-toro-ya-disponible-en-netflix","status":"publish","type":"post","link":"https:\/\/www.europesays.com\/es\/225928\/","title":{"rendered":"Qu\u00e9 dicen las cr\u00edticas de Frankenstein, la nueva pel\u00edcula de Guillermo del Toro ya disponible en Netflix"},"content":{"rendered":"<p><img alt=\"Oscar Isaac da vida a\" class=\"global-image\" decoding=\"async\" fetchpriority=\"high\" height=\"1080\" loading=\"eager\" src=\"https:\/\/www.europesays.com\/es\/wp-content\/uploads\/2025\/11\/FX3355LPZFGULBW4EGAMTBKGDM.jpg\" width=\"1920\"\/>Oscar Isaac da vida a V\u00edctor Frankenstein, el cient\u00edfico que desaf\u00eda los l\u00edmites de la naturaleza en la adaptaci\u00f3n de Guillermo del Toro para Netflix. Woroner\/Netflix \u00a9 2025.<\/p>\n<p class=\"paragraph\">El <b>7 de noviembre de 2025<\/b> lleg\u00f3 a <b>Netflix<\/b> una de las pel\u00edculas m\u00e1s esperadas del a\u00f1o: Frankenstein, la adaptaci\u00f3n de <b>Guillermo del Toro<\/b> de la cl\u00e1sica novela g\u00f3tica escrita por <b>Mary Shelley<\/b> en 1818. El cineasta mexicano, ganador del \u00d3scar por La forma del agua, re\u00fane a un elenco de primer nivel encabezado por <b>Oscar Isaac<\/b>, <b>Jacob Elordi<\/b>, <b>Mia Goth<\/b> y <b>Christoph Waltz<\/b> para reinterpretar una historia que ha fascinado al p\u00fablico durante m\u00e1s de dos siglos.<\/p>\n<p class=\"paragraph\">Del Toro ha reconocido en diversas entrevistas que esta obra ha sido una obsesi\u00f3n personal desde hace d\u00e9cadas. \u201c<b>He vivido con la creaci\u00f3n de Mary Shelley toda mi vida. Para m\u00ed, es la Biblia<\/b>\u201d, declar\u00f3. \u201cQuer\u00eda hacerla m\u00eda, cantarla en un tono diferente, con una emoci\u00f3n distinta\u201d. Con esta pel\u00edcula, el director busca explorar los dilemas morales y emocionales de la novela original desde una mirada m\u00e1s humana, donde el monstruo no es simplemente una criatura, sino un reflejo del alma humana.<\/p>\n<p class=\"paragraph\">La historia sigue a <b>V\u00edctor Frankenstein<\/b>, un joven cient\u00edfico que, impulsado por la ambici\u00f3n de superar los l\u00edmites de la naturaleza, logra dar vida a un ser construido a partir de partes de cad\u00e1veres. Sin embargo, horrorizado por el resultado, lo abandona, lo que desata una cadena de tragedias y venganza. La narrativa profundiza en temas como <b>la responsabilidad del creador, la soledad y el rechazo social<\/b>, elementos que Del Toro ha retomado con fidelidad y sensibilidad.<\/p>\n<p><img alt=\"Jacob Elordi interpreta a la\" class=\"global-image\" decoding=\"async\" fetchpriority=\"low\" height=\"1080\" loading=\"lazy\" src=\"https:\/\/www.europesays.com\/es\/wp-content\/uploads\/2025\/11\/OYC5KRDSHVDDFGEQ33P77VLGVM.jpg\" width=\"1920\"\/>Jacob Elordi interpreta a la criatura en Frankenstein, un papel para el que pas\u00f3 hasta diez horas diarias en maquillaje durante el rodaje en Toronto y Escocia.<\/p>\n<p class=\"paragraph\">A lo largo de la historia, Frankenstein ha tenido innumerables versiones en cine y televisi\u00f3n, desde la ic\u00f3nica pel\u00edcula de <b>James Whale<\/b> de 1931 hasta reinterpretaciones contempor\u00e1neas como Frankenstein: Rise of a Monster (2019). Sin embargo, lo que distingue esta nueva adaptaci\u00f3n es el enfoque profundamente emocional y visualmente po\u00e9tico caracter\u00edstico de Del Toro.<\/p>\n<p class=\"paragraph\">El rodaje se llev\u00f3 a cabo entre <b>Toronto y Escocia<\/b>, escenarios que el director eligi\u00f3 por su atm\u00f3sfera melanc\u00f3lica y su arquitectura g\u00f3tica. All\u00ed, Jacob Elordi \u2014quien interpreta a la criatura\u2014 pas\u00f3 hasta <b>diez horas diarias en la silla de maquillaje<\/b> para transformarse f\u00edsicamente. El actor explic\u00f3 que su evoluci\u00f3n f\u00edsica en pantalla refleja tambi\u00e9n el viaje emocional del personaje: \u201cCuando nace, no lleva casi nada puesto. Tiene el pecho abierto y la cabeza alta. Luego, cuando empieza a sentir dolor, se encorva. Y de adulto, se cierra\u201d.<\/p>\n<p class=\"paragraph\">El papel de V\u00edctor Frankenstein recae en <b>Oscar Isaac<\/b>, quien encarna a un cient\u00edfico brillante, egoc\u00e9ntrico y cada vez m\u00e1s obsesionado con desafiar la muerte. Seg\u00fan medios especializados, su interpretaci\u00f3n transita entre la genialidad y la locura, mostrando un hombre atrapado en su propio experimento. Completan el elenco <b>Mia Goth<\/b>, como Elizabeth, y <b>Christoph Waltz<\/b>, como el enigm\u00e1tico Heinrich Harlander, un mecenas que se ve envuelto en los peligrosos l\u00edmites de la ciencia.<\/p>\n<p><img alt=\"Frankenstein de Guillermo del Toro\" class=\"global-image\" decoding=\"async\" fetchpriority=\"low\" height=\"1080\" loading=\"lazy\" src=\"https:\/\/www.europesays.com\/es\/wp-content\/uploads\/2025\/11\/6QN4CJ6RBJCS3EMTQMCSI2UVWQ.jpg\" width=\"1920\"\/>Frankenstein de Guillermo del Toro mantiene la esencia de la novela de Mary Shelley, explorando temas de ambici\u00f3n, soledad y responsabilidad moral.<\/p>\n<p class=\"paragraph\">Frankenstein tuvo su <b>estreno mundial en el Festival Internacional de Cine de Venecia<\/b>, donde fue recibida con una <b>ovaci\u00f3n de 13 minutos<\/b>, consolidando a Del Toro como uno de los autores m\u00e1s admirados del cine contempor\u00e1neo. Desde entonces, la cr\u00edtica internacional ha reaccionado con entusiasmo, destacando tanto la est\u00e9tica visual como las interpretaciones del elenco.<\/p>\n<p class=\"paragraph\">El medio Variety elogi\u00f3 particularmente la transformaci\u00f3n de Jacob Elordi, describiendo su actuaci\u00f3n como \u201cuna interpretaci\u00f3n f\u00edsica y emocionalmente devastadora\u201d. Adem\u00e1s, resalt\u00f3 el trabajo de maquillaje y dise\u00f1o de producci\u00f3n, calific\u00e1ndolo de \u201cuno de los logros t\u00e9cnicos m\u00e1s notables del cine reciente\u201d.<\/p>\n<p class=\"paragraph\">Por su parte, <b>Fotogramas<\/b> destac\u00f3 el estilo inconfundible del cineasta: \u201cGuillermo del Toro emerge como el paradigma del autor total, un director que construye universos fant\u00e1sticos para <b>celebrar la singularidad humana y denunciar el despotismo institucional<\/b>. Nadie ama a los monstruos como \u00e9l, y su versi\u00f3n de Frankenstein vuelve a confirmarlo\u201d.<\/p>\n<p><img alt=\"La cr\u00edtica internacional calific\u00f3 la\" class=\"global-image\" decoding=\"async\" fetchpriority=\"low\" height=\"1080\" loading=\"lazy\" src=\"https:\/\/www.europesays.com\/es\/wp-content\/uploads\/2025\/11\/QIUEZSVEKNAJXANZTLJWWQQPWQ.jpg\" width=\"1920\"\/>La cr\u00edtica internacional calific\u00f3 la versi\u00f3n de Frankenstein como una de las obras m\u00e1s bellas y conmovedoras del director mexicano.Netflix \u00a9 2025.<\/p>\n<p class=\"paragraph\">La publicaci\u00f3n <b>Deadline<\/b> tambi\u00e9n subray\u00f3 la fuerza del reparto. \u201cElordi est\u00e1 magn\u00edfico en un papel muy distinto al que acostumbra, mientras que Isaac se hunde en la locura con un ego desbordante. Christoph Waltz aporta elegancia y ambig\u00fcedad moral, y <b>Mia Goth parece destinada a encabezar una futura secuela inspirada en <\/b><b>La novia de Frankenstein<\/b>, si Del Toro decide continuar la historia\u201d.<\/p>\n<p class=\"paragraph\">Para The Hollywood Reporter, la pel\u00edcula es \u201c<b>una narraci\u00f3n a escala \u00e9pica, de excepcional belleza y creatividad art\u00edstica<\/b>\u201d, mientras que <b>The Guardian<\/b> la defini\u00f3 como \u201cun melodrama monstruosamente bello\u201d. En <b>The Wrap<\/b>, el tono fue similar: \u201cEs monstruosamente conmovedora\u201d.<\/p>\n<p class=\"paragraph\">Incluso medios m\u00e1s conservadores en sus cr\u00edticas, como <b>The Telegraph<\/b>, se rindieron ante la interpretaci\u00f3n de Elordi, se\u00f1alando que su belleza y vulnerabilidad \u201c<b>hacen sentir simpat\u00eda por el diablo<\/b>\u201d. En tanto, <b>Collider<\/b> destac\u00f3 la maestr\u00eda del director para combinar horror y ternura, afirmando que \u201cDel Toro no solo adapta la historia, sino que <b>le da nueva vida de una forma preciosa<\/b>\u201d.<\/p>\n<p><img alt=\"Frankenstein, protagonizada por Oscar Isaac,\" class=\"global-image\" decoding=\"async\" fetchpriority=\"low\" height=\"1280\" loading=\"lazy\" src=\"https:\/\/www.europesays.com\/es\/wp-content\/uploads\/2025\/11\/U7LBKC26BZGWRNOOGB44UYMPTE.jpg\" width=\"1920\"\/>Frankenstein, protagonizada por Oscar Isaac, Jacob Elordi, Mia Goth y Christoph Waltz, llega a Netflix el 7 de noviembre tras su exitoso paso por Venecia (FOTO: GRACIELA L\u00d3PEZ\/CUARTOSCURO.COM)<\/p>\n<p class=\"paragraph\">La versi\u00f3n de Del Toro se inscribe en la l\u00ednea de sus trabajos previos, como El laberinto del fauno o La forma del agua, donde las criaturas representan los m\u00e1rgenes de la sociedad y las emociones reprimidas del ser humano. En su Frankenstein, el monstruo es tanto v\u00edctima como espejo de la ambici\u00f3n y la arrogancia humanas.<\/p>\n<p class=\"paragraph\">Seg\u00fan El Pa\u00eds, la cinta es \u201cuna experiencia f\u00edlmica enorme, una mirada tierna y emp\u00e1tica hacia el monstruo y hacia todos los que se sienten como \u00e9l\u201d. Esa visi\u00f3n compasiva hacia lo diferente, presente en toda la filmograf\u00eda del mexicano, refuerza la idea de que los verdaderos monstruos suelen ser los que se esconden detr\u00e1s de la apariencia de normalidad.<\/p>\n<p class=\"paragraph\">Con una combinaci\u00f3n de <b>drama g\u00f3tico, sensibilidad po\u00e9tica y efectos visuales de vanguardia<\/b>, Frankenstein promete convertirse en uno de los grandes estrenos del a\u00f1o. La pel\u00edcula ya se perfila como una de las obras m\u00e1s personales y ambiciosas de Guillermo del Toro, una reinterpretaci\u00f3n moderna de un mito que, m\u00e1s de dos siglos despu\u00e9s, sigue interrogando a la humanidad sobre los l\u00edmites del poder, la ciencia y el amor.<\/p>\n","protected":false},"excerpt":{"rendered":"Oscar Isaac da vida a V\u00edctor Frankenstein, el cient\u00edfico que desaf\u00eda los l\u00edmites de la naturaleza en la&hellip;\n","protected":false},"author":2,"featured_media":225929,"comment_status":"","ping_status":"","sticky":false,"template":"","format":"standard","meta":{"footnotes":""},"categories":[169],"tags":[177,146,147,25,24,176,8750,8751,175,7759,23],"class_list":{"0":"post-225928","1":"post","2":"type-post","3":"status-publish","4":"format-standard","5":"has-post-thumbnail","7":"category-cine","8":"tag-cine","9":"tag-entertainment","10":"tag-entretenimiento","11":"tag-es","12":"tag-espana","13":"tag-film","14":"tag-frankenstein","15":"tag-jacob-elordi","16":"tag-movies","17":"tag-oscar-isaac","18":"tag-spain"},"share_on_mastodon":{"url":"https:\/\/pubeurope.com\/@es\/115516948762996720","error":""},"_links":{"self":[{"href":"https:\/\/www.europesays.com\/es\/wp-json\/wp\/v2\/posts\/225928","targetHints":{"allow":["GET"]}}],"collection":[{"href":"https:\/\/www.europesays.com\/es\/wp-json\/wp\/v2\/posts"}],"about":[{"href":"https:\/\/www.europesays.com\/es\/wp-json\/wp\/v2\/types\/post"}],"author":[{"embeddable":true,"href":"https:\/\/www.europesays.com\/es\/wp-json\/wp\/v2\/users\/2"}],"replies":[{"embeddable":true,"href":"https:\/\/www.europesays.com\/es\/wp-json\/wp\/v2\/comments?post=225928"}],"version-history":[{"count":0,"href":"https:\/\/www.europesays.com\/es\/wp-json\/wp\/v2\/posts\/225928\/revisions"}],"wp:featuredmedia":[{"embeddable":true,"href":"https:\/\/www.europesays.com\/es\/wp-json\/wp\/v2\/media\/225929"}],"wp:attachment":[{"href":"https:\/\/www.europesays.com\/es\/wp-json\/wp\/v2\/media?parent=225928"}],"wp:term":[{"taxonomy":"category","embeddable":true,"href":"https:\/\/www.europesays.com\/es\/wp-json\/wp\/v2\/categories?post=225928"},{"taxonomy":"post_tag","embeddable":true,"href":"https:\/\/www.europesays.com\/es\/wp-json\/wp\/v2\/tags?post=225928"}],"curies":[{"name":"wp","href":"https:\/\/api.w.org\/{rel}","templated":true}]}}