{"id":225940,"date":"2025-11-09T00:44:18","date_gmt":"2025-11-09T00:44:18","guid":{"rendered":"https:\/\/www.europesays.com\/es\/225940\/"},"modified":"2025-11-09T00:44:18","modified_gmt":"2025-11-09T00:44:18","slug":"gripe-aviar-mas-de-27-000-gallineros-domesticos-tendran-que-confinar-aves-en-galicia","status":"publish","type":"post","link":"https:\/\/www.europesays.com\/es\/225940\/","title":{"rendered":"Gripe aviar | M\u00e1s de 27.000 gallineros dom\u00e9sticos tendr\u00e1n que confinar aves en Galicia"},"content":{"rendered":"<p class=\"ft-text ft-helper-closenews\">M\u00e1s de <strong>27.000 gallineros dom\u00e9sticos <\/strong>en Galicia <a class=\"ft-link ft-link--decoration\" href=\"https:\/\/www.farodevigo.es\/galicia\/2025\/11\/06\/gallinas-corral-galicia-confinadas-frenar-gripe-aviar-123426258.html\" target=\"_blank\" rel=\"nofollow noopener\">deber\u00e1n mantener sus aves bajo techo a partir del pr\u00f3ximo lunes, 10 de noviembre<\/a>, como parte del nuevo paquete de medidas preventivas contra la gripe aviar de alta patogenicidad (H5N1) decretado por el Ministerio de Agricultura.<\/p>\n<p class=\"ft-text\">Seg\u00fan los datos de la Conseller\u00eda do Medio Rural, en la comunidad hay <strong>153.603 corrales de autoconsumo registrados<\/strong>, de los cuales 7.069 se sit\u00faan en zonas de especial riesgo (ZER) y 19.993 en zonas de especial vigilancia (ZEV). En conjunto, el 17,6% del total de gallineros deber\u00e1n aplicar el confinamiento inmediato de sus aves.<\/p>\n<p class=\"ft-text\">La medida afectar\u00e1 a <strong>40 concellos gallegos<\/strong>, tras la ampliaci\u00f3n del confinamiento a las zonas de vigilancia, una decisi\u00f3n tomada por el Ministerio tras constatar el aumento de focos en Europa y el riesgo creciente asociado a los movimientos migratorios de aves<\/p>\n<p class=\"ft-text\">En Galicia, las restricciones se aplicar\u00e1n en los concellos incluidos en las zonas ZER y ZEV. En ellos, las aves deber\u00e1n mantenerse en recintos cerrados o protegidos por mallas. Cuando esto no sea posible, se permitir\u00e1 su estancia al aire libre solo si se instalan telas pajareras o barreras que impidan el contacto con aves silvestres. Adem\u00e1s, se proh\u00edbe el uso de agua de dep\u00f3sitos accesibles a fauna salvaje, la cr\u00eda conjunta de patos, gansos u otras especies, y la participaci\u00f3n de aves dom\u00e9sticas en ferias o cert\u00e1menes.<\/p>\n<p class=\"ft-text\">La conselleira do Medio Rural, Mar\u00eda Jos\u00e9 G\u00f3mez, hizo ayer un llamamiento a <strong>\u00abextremar las precauciones\u00bb<\/strong> y reforzar la bioseguridad \u00aben todas las explotaciones, tambi\u00e9n en las dom\u00e9sticas\u00bb, tras recordar que en Galicia no se ha detectado ning\u00fan caso en granjas ni en aves de corral.<\/p>\n<p>Concellos afectados<\/p>\n<p class=\"ft-text\">Galicia concentra cuarenta de los 1.199 municipios espa\u00f1oles afectados por el confinamiento obligatorio de aves decretado para frenar la expansi\u00f3n de la gripe aviar. De ellos, once forman parte de las <strong>zonas de especial riesgo<\/strong> (ZER) y ya estaban obligados desde el pasado enero a mantener las aves bajo techo. Se trata de A Illa de Arousa, Cambados, O Grove, Mea\u00f1o, Ribadumia, Sanxenxo y Vilanova de Arousa, en Pontevedra; Xove, en Lugo, y Cerceda, Ordes y Tordoia, en A Coru\u00f1a.<\/p>\n<p class=\"ft-text\">A partir del lunes se suman los concellos de las <strong>zonas de especial vigilancia<\/strong> (ZEV): en la provincia de Pontevedra son A Guarda, Mar\u00edn, Meis, Moa\u00f1a, Poio, Pontevedra, Redondela, O Rosal, Soutomaior, Tomi\u00f1o, Tui, Vilaboa y Vilagarc\u00eda de Arousa. En A Coru\u00f1a, Cari\u00f1o, Dumbr\u00eda, Mazaricos, Ortigueira, Porto do Son, Rianxo, Ribeira, Vimianzo y Zas; en Lugo, Ribadeo y Trabada, y en Ourense, Porqueira, Rairiz de Veiga, Sandi\u00e1s, Vilar de Santos y Xinzo de Limia.<\/p>\n<p class=\"ft-text\">\u00abLa prevenci\u00f3n es esencial para proteger al sector y evitar que el virus llegue a las aves dom\u00e9sticas\u00bb, subray\u00f3 G\u00f3mez durante un acto en Friol. La conselleira confirm\u00f3 que la pr\u00f3xima semana se reunir\u00e1 el comit\u00e9 de sanidad animal para evaluar la evoluci\u00f3n de la situaci\u00f3n y determinar si las restricciones deben mantenerse o ampliarse a otros municipios.<\/p>\n<p class=\"ft-text\">La <a class=\"ft-link ft-link--decoration\" href=\"https:\/\/www.farodevigo.es\/tags\/xunta-de-galicia\/\" rel=\"nofollow noopener\" target=\"_blank\">Xunta<\/a> recuerda que Galicia cuenta con una de las mayores densidades de gallineros dom\u00e9sticos de Espa\u00f1a, con los m\u00e1s de 150.000 registros oficiales ya citados (y un n\u00famero indeterminado de corrales familiares sin censar).<\/p>\n<p class=\"ft-text\">Por su parte, el delegado del Gobierno en Galicia, Pedro Blanco, inst\u00f3 tambi\u00e9n a \u00abcumplir las restricciones\u00bb, recordando que \u00abes una medida necesaria y obligada que va en beneficio de todos\u00bb.<\/p>\n<p>Una vecina de Moa\u00f1a: \u00abConfin\u00e9 las gallinas por el bien de todos\u00bb<\/p>\n<p class=\"ft-text\"><strong>Chelo Pombal,<\/strong> vecina de Meira (Moa\u00f1a), cr\u00eda gallinas desde siempre. Entre gallos y gallinas suma 31, y ayer ya las confinaba en su gallinero, cubierto y protegido por red, para prevenir contagios de gripe aviar. \u00ab\u00a1Claro que est\u00e1n mejor al aire libre, como toda la vida!\u00bb, lamenta, aunque asume que \u00absi es por el bien de todos, hay que hacerlo\u00bb.<\/p>\n<p class=\"ft-text\">En Moa\u00f1a ya est\u00e1n acostumbrados a estas medidas, tras <strong>varios casos detectados<\/strong> en O Morrazo: una gaviota sombr\u00eda en Bueu (27 de agosto), una patiamarilla en Cangas (19 de septiembre) y otra en Moa\u00f1a (17 de octubre).<\/p>\n<p class=\"ft-text\">Pese a los casos en los tres municipios, las restricciones s\u00f3lo afectan en la comarca a Moa\u00f1a, junto con Vilaboa y Mar\u00edn, al formar parte de las Zonas de Especial Vigilancia (ZEV) por su ubicaci\u00f3n en la ruta migratoria de aves. La Xunta reforz\u00f3 la prevenci\u00f3n en estos concellos, adem\u00e1s de los 11 que ya eran Zonas de Especial Risco (ZER).<\/p>\n<p class=\"ft-text\">En el Monte Faro, una granja con 1.600 gallinas que opera bajo la<strong> <\/strong>marca <strong>\u00abOvos da casa\u00bb<\/strong> mantiene las aves confinadas desde hace un mes. \u00ab\u00c9 bo, \u00e9 unha forma de evitar que se transmita a gripe\u00bb, explican padre e hijo, responsables de la explotaci\u00f3n <strong>\u00abGali\u00f1as felices\u00bb<\/strong>, supervisada por su veterinaria habitual. Insisten en que el confinamiento es solo una medida temporal y que las gallinas volver\u00e1n a salir.<\/p>\n<p data-close=\"closedContent\" class=\"subscribeHideForDisplay\">Suscr\u00edbete para seguir leyendo<\/p>\n","protected":false},"excerpt":{"rendered":"M\u00e1s de 27.000 gallineros dom\u00e9sticos en Galicia deber\u00e1n mantener sus aves bajo techo a partir del pr\u00f3ximo lunes,&hellip;\n","protected":false},"author":2,"featured_media":225941,"comment_status":"","ping_status":"","sticky":false,"template":"","format":"standard","meta":{"footnotes":""},"categories":[8],"tags":[59636,33176,17,18,9451,59638,25,24,13,14,816,7965,59637,12949,11,19,20,9,10,15,16,23,12,21,22,14210],"class_list":{"0":"post-225940","1":"post","2":"type-post","3":"status-publish","4":"format-standard","5":"has-post-thumbnail","7":"category-espana","8":"tag-59636","9":"tag-aves","10":"tag-breaking-news","11":"tag-breakingnews","12":"tag-confinar","13":"tag-domesticos","14":"tag-es","15":"tag-espana","16":"tag-featured-news","17":"tag-featurednews","18":"tag-galicia","19":"tag-gallinas","20":"tag-gallineros","21":"tag-gripe-aviar","22":"tag-headlines","23":"tag-latest-news","24":"tag-latestnews","25":"tag-news","26":"tag-noticias","27":"tag-noticias-destacadas","28":"tag-noticiasdestacadas","29":"tag-spain","30":"tag-titulares","31":"tag-ultimas-noticias","32":"tag-ultimasnoticias","33":"tag-xunta"},"share_on_mastodon":{"url":"https:\/\/pubeurope.com\/@es\/115516975763478199","error":""},"_links":{"self":[{"href":"https:\/\/www.europesays.com\/es\/wp-json\/wp\/v2\/posts\/225940","targetHints":{"allow":["GET"]}}],"collection":[{"href":"https:\/\/www.europesays.com\/es\/wp-json\/wp\/v2\/posts"}],"about":[{"href":"https:\/\/www.europesays.com\/es\/wp-json\/wp\/v2\/types\/post"}],"author":[{"embeddable":true,"href":"https:\/\/www.europesays.com\/es\/wp-json\/wp\/v2\/users\/2"}],"replies":[{"embeddable":true,"href":"https:\/\/www.europesays.com\/es\/wp-json\/wp\/v2\/comments?post=225940"}],"version-history":[{"count":0,"href":"https:\/\/www.europesays.com\/es\/wp-json\/wp\/v2\/posts\/225940\/revisions"}],"wp:featuredmedia":[{"embeddable":true,"href":"https:\/\/www.europesays.com\/es\/wp-json\/wp\/v2\/media\/225941"}],"wp:attachment":[{"href":"https:\/\/www.europesays.com\/es\/wp-json\/wp\/v2\/media?parent=225940"}],"wp:term":[{"taxonomy":"category","embeddable":true,"href":"https:\/\/www.europesays.com\/es\/wp-json\/wp\/v2\/categories?post=225940"},{"taxonomy":"post_tag","embeddable":true,"href":"https:\/\/www.europesays.com\/es\/wp-json\/wp\/v2\/tags?post=225940"}],"curies":[{"name":"wp","href":"https:\/\/api.w.org\/{rel}","templated":true}]}}