{"id":225942,"date":"2025-11-09T00:45:07","date_gmt":"2025-11-09T00:45:07","guid":{"rendered":"https:\/\/www.europesays.com\/es\/225942\/"},"modified":"2025-11-09T00:45:07","modified_gmt":"2025-11-09T00:45:07","slug":"el-papa-a-la-cop30-si-quieres-cultivar-la-paz-cuida-la-creacion","status":"publish","type":"post","link":"https:\/\/www.europesays.com\/es\/225942\/","title":{"rendered":"El Papa a la COP30: \u00abSi quieres cultivar la paz, cuida la creaci\u00f3n\u00bb"},"content":{"rendered":"<p>En un mensaje pronunciado por el cardenal Parolin durante la Conferencia de la ONU sobre el Clima en Bel\u00e9m, Brasil, Le\u00f3n XIV llama a una acci\u00f3n urgente y a una \u201cconversi\u00f3n ecol\u00f3gica\u201d basada en la responsabilidad, la justicia y la solidaridad.<\/p>\n<p style=\"text-align: justify;\">Linda Bordoni \u2013 Ciudad del Vaticano<\/p>\n<p style=\"text-align: justify;\">El Papa Le\u00f3n XIV inst\u00f3 a los l\u00edderes mundiales reunidos en Bel\u00e9m, Brasil, para la 30\u00aa Conferencia de las Naciones Unidas sobre el Cambio Clim\u00e1tico (COP30) a asumir compromisos valientes y concretos para el cuidado de la creaci\u00f3n, record\u00e1ndoles que la paz y la responsabilidad ambiental est\u00e1n inseparablemente unidas.<\/p>\n<p style=\"text-align: justify;\"><a href=\"https:\/\/press.vatican.va\/content\/salastampa\/it\/bollettino\/pubblico\/2025\/11\/07\/0847\/01511.html\" rel=\"external nofollow noopener\" target=\"_blank\"><b>Transmitiendo el mensaje del Pont\u00edfice<\/b><\/a>, el cardenal Pietro Parolin, Secretario de Estado de la Santa Sede, dijo a los delegados: \u201cSi quieren cultivar la paz, cuiden la creaci\u00f3n\u201d. Las palabras del Papa, afirm\u00f3, reflejan la convicci\u00f3n de que cuidar de nuestra casa com\u00fan es tanto un deber moral como un camino hacia una paz duradera.<\/p>\n<p>      <a href=\"https:\/\/www.vaticannews.va\/es\/vaticano\/news\/2025-11\/cop30-parolin-concretemos-los-compromisos-el-tiempo-se-agota.html\" title=\"COP30, Parolin: Concretemos los compromisos, el tiempo se agota\" rel=\"nofollow noopener\" target=\"_blank\"><\/p>\n<p>         <img decoding=\"async\" src=\"data:image\/gif;base64,R0lGODlhAQABAIAAAAAAAP\/\/\/yH5BAEAAAAALAAAAAABAAEAAAIBRAA7\" data-original=\"https:\/\/www.vaticannews.va\/content\/dam\/vaticannews\/agenzie\/images\/afp\/2025\/11\/05\/18\/1762365208056.jpg\/_jcr_content\/renditions\/cq5dam.thumbnail.cropped.500.281.jpeg\" alt=\"COP30, Parolin: Concretemos los compromisos, el tiempo se agota\"\/><\/p>\n<p>       <\/a><\/p>\n<p>\n       El Secretario de Estado, en la Cumbre del Clima previa a la 30\u00aa Conferencia de las Naciones Unidas en Bel\u00e9m, Brasil, reiter\u00f3 ante los medios vaticanos el compromiso de la Santa &#8230;\n      <\/p>\n<p> <br \/>\nPaz y creaci\u00f3n: una relaci\u00f3n inseparable <\/p>\n<p style=\"text-align: justify;\">En su mensaje, el Papa se\u00f1al\u00f3 que, aunque la atenci\u00f3n mundial suele centrarse en guerras y conflictos, la paz tambi\u00e9n se ve gravemente amenazada \u201cpor la falta de un debido respeto a la creaci\u00f3n, por el saqueo de los recursos naturales y por un progresivo deterioro de la calidad de vida debido al cambio clim\u00e1tico\u201d.<\/p>\n<p style=\"text-align: justify;\">\u201cEstos desaf\u00edos ponen en peligro la vida de todos en este planeta\u201d, afirm\u00f3, \u201cy exigen por ello una cooperaci\u00f3n internacional y un multilateralismo cohesionado y con visi\u00f3n de futuro, que sit\u00fae en el centro la sacralidad de la vida, la dignidad dada por Dios a cada ser humano y el bien com\u00fan\u201d.<\/p>\n<blockquote>\n<p>\u201cEn medio de un mundo en llamas, a causa tanto del calentamiento global como de los conflictos armados, esta Conferencia deber\u00eda convertirse en un signo de esperanza.\u201d<\/p>\n<\/blockquote>\n<p>Una responsabilidad moral <\/p>\n<p style=\"text-align: justify;\">Recordando las palabras de san Juan Pablo II, el Papa Le\u00f3n insisti\u00f3 en que la crisis ecol\u00f3gica \u201ces una cuesti\u00f3n moral\u201d que exige un renovado sentido de solidaridad entre las naciones.<\/p>\n<p style=\"text-align: justify;\">\u201cLos Estados deben compartir cada vez m\u00e1s la responsabilidad, de manera complementaria, de promover un entorno natural y social que sea a la vez pac\u00edfico y saludable\u201d, dijo.<\/p>\n<p style=\"text-align: justify;\">Se\u00f1al\u00f3 que los m\u00e1s pobres y vulnerables \u201cson los primeros en sufrir los devastadores efectos del cambio clim\u00e1tico, la deforestaci\u00f3n y la contaminaci\u00f3n\u201d, y subray\u00f3 que cuidar la creaci\u00f3n es, por tanto, \u201cuna expresi\u00f3n de humanidad y de solidaridad\u201d.<\/p>\n<blockquote>\n<p>\u201cDebemos transformar las palabras y reflexiones en decisiones y acciones basadas en la responsabilidad, la justicia y la equidad.\u201d<\/p>\n<\/blockquote>\n<p>De las palabras a la acci\u00f3n <\/p>\n<p style=\"text-align: justify;\">Al recordar el Acuerdo de Par\u00eds de 2015, el Papa se\u00f1al\u00f3 que \u201cel camino para alcanzar los objetivos establecidos en ese Acuerdo sigue siendo largo y complejo\u201d. Inst\u00f3 a los pa\u00edses a \u201cacelerar con valent\u00eda la aplicaci\u00f3n del Acuerdo de Par\u00eds y de la Convenci\u00f3n Marco de las Naciones Unidas sobre el Cambio Clim\u00e1tico\u201d.<\/p>\n<p style=\"text-align: justify;\">Con motivo del d\u00e9cimo aniversario de la enc\u00edclica <a href=\"https:\/\/www.vatican.va\/content\/francesco\/es\/encyclicals\/documents\/papa-francesco_20150524_enciclica-laudato-si.html\" rel=\"external nofollow noopener\" target=\"_blank\">Laudato si\u2019,<\/a> record\u00f3 a los participantes que \u201cel clima es un bien com\u00fan, que pertenece a todos y est\u00e1 destinado a todos\u201d.<\/p>\n<p style=\"text-align: justify;\">\u201cQue todos los participantes de esta COP30\u201d, a\u00f1adi\u00f3, \u201cse sientan inspirados a asumir con valent\u00eda esta conversi\u00f3n ecol\u00f3gica en el pensamiento y en las acciones, teniendo siempre presente el rostro humano de la crisis clim\u00e1tica\u201d.<\/p>\n<p>      <a href=\"https:\/\/www.vaticannews.va\/es\/vaticano\/news\/2025-11\/santa-sede-cop-30-brasil-nuncio-apostolico-medio-ambiente.html\" title=\"La Santa Sede en la COP30: el nuncio en Brasil pide un cambio de rumbo\" rel=\"nofollow noopener\" target=\"_blank\"><\/p>\n<p>         <img decoding=\"async\" src=\"data:image\/gif;base64,R0lGODlhAQABAIAAAAAAAP\/\/\/yH5BAEAAAAALAAAAAABAAEAAAIBRAA7\" data-original=\"https:\/\/www.vaticannews.va\/content\/dam\/vaticannews\/agenzie\/images\/afp\/2025\/11\/06\/12\/1762430208760.jpg\/_jcr_content\/renditions\/cq5dam.thumbnail.cropped.500.281.jpeg\" alt=\"La Santa Sede en la COP30: el nuncio en Brasil pide un cambio de rumbo\"\/><\/p>\n<p>       <\/a><\/p>\n<p>\n       Monse\u00f1or Giambattista Diquattro, jefe adjunto de la delegaci\u00f3n de la Santa Sede \u2014encabezada por el cardenal Parolin\u2014 que participa en la Conferencia de la ONU sobre el cambio &#8230;\n      <\/p>\n<p> <br \/>\nUna nueva visi\u00f3n financiera <\/p>\n<p style=\"text-align: justify;\">El Papa Le\u00f3n pidi\u00f3 adem\u00e1s \u201cuna nueva arquitectura financiera internacional centrada en la persona humana\u201d para garantizar que todas las naciones, especialmente \u201clas m\u00e1s pobres y las m\u00e1s vulnerables a los desastres clim\u00e1ticos\u201d, puedan desarrollar su potencial y proteger la dignidad de sus ciudadanos.<\/p>\n<p style=\"text-align: justify;\">Tal estructura, a\u00f1adi\u00f3, tambi\u00e9n deber\u00eda reconocer \u201cel v\u00ednculo entre la deuda ecol\u00f3gica y la deuda externa\u201d.<\/p>\n<p style=\"text-align: justify;\">Asimismo, llam\u00f3 a promover \u201cuna educaci\u00f3n en ecolog\u00eda integral\u201d que ayude a individuos y comunidades a comprender c\u00f3mo las decisiones cotidianas \u2014personales, familiares y pol\u00edticas\u2014 moldean el futuro de la humanidad.<\/p>\n<p>      <a href=\"https:\/\/www.vaticannews.va\/es\/papa\/news\/2025-10\/el-papa-dios-nos-preguntara-si-hemos-cuidado-nuestra-casa-comun.html\" title=\"El Papa: Dios nos preguntar\u00e1 si hemos cuidado nuestra casa com\u00fan\" rel=\"nofollow noopener\" target=\"_blank\"><\/p>\n<p>         <img decoding=\"async\" src=\"data:image\/gif;base64,R0lGODlhAQABAIAAAAAAAP\/\/\/yH5BAEAAAAALAAAAAABAAEAAAIBRAA7\" data-original=\"https:\/\/www.vaticannews.va\/content\/dam\/vaticannews\/agenzie\/images\/srv\/2025\/10\/01\/2025-10-01-centro-mariapoli-dei-focolarini-a-castel-gandolfo--in\/1759330284666.JPG\/_jcr_content\/renditions\/cq5dam.thumbnail.cropped.500.281.jpeg\" alt=\"El Papa: Dios nos preguntar\u00e1 si hemos cuidado nuestra casa com\u00fan\"\/><\/p>\n<p>       <\/a><\/p>\n<p>\n       El Papa Le\u00f3n se dirige a los participantes de una conferencia internacional sobre justicia clim\u00e1tica y reflexiona sobre la hist\u00f3rica enc\u00edclica ecol\u00f3gica Laudato si\u2019 del Papa &#8230;\n      <\/p>\n<p> <br \/>\nUn compromiso con el futuro <\/p>\n<p style=\"text-align: justify;\">Al concluir su mensaje, el Papa exhort\u00f3 a los participantes \u201ca proteger y cuidar la creaci\u00f3n que Dios nos ha confiado para construir un mundo pac\u00edfico\u201d.<\/p>\n<p style=\"text-align: justify;\">Asegur\u00f3 sus oraciones por todos los implicados en la COP30 mientras toman decisiones importantes para el bien com\u00fan y el futuro de la humanidad, y a\u00f1adi\u00f3:\u00a0<\/p>\n<blockquote>\n<p>\u201cQue esta conversi\u00f3n ecol\u00f3gica inspire el desarrollo de una nueva solidaridad que salvaguarde tanto la creaci\u00f3n como la dignidad humana.\u201d<\/p>\n<\/blockquote>\n<p>      <a href=\"https:\/\/www.vaticannews.va\/es\/mundo\/news\/2025-11\/cop-30-belem-brasil-amazonia-cambio-climatico-entrevista.html\" title=\"COP 30 en Brasil: la Amazonia cerca del \u00abpunto de no retorno\u00bb\" rel=\"nofollow noopener\" target=\"_blank\"><\/p>\n<p>         <img decoding=\"async\" src=\"data:image\/gif;base64,R0lGODlhAQABAIAAAAAAAP\/\/\/yH5BAEAAAAALAAAAAABAAEAAAIBRAA7\" data-original=\"https:\/\/www.vaticannews.va\/content\/dam\/vaticannews\/multimedia\/2025\/agosto\/23\/AMAZONIA-ANTONIO-CARDOSO-4.jpg\/_jcr_content\/renditions\/cq5dam.thumbnail.cropped.500.281.jpeg\" alt=\"COP 30 en Brasil: la Amazonia cerca del \u00abpunto de no retorno\u00bb\"\/><\/p>\n<p>       <\/a><\/p>\n<p>\n       La selva tropical m\u00e1s grande del mundo se prepara para acoger su primera COP. Establecer los futuros objetivos clim\u00e1ticos desde la ciudad de Bel\u00e9m, a las puertas de la Amazonia &#8230;\n      <\/p>\n<p> <\/p>\n","protected":false},"excerpt":{"rendered":"En un mensaje pronunciado por el cardenal Parolin durante la Conferencia de la ONU sobre el Clima en&hellip;\n","protected":false},"author":2,"featured_media":225943,"comment_status":"","ping_status":"","sticky":false,"template":"","format":"standard","meta":{"footnotes":""},"categories":[5],"tags":[4952,3216,17,18,1295,40605,25,24,13,14,11,19,20,8079,9,10,15,16,400,23,12,21,22],"class_list":{"0":"post-225942","1":"post","2":"type-post","3":"status-publish","4":"format-standard","5":"has-post-thumbnail","7":"category-titulares","8":"tag-ambiente","9":"tag-brasil","10":"tag-breaking-news","11":"tag-breakingnews","12":"tag-cambio-climatico","13":"tag-cop30","14":"tag-es","15":"tag-espana","16":"tag-featured-news","17":"tag-featurednews","18":"tag-headlines","19":"tag-latest-news","20":"tag-latestnews","21":"tag-mensaje","22":"tag-news","23":"tag-noticias","24":"tag-noticias-destacadas","25":"tag-noticiasdestacadas","26":"tag-papa-leon-xiv","27":"tag-spain","28":"tag-titulares","29":"tag-ultimas-noticias","30":"tag-ultimasnoticias"},"share_on_mastodon":{"url":"https:\/\/pubeurope.com\/@es\/115516979472510412","error":""},"_links":{"self":[{"href":"https:\/\/www.europesays.com\/es\/wp-json\/wp\/v2\/posts\/225942","targetHints":{"allow":["GET"]}}],"collection":[{"href":"https:\/\/www.europesays.com\/es\/wp-json\/wp\/v2\/posts"}],"about":[{"href":"https:\/\/www.europesays.com\/es\/wp-json\/wp\/v2\/types\/post"}],"author":[{"embeddable":true,"href":"https:\/\/www.europesays.com\/es\/wp-json\/wp\/v2\/users\/2"}],"replies":[{"embeddable":true,"href":"https:\/\/www.europesays.com\/es\/wp-json\/wp\/v2\/comments?post=225942"}],"version-history":[{"count":0,"href":"https:\/\/www.europesays.com\/es\/wp-json\/wp\/v2\/posts\/225942\/revisions"}],"wp:featuredmedia":[{"embeddable":true,"href":"https:\/\/www.europesays.com\/es\/wp-json\/wp\/v2\/media\/225943"}],"wp:attachment":[{"href":"https:\/\/www.europesays.com\/es\/wp-json\/wp\/v2\/media?parent=225942"}],"wp:term":[{"taxonomy":"category","embeddable":true,"href":"https:\/\/www.europesays.com\/es\/wp-json\/wp\/v2\/categories?post=225942"},{"taxonomy":"post_tag","embeddable":true,"href":"https:\/\/www.europesays.com\/es\/wp-json\/wp\/v2\/tags?post=225942"}],"curies":[{"name":"wp","href":"https:\/\/api.w.org\/{rel}","templated":true}]}}