{"id":225944,"date":"2025-11-09T00:49:15","date_gmt":"2025-11-09T00:49:15","guid":{"rendered":"https:\/\/www.europesays.com\/es\/225944\/"},"modified":"2025-11-09T00:49:15","modified_gmt":"2025-11-09T00:49:15","slug":"triunfo-de-agustina-camba-en-la-copa-raul-asens","status":"publish","type":"post","link":"https:\/\/www.europesays.com\/es\/225944\/","title":{"rendered":"Triunfo de Agustina Camba en la Copa \u201cRa\u00fal Asens\u201d"},"content":{"rendered":"<p>El fin de semana se disput\u00f3 en los links del Nevado Golf Club la Copa \u201cRa\u00fal Asens\u201d, fue a 18 hoyos en la modalidad Medal Play con la victoria de Agustina Camba que fue la jugadora m\u00e1s destacada del evento.<\/p>\n<p>Agustina marc\u00f3 un total de 69 golpes netos y 89 de Gross, la siguieron Rodrigo Arias (70) y Agust\u00edn Costa (73).<\/p>\n<p>Las posiciones siguieron de la siguiente manera: 4\u00ba Eduardo S\u00e1nchez 74, 5\u00ba Lucas Murad 74, 6\u00ba Jorge Sanz 74, 7\u00ba Pablo Campi 74, 8\u00ba Ariel Ruiz 74, 9\u00ba Daniel Fuenzalida 75 y 10\u00ba Franco Gasparini 75.<\/p>\n<p>En Principiantes el podio qued\u00f3 en el 1\u00ba lugar Pablo Morales con 50 golpes totales, 2\u00ba Jorge Navascues y 3\u00ba Santiago Zabalegui.<\/p>\n<p>Por su parte en la categor\u00eda +6 a 12 de h\u00e1ndicap, el vencedor fue Agust\u00edn Costa con un neto de 72 golpes, 2\u00ba Eduardo S\u00e1nchez (73) y 3\u00ba Lucas Marad (73).<\/p>\n<p>Y en 13 a 24 de h\u00e1ndicap, Jorge Sanz logr\u00f3 el 1\u00ba puesto con 71 golpes netos, 2\u00ba Pablo Campi (71) y 3\u00ba Roberto Olivero (72).<\/p>\n<p><a href=\"https:\/\/diariosanrafael.com.ar\/triunfo-de-agustina-camba-en-la-copa-raul-asens\/?print=pdf\" class=\"pdfprnt-button pdfprnt-button-pdf\" target=\"_blank\" rel=\"nofollow noopener\"><img decoding=\"async\" src=\"https:\/\/www.europesays.com\/es\/wp-content\/uploads\/2025\/07\/1753680667_366_pdf.png\" alt=\"image_pdf\" title=\"Ver PDF\"\/><\/a><a href=\"https:\/\/diariosanrafael.com.ar\/triunfo-de-agustina-camba-en-la-copa-raul-asens\/?print=print\" class=\"pdfprnt-button pdfprnt-button-print\" target=\"_blank\" rel=\"nofollow noopener\"><img decoding=\"async\" src=\"https:\/\/www.europesays.com\/es\/wp-content\/uploads\/2025\/07\/1753680667_514_print.png\" alt=\"image_print\" title=\"Imprimir contenido\"\/><\/a>\t\t\t\t<\/p>\n","protected":false},"excerpt":{"rendered":"El fin de semana se disput\u00f3 en los links del Nevado Golf Club la Copa \u201cRa\u00fal Asens\u201d, fue&hellip;\n","protected":false},"author":2,"featured_media":225945,"comment_status":"","ping_status":"","sticky":false,"template":"","format":"standard","meta":{"footnotes":""},"categories":[275],"tags":[59639,59640,168,25,24,329,607,23,167],"class_list":{"0":"post-225944","1":"post","2":"type-post","3":"status-publish","4":"format-standard","5":"has-post-thumbnail","7":"category-golf","8":"tag-agustina-camba","9":"tag-copa-raul-asens","10":"tag-deportes","11":"tag-es","12":"tag-espana","13":"tag-golf","14":"tag-golfistas","15":"tag-spain","16":"tag-sports"},"share_on_mastodon":{"url":"https:\/\/pubeurope.com\/@es\/115516995509476958","error":""},"_links":{"self":[{"href":"https:\/\/www.europesays.com\/es\/wp-json\/wp\/v2\/posts\/225944","targetHints":{"allow":["GET"]}}],"collection":[{"href":"https:\/\/www.europesays.com\/es\/wp-json\/wp\/v2\/posts"}],"about":[{"href":"https:\/\/www.europesays.com\/es\/wp-json\/wp\/v2\/types\/post"}],"author":[{"embeddable":true,"href":"https:\/\/www.europesays.com\/es\/wp-json\/wp\/v2\/users\/2"}],"replies":[{"embeddable":true,"href":"https:\/\/www.europesays.com\/es\/wp-json\/wp\/v2\/comments?post=225944"}],"version-history":[{"count":0,"href":"https:\/\/www.europesays.com\/es\/wp-json\/wp\/v2\/posts\/225944\/revisions"}],"wp:featuredmedia":[{"embeddable":true,"href":"https:\/\/www.europesays.com\/es\/wp-json\/wp\/v2\/media\/225945"}],"wp:attachment":[{"href":"https:\/\/www.europesays.com\/es\/wp-json\/wp\/v2\/media?parent=225944"}],"wp:term":[{"taxonomy":"category","embeddable":true,"href":"https:\/\/www.europesays.com\/es\/wp-json\/wp\/v2\/categories?post=225944"},{"taxonomy":"post_tag","embeddable":true,"href":"https:\/\/www.europesays.com\/es\/wp-json\/wp\/v2\/tags?post=225944"}],"curies":[{"name":"wp","href":"https:\/\/api.w.org\/{rel}","templated":true}]}}