{"id":225948,"date":"2025-11-09T00:54:09","date_gmt":"2025-11-09T00:54:09","guid":{"rendered":"https:\/\/www.europesays.com\/es\/225948\/"},"modified":"2025-11-09T00:54:09","modified_gmt":"2025-11-09T00:54:09","slug":"el-bilbao-athletic-tumba-al-lider","status":"publish","type":"post","link":"https:\/\/www.europesays.com\/es\/225948\/","title":{"rendered":"El Bilbao Athletic tumba al l\u00edder"},"content":{"rendered":"<p class=\"v-mdl-ath__p v-mdl-ath__p--6\">\nS\u00e1bado, 8 de noviembre 2025, 20:38<\/p>\n<p class=\"v-p\">El Bilbao Athletic dio la campanada en el Heliodoro. El filial rojiblanco protagoniz\u00f3 este s\u00e1bado la gran sorpresa de la jornada en Primera Federaci\u00f3n, con un triunfo de mucho m\u00e9rito y valor. El \u00fanico gol de Ibai Sanz decidi\u00f3 un duelo muy igualado, en el que los cachorros, quienes llegaban a este envite en pen\u00faltima posici\u00f3n, fueron capaces de competir de t\u00fa a t\u00fa ante un todopoderoso Tenerife que es l\u00edder del grupo. Tres puntos de oro que les sirven para salir, moment\u00e1neamente, de los puestos de descenso.<\/p>\n<p class=\"v-scr__t\">CD Tenerife<\/p>\n<p class=\"v-scr__p v-scr__p--3\">Dani Mart\u00edn; David Rodr\u00edguez, Le\u00f3n, Land\u00e1zuri, C\u00e9sar \u00c1lvarez; Dani Fern\u00e1ndez (Jeremy, min. 58), Juanjo (Sabina, min. 83), Sanz (Fabricio, min. 73), Gil; Bald\u00e9 (Javi P\u00e9rez, min. 58) y De Miguel (Enric Gallego, min. 58).<\/p>\n<p class=\"v-scr__n-c v-scr__n-c--1 \">\n 0\n<\/p>\n<p class=\"v-scr__n-c v-scr__n-c--2\">\n&#8211;\n<\/p>\n<p class=\"v-scr__n-c v-scr__n-c--3 \">\n 1\n<\/p>\n<p class=\"v-scr__t\">Bilbao Athletic<\/p>\n<p class=\"v-scr__p v-scr__p--3\">Santos; Alday, Monreal (Izagirre, min. 89), Du\u00f1abeitia, Barandalla (Irurita, min. 61); Eder Garc\u00eda (Gibelalde, min. 73), Lete; Buj\u00e1n, Ib\u00f3n S\u00e1nchez, Huestamendia (Gift, min. 61); Vizcay (Ibai Sanz, min. 61).<\/p>\n<ul class=\"v-u\">\n<li class=\"v-u__l\">\n<p class=\"v-p\">\nGOLES<br \/>\n0-1; Ibai Sanz (min. 63)\n<\/p>\n<\/li>\n<li class=\"v-u__l\">\n<p class=\"v-p\">\n\u00c1RBITRO<br \/>\nIgnacio de Santisteban amonest\u00f3 al local Aitor Sanz (min. 62) y a los visitantes Ib\u00f3n S\u00e1nchez (min. 25) y Du\u00f1abeitia (min. 39).\n<\/p>\n<\/li>\n<li class=\"v-u__l\">\n<p class=\"v-p\">\nINCIDENCIAS<br \/>\n12.799 espectadores en el Heliodoro Rodr\u00edguez L\u00f3pez.\n<\/p>\n<\/li>\n<\/ul>\n<p class=\"v-p\">Ernesto Valverde aplaz\u00f3 el anuncio de la convocatoria para el partido de liga frente al Real Oviedo para el domingo, el propio d\u00eda del encuentro. A\u00fan as\u00ed, la lista del filial pudo ser una pista de los canteranos que pod\u00edan sumarse al primer equipo. De los cinco cachorros que fueron a Newcastle, Mikel Santos, Ib\u00f3n S\u00e1nchez y Ander Izagirre estuvieron presentes en Tenerife. Mientras que Selton Sued y Asier Hierro no estuvieron disponibles para Jokin Aranbarri. <\/p>\n<p class=\"v-p\">Los cachorros afrontaron el exigente reto con valent\u00eda, tanto a la hora de realizar la presi\u00f3n, como en la salida de bal\u00f3n. As\u00ed lograron igualar las fuerzas con los chicarreros e incluso incomodar mucho a su rival. De hecho, lanzaron un primer aviso cuando s\u00f3lo hab\u00edan transcurrido siete minutos de juego. Fue en un saque de esquina con varios toques de cabeza que acab\u00f3 rematando con la testa al palo Iker Alday. El linier levant\u00f3 la bandera en se\u00f1al de fuera de juego, aunque, de serlo, ser\u00eda muy justo. La respuesta de los chicharreros lleg\u00f3 \u00fanicamente dos minutos despu\u00e9s, con una jugada ensayada en un c\u00f3rner que remat\u00f3 C\u00e9sar \u00c1lvarez desde lejos y oblig\u00f3 a Mikel Santos a realizar su primera intervenci\u00f3n. <\/p>\n<p><a href=\"http:\/\/www.elcorreo.com\/athletic\/recibimiento-alto-plena-calle-joven-selton-debut-20251108110430-nt.html#vtm_modulosEngag=mod-rel:athletic:noticia:1:cmp:1-not\" class=\"v-a-link\" title=\"El recibimiento por todo lo alto en plena calle al joven Selton por su debut en el Athletic\" rel=\"nofollow noopener\" target=\"_blank\"><br \/>\n<img decoding=\"async\" loading=\"lazy\" src=\"https:\/\/www.europesays.com\/es\/wp-content\/uploads\/2025\/11\/selton-kGRG--1200x840@El Correo.jpg\" class=\"v-a-img\" width=\"258\" height=\"180\" alt=\"El recibimiento por todo lo alto en plena calle al joven Selton por su debut en el Athletic\"\/><\/p>\n<p><\/a><\/p>\n<p class=\"v-p\">Poco antes de cumplirse la media hora de choque, hubo un gol de Dani Fern\u00e1ndez anulado por falta de Jes\u00fas de Miguel sobre Mikel Santos en el salto. La acci\u00f3n tuvo que ser revisada en el FVS, pero se reafirm\u00f3 y no subi\u00f3 el marcador. La igualdad sigui\u00f3 reinando hasta el descanso, sin apenas m\u00e1s llegadas con peligro a ninguna de las \u00e1reas. Nada m\u00e1s comenzar la segunda mitad, los tinerfe\u00f1os pidieron una revisi\u00f3n de un posible penalti de Barandalla sobre Land\u00e1zuri, pero el \u00e1rbitro no lo concedi\u00f3 tampoco tras ver las im\u00e1genes. <\/p>\n<p>Mikel Santos, el h\u00e9roe<\/p>\n<p class=\"v-p\">El partido se abri\u00f3 en ese inicio de segundo tiempo. Acto seguido, E\u00f1aut Lete prob\u00f3 a Dani Mart\u00edn con un disparo seco a la salida de un c\u00f3rner que pudo detener el guardameta. Poco despu\u00e9s, Balde tuvo uno ocasi\u00f3n muy clara frente a Mikel Santos. Sin embargo, el portero bilba\u00edno aguant\u00f3 bien y salv\u00f3 a los suyos. Justo al cumplirse la hora de choque, Aranbarri realiz\u00f3 los primeros cambios. Tardaron poco m\u00e1s de un minuto en surtir efecto. <\/p>\n<p class=\"v-p\">Iker Alday condujo bien el esf\u00e9rico desde la izquierda, conect\u00f3 en \u00e1rea contraria con Ib\u00f3n S\u00e1nchez, quien, de tac\u00f3n, brind\u00f3 una espl\u00e9ndida al reci\u00e9n ingresado Ibai Sanz, que defini\u00f3 a la perfecci\u00f3n para marcar su sexto gol de la temporada. Tuvieron que sufrir los rojiblancos para conservar el resultado en el tramo final. Mikel Santos fue el gran h\u00e9roe con dos paradas espectaculares.<\/p>\n<p>Reporta un error<\/p>\n","protected":false},"excerpt":{"rendered":"S\u00e1bado, 8 de noviembre 2025, 20:38 El Bilbao Athletic dio la campanada en el Heliodoro. El filial rojiblanco&hellip;\n","protected":false},"author":2,"featured_media":225949,"comment_status":"","ping_status":"","sticky":false,"template":"","format":"standard","meta":{"footnotes":""},"categories":[268],"tags":[2182,2601,168,25,24,280,282,5564,281,23,167,18158],"class_list":{"0":"post-225948","1":"post","2":"type-post","3":"status-publish","4":"format-standard","5":"has-post-thumbnail","7":"category-futbol","8":"tag-athletic","9":"tag-bilbao","10":"tag-deportes","11":"tag-es","12":"tag-espana","13":"tag-football","14":"tag-futbol","15":"tag-lider","16":"tag-soccer","17":"tag-spain","18":"tag-sports","19":"tag-tumba"},"share_on_mastodon":{"url":"https:\/\/pubeurope.com\/@es\/115517015191172219","error":""},"_links":{"self":[{"href":"https:\/\/www.europesays.com\/es\/wp-json\/wp\/v2\/posts\/225948","targetHints":{"allow":["GET"]}}],"collection":[{"href":"https:\/\/www.europesays.com\/es\/wp-json\/wp\/v2\/posts"}],"about":[{"href":"https:\/\/www.europesays.com\/es\/wp-json\/wp\/v2\/types\/post"}],"author":[{"embeddable":true,"href":"https:\/\/www.europesays.com\/es\/wp-json\/wp\/v2\/users\/2"}],"replies":[{"embeddable":true,"href":"https:\/\/www.europesays.com\/es\/wp-json\/wp\/v2\/comments?post=225948"}],"version-history":[{"count":0,"href":"https:\/\/www.europesays.com\/es\/wp-json\/wp\/v2\/posts\/225948\/revisions"}],"wp:featuredmedia":[{"embeddable":true,"href":"https:\/\/www.europesays.com\/es\/wp-json\/wp\/v2\/media\/225949"}],"wp:attachment":[{"href":"https:\/\/www.europesays.com\/es\/wp-json\/wp\/v2\/media?parent=225948"}],"wp:term":[{"taxonomy":"category","embeddable":true,"href":"https:\/\/www.europesays.com\/es\/wp-json\/wp\/v2\/categories?post=225948"},{"taxonomy":"post_tag","embeddable":true,"href":"https:\/\/www.europesays.com\/es\/wp-json\/wp\/v2\/tags?post=225948"}],"curies":[{"name":"wp","href":"https:\/\/api.w.org\/{rel}","templated":true}]}}