{"id":225952,"date":"2025-11-09T00:56:04","date_gmt":"2025-11-09T00:56:04","guid":{"rendered":"https:\/\/www.europesays.com\/es\/225952\/"},"modified":"2025-11-09T00:56:04","modified_gmt":"2025-11-09T00:56:04","slug":"los-cuadros-de-julio-romero-de-torres-toman-vida-en-cordoba","status":"publish","type":"post","link":"https:\/\/www.europesays.com\/es\/225952\/","title":{"rendered":"Los cuadros de Julio Romero de Torres toman vida en C\u00f3rdoba"},"content":{"rendered":"<p class=\"ft-text\">En el listado de <a class=\"ft-link ft-link--decoration\" href=\"https:\/\/www.diariocordoba.com\/cultura\/2024\/11\/01\/cordoba-deconstruye-romero-torres-cinco-111047846.html\" rel=\"nofollow noopener\" target=\"_blank\">homenajes que se han celebrado en el \u00faltimo a\u00f1o y medio a Julio Romero de Torres<\/a> en <a class=\"ft-link ft-link--decoration\" href=\"https:\/\/www.diariocordoba.com\/cordoba\/cordoba\/\" rel=\"nofollow noopener\" target=\"_blank\">C\u00f3rdoba<\/a> por el 150 aniversario de su nacimiento (2024), puede que ninguno fuera tan <strong>expresivo <\/strong>como el que realiz\u00f3 este s\u00e1bado la asociaci\u00f3n Mojo de Ca\u00f1a en el sal\u00f3n de la Fundaci\u00f3n Gala: integrantes de la asociaci\u00f3n, caracterizados como los personajes de los cuadros, recrearon catorce obras del ic\u00f3nico pintor cordob\u00e9s frente al p\u00fablico. Fue como una inversi\u00f3n de los famosos v\u00eddeos creados por inteligencia artificial en los que las im\u00e1genes congeladas cobran vida; aqu\u00ed, el movimiento transitaba hacia la <strong>quietud<\/strong> <a class=\"ft-link ft-link--decoration\" href=\"https:\/\/www.diariocordoba.com\/fotos\/cordoba-ciudad\/2025\/11\/03\/julio-romero-torres-toma-escaparates-123326162.html\" rel=\"nofollow noopener\" target=\"_blank\">culminando en la belleza est\u00e1tica<\/a>.<\/p>\n<p class=\"ft-text\">Los actores recrearon con precisi\u00f3n las posturas, vestuarios y luces caracter\u00edsticas de los cuadros del pintor, generando aut\u00e9nticos cuadros como esculturas de <strong>bulto redondo<\/strong>. Mediante transiciones esc\u00e9nicas, se transformaron de una obra a otra, pasando de Nuestra Se\u00f1ora de Andaluc\u00eda al Arc\u00e1ngel de San Rafael. El espect\u00e1culo fue una proposici\u00f3n visual y emocional por el universo de Julio Romero de Torres, <strong>evocando la sensualidad, el simbolismo y la fuerza dram\u00e1tica de su pintura<\/strong>.<\/p>\n<p><img decoding=\"async\" src=\"https:\/\/www.europesays.com\/es\/wp-content\/uploads\/2025\/11\/98f5e742-8a64-41b4-91a8-62b18a218028_alta-libre-aspect-ratio_default_0.jpg\" width=\"1200\" height=\"802\" alt=\"C\u00f3rdoba La asociaci\u00f3n Mojo de Ca\u00f1a representar\u00e1 el espect\u00e1culo Julio Romero de Torres: Tableaux Vivants en el sal\u00f3n de actos de la Fundaci\u00f3n Antonio Gala\" class=\"ft-helper-img-rd\" loading=\"lazy\"\/><\/p>\n<p class=\"ft-helper-fontColor-quaternary ft-helper-fontSize-body-S ft-helper-spacer-t-xxs\">Recreaci\u00f3n del cuadro \u2018Nuestra Se\u00f1ora de Andaluc\u00eda\u2019, en la Fundaci\u00f3n Gala.  \/ Chencho Mart\u00ednez<\/p>\n<p>\u2018Tableaux vivants\u2019<\/p>\n<p class=\"ft-text\">La combinaci\u00f3n de <a class=\"ft-link ft-link--decoration\" href=\"https:\/\/www.diariocordoba.com\/tags\/teatro\/\" rel=\"nofollow noopener\" target=\"_blank\">teatro<\/a>, <a class=\"ft-link ft-link--decoration\" href=\"https:\/\/www.diariocordoba.com\/tags\/musica\/\" rel=\"nofollow noopener\" target=\"_blank\">m\u00fasica en directo<\/a> (viol\u00edn y guitarra) y efectos lum\u00ednicos convirti\u00f3 cada escena en una estampa viva conectando con la memoria cultural de C\u00f3rdoba y su tradici\u00f3n art\u00edstica.<\/p>\n<p class=\"ft-text\">La direcci\u00f3n del espect\u00e1culo, titulado Julio Romero de Torres: Tableaux Vivants (cuadros vivientes) corri\u00f3 a cargo de Dora de Maio, una reconocida directora italiana con experiencia internacional en montajes similares sobre artistas como Caravaggio y Artemisia Gentileschi. Esta disciplina art\u00edstica tiene sus or\u00edgenes en Francia en el siglo 19, recreando im\u00e1genes literarias, pict\u00f3ricas o hist\u00f3ricas y surgi\u00f3 de los dramas lit\u00fargicos medievales.<\/p>\n<p class=\"ft-text\">La actividad, que fue un \u00e9xito en asistencia, cont\u00f3 con el patrocinio de la Delegaci\u00f3n de Cultura del <a class=\"ft-link ft-link--decoration\" href=\"https:\/\/www.diariocordoba.com\/tags\/ayuntamiento-de-cordoba\/\" rel=\"nofollow noopener\" target=\"_blank\">Ayuntamiento de C\u00f3rdoba<\/a> y la <a class=\"ft-link ft-link--decoration\" href=\"https:\/\/www.diariocordoba.com\/tags\/fundacion-cajasur\/\" rel=\"nofollow noopener\" target=\"_blank\">Fundaci\u00f3n Cajasur<\/a>, adem\u00e1s de la colaboraci\u00f3n de la <a class=\"ft-link ft-link--decoration\" href=\"https:\/\/www.diariocordoba.com\/tags\/fundacion-antonio-gala\/\" rel=\"nofollow noopener\" target=\"_blank\">Fundaci\u00f3n Antonio Gala<\/a>.<\/p>\n","protected":false},"excerpt":{"rendered":"En el listado de homenajes que se han celebrado en el \u00faltimo a\u00f1o y medio a Julio Romero&hellip;\n","protected":false},"author":2,"featured_media":225953,"comment_status":"","ping_status":"","sticky":false,"template":"","format":"standard","meta":{"footnotes":""},"categories":[173],"tags":[59642,229,233,231,230,4194,209,232,234,146,147,25,24,59641,888,54163,13603,23,18610,4655],"class_list":{"0":"post-225952","1":"post","2":"type-post","3":"status-publish","4":"format-standard","5":"has-post-thumbnail","7":"category-arte-y-diseno","8":"tag-antonio-gala","9":"tag-arte","10":"tag-arte-y-diseno","11":"tag-arts","12":"tag-arts-and-design","13":"tag-cuadros","14":"tag-cultura","15":"tag-design","16":"tag-diseno","17":"tag-entertainment","18":"tag-entretenimiento","19":"tag-es","20":"tag-espana","21":"tag-fundacion-antonio-gala","22":"tag-julio","23":"tag-julio-romero-de-torres","24":"tag-romero","25":"tag-spain","26":"tag-toman","27":"tag-torres"},"share_on_mastodon":{"url":"https:\/\/pubeurope.com\/@es\/115517022756384537","error":""},"_links":{"self":[{"href":"https:\/\/www.europesays.com\/es\/wp-json\/wp\/v2\/posts\/225952","targetHints":{"allow":["GET"]}}],"collection":[{"href":"https:\/\/www.europesays.com\/es\/wp-json\/wp\/v2\/posts"}],"about":[{"href":"https:\/\/www.europesays.com\/es\/wp-json\/wp\/v2\/types\/post"}],"author":[{"embeddable":true,"href":"https:\/\/www.europesays.com\/es\/wp-json\/wp\/v2\/users\/2"}],"replies":[{"embeddable":true,"href":"https:\/\/www.europesays.com\/es\/wp-json\/wp\/v2\/comments?post=225952"}],"version-history":[{"count":0,"href":"https:\/\/www.europesays.com\/es\/wp-json\/wp\/v2\/posts\/225952\/revisions"}],"wp:featuredmedia":[{"embeddable":true,"href":"https:\/\/www.europesays.com\/es\/wp-json\/wp\/v2\/media\/225953"}],"wp:attachment":[{"href":"https:\/\/www.europesays.com\/es\/wp-json\/wp\/v2\/media?parent=225952"}],"wp:term":[{"taxonomy":"category","embeddable":true,"href":"https:\/\/www.europesays.com\/es\/wp-json\/wp\/v2\/categories?post=225952"},{"taxonomy":"post_tag","embeddable":true,"href":"https:\/\/www.europesays.com\/es\/wp-json\/wp\/v2\/tags?post=225952"}],"curies":[{"name":"wp","href":"https:\/\/api.w.org\/{rel}","templated":true}]}}