{"id":225958,"date":"2025-11-09T01:00:09","date_gmt":"2025-11-09T01:00:09","guid":{"rendered":"https:\/\/www.europesays.com\/es\/225958\/"},"modified":"2025-11-09T01:00:09","modified_gmt":"2025-11-09T01:00:09","slug":"esta-actriz-de-x-men-volvera-en-las-peliculas-del-mcu-no-sabia-que-mi-papel-era-tan-importante","status":"publish","type":"post","link":"https:\/\/www.europesays.com\/es\/225958\/","title":{"rendered":"\u00bfEsta actriz de &#8216;X-Men&#8217; volver\u00e1 en las pel\u00edculas del MCU? \u00abNo sab\u00eda que mi papel era tan importante\u00bb"},"content":{"rendered":"<p class=\"c-paragraph\">Las resurrecciones de franquicias tienen mucho peligro. Y, si vienen en el mismo paquete que una fusi\u00f3n empresarial, entonces ni te contamos. Sin ir m\u00e1s lejos, el futuro de la saga <a href=\"https:\/\/www.20minutos.es\/cinemania\/noticias\/hugh-jackman-posible-regreso-vengadores-doomsday-5715070\/\" title=\"Hugh Jackman, sobre su posible regreso en &#039;Vengadores: Doomsday&#039;: &quot;Nada que a\u00f1adir&quot;\" rel=\"nofollow noopener\" target=\"_blank\">X-Men<\/a> tras la compra de <b>Fox <\/b>por parte de <b>Disney <\/b>es algo que tiene sin sue\u00f1o a los fans de los mutantes, que se preguntan c\u00f3mo y de qu\u00e9 manera se incorporar\u00e1n estos al <b>MCU.<\/b><\/p>\n<p class=\"c-paragraph\"><b>Famke Janssen, <\/b>la actriz que interpret\u00f3 a <b>Jean Grey <\/b>en la trilog\u00eda original de X-Men, ha respondido a las preguntas de <a href=\"https:\/\/ew.com\/famke-janssen-jean-grey-return-marvel-never-ever-asked-11840703\" rel=\"nofollow noreferrer noopener\" target=\"_blank\">Entertainment Weekly<\/a> sobre un hipot\u00e9tico regreso en Vengadores: Doomsday. Y sus respuestas confirman, una vez m\u00e1s, que en estas cosas nunca llueve a gusto de todos.\u00a0<\/p>\n<p>\u00bfCu\u00e1l es el futuro de Jean Grey en los X-Men de Marvel?<\/p>\n<p class=\"c-paragraph\">\u00abMe lo preguntan cada vez que hago una entrevista\u00bb, se\u00f1ala Janssen acerca de Jean Grey. \u00abEs curioso: <b>nunca pens\u00e9 que mi papel fuera tan importante.<\/b> Cada vez que hago una entrevista sale el tema y da igual qu\u00e9 otras cosas digan: es lo \u00fanico que acaba impreso\u00bb.\u00a0<\/p>\n<p class=\"c-paragraph\">M\u00e1s all\u00e1 del hartazgo de la actriz acerca de un papel que interpret\u00f3 por \u00faltima vez en 2014 (un cameo al final de X-Men: D\u00edas del futuro pasado), lo cierto es que <b>Patrick Stewart, Ian McKellen, James Marsden<\/b> (C\u00edclope), <b>Alan Cumming<\/b> (Rondador Nocturno), <b>Rebecca Romijn<\/b> (M\u00edstica) y <b>Kelsey Grammer<\/b> (Bestia) volver\u00e1n en el crossover de Vengadores: Doomsday. \u00bfLe ha planteado Marvel la posibilidad de unirse a ellos? Seg\u00fan Janssen: <b>\u00abNunca. Nunca jam\u00e1s\u00bb.\u00a0<\/b><\/p>\n<p class=\"c-paragraph\">La actriz reconoce que tanto inter\u00e9s le impresiona menos de lo esperable. \u00abDeber\u00eda sentirme halagada de que este personaje signifique tanto para la gente, supongo.<b> Ha pasado mucho tiempo, pero est\u00e1 bien que la gente siga hablando [de Jean Grey].<\/b> Estoy segura de que cada vez que hagan una pel\u00edcula nueva, como Doomsday, el tema volver\u00e1 a salir\u00bb.\u00a0<\/p>\n<p class=\"c-paragraph\">Recordemos que, en las precuelas de la franquicia, Janssen fue sustituida por <b>Sophie Turner <\/b>(Juego de tronos). Algo que, si bien sac\u00f3 a Famke Janssen de la ecuaci\u00f3n, la libr\u00f3 de participar en el tremendo desastre que fue X-Men: F\u00e9nix Oscura. No hay mal que por bien no venga&#8230;<\/p>\n","protected":false},"excerpt":{"rendered":"Las resurrecciones de franquicias tienen mucho peligro. Y, si vienen en el mismo paquete que una fusi\u00f3n empresarial,&hellip;\n","protected":false},"author":2,"featured_media":225959,"comment_status":"","ping_status":"","sticky":false,"template":"","format":"standard","meta":{"footnotes":""},"categories":[169],"tags":[177,146,147,25,24,59643,176,59644,2631,5434,175,23,5661],"class_list":{"0":"post-225958","1":"post","2":"type-post","3":"status-publish","4":"format-standard","5":"has-post-thumbnail","7":"category-cine","8":"tag-cine","9":"tag-entertainment","10":"tag-entretenimiento","11":"tag-es","12":"tag-espana","13":"tag-famke-janssen","14":"tag-film","15":"tag-jean-grey","16":"tag-marvel","17":"tag-mcu","18":"tag-movies","19":"tag-spain","20":"tag-x-men"},"share_on_mastodon":{"url":"https:\/\/pubeurope.com\/@es\/115517038540908645","error":""},"_links":{"self":[{"href":"https:\/\/www.europesays.com\/es\/wp-json\/wp\/v2\/posts\/225958","targetHints":{"allow":["GET"]}}],"collection":[{"href":"https:\/\/www.europesays.com\/es\/wp-json\/wp\/v2\/posts"}],"about":[{"href":"https:\/\/www.europesays.com\/es\/wp-json\/wp\/v2\/types\/post"}],"author":[{"embeddable":true,"href":"https:\/\/www.europesays.com\/es\/wp-json\/wp\/v2\/users\/2"}],"replies":[{"embeddable":true,"href":"https:\/\/www.europesays.com\/es\/wp-json\/wp\/v2\/comments?post=225958"}],"version-history":[{"count":0,"href":"https:\/\/www.europesays.com\/es\/wp-json\/wp\/v2\/posts\/225958\/revisions"}],"wp:featuredmedia":[{"embeddable":true,"href":"https:\/\/www.europesays.com\/es\/wp-json\/wp\/v2\/media\/225959"}],"wp:attachment":[{"href":"https:\/\/www.europesays.com\/es\/wp-json\/wp\/v2\/media?parent=225958"}],"wp:term":[{"taxonomy":"category","embeddable":true,"href":"https:\/\/www.europesays.com\/es\/wp-json\/wp\/v2\/categories?post=225958"},{"taxonomy":"post_tag","embeddable":true,"href":"https:\/\/www.europesays.com\/es\/wp-json\/wp\/v2\/tags?post=225958"}],"curies":[{"name":"wp","href":"https:\/\/api.w.org\/{rel}","templated":true}]}}