{"id":225964,"date":"2025-11-09T01:03:11","date_gmt":"2025-11-09T01:03:11","guid":{"rendered":"https:\/\/www.europesays.com\/es\/225964\/"},"modified":"2025-11-09T01:03:11","modified_gmt":"2025-11-09T01:03:11","slug":"juan-avellaneda-emite-un-comunicado-sobre-el-ingreso-en-la-uci-de-su-marido-sergio-corbera-un-susto-muy-fuerte","status":"publish","type":"post","link":"https:\/\/www.europesays.com\/es\/225964\/","title":{"rendered":"Juan Avellaneda emite un comunicado sobre el ingreso en la UCI de su marido, Sergio Corbera: \u00abUn susto muy fuerte\u00bb"},"content":{"rendered":"<p class=\"paragraph\" id=\"paragraph_1\">Los \u00faltimos d\u00edas est\u00e1n siendo especialmente dif\u00edciles para <a cmp-ltrk=\"links-parrafos\" cmp-ltrk-idx=\"0\" data-mrf-link=\"https:\/\/www.elespanol.com\/corazon\/famosos\/20250120\/juan-avellaneda-ingresado-problemas-respiratorios-hecho-reflexionar-fragil\/917908567_0.html\" data-mrf-recirculation-id=\"links-parrafos_0\" href=\"https:\/\/www.elespanol.com\/corazon\/famosos\/20250120\/juan-avellaneda-ingresado-problemas-respiratorios-hecho-reflexionar-fragil\/917908567_0.html?utm_cmp_rs=linksinline\" mrfobservableid=\"c45a7f5c-1b6b-4971-ad55-418dd1d0d446\" rel=\"nofollow noopener\" target=\"_blank\"><strong>Juan Avellaneda<\/strong><\/a> (43 a\u00f1os). Su marido, <strong>Sergio Corbera<\/strong>, ha tenido un rev\u00e9s de salud que le ha obligado a permanecer en la<strong> Unidad de Cuidados Intensivos<\/strong> de un hospital.<\/p>\n<p class=\"paragraph\" id=\"paragraph_2\">Ha sido el propio dise\u00f1ador quien ha anunciado el<strong> ingreso de su pareja<\/strong> en un centro sanitario a trav\u00e9s de sus redes sociales.<\/p>\n<p class=\"paragraph\" id=\"paragraph_3\">En un mensaje de Stories, ha explicado el motivo de su baj\u00f3n de \u00e1nimo. \u00abEstos d\u00edas muchos me hab\u00e9is escrito dici\u00e9ndome que comparto menos de lo habitual o <strong>que me not\u00e1is m\u00e1s serio<\/strong>\u2026 y s\u00ed, es verdad\u00bb, empieza diciendo en su comunicado. El martes pasado <strong>tuvimos un susto muy fuerte con mi marido<\/strong>\u00ab.<\/p>\n<p><img loading=\"lazy\" decoding=\"async\" alt=\"Juan Avellaneda en los Premios Princesa de Girona 2024.\" height=\"180\" src=\"https:\/\/www.europesays.com\/es\/wp-content\/uploads\/2025\/11\/917918778_252468005_320x180.jpg\" width=\"320\" data-lazy-status=\"processed\" data-lazy-info=\"remove loading item 1\"\/><\/p>\n<p><img decoding=\"async\" alt=\"Juan Avellaneda\" data-imgm=\"true\" height=\"1152\" loading=\"lazy\"  src=\"https:\/\/www.europesays.com\/es\/wp-content\/uploads\/2025\/11\/1003743932098_258831448_960x1706.jpg\"  width=\"648\"\/><\/p>\n<p>\u00abUna monta\u00f1a rusa emocional\u00bb<\/p>\n<p class=\"paragraph\" id=\"paragraph_4\">\u00abDesde entonces<strong> ha sido una semana muy intensa, de monta\u00f1a rusa emocional,<\/strong> con momentos dif\u00edciles y otros en los que por fin parece que todo empieza a mejorar\u00bb, ha destacado en su mensaje.<\/p>\n<p class=\"paragraph\" id=\"paragraph_5\">Acostumbrado a mostrarse sincero con sus seguidores de Instagram, Avellaneda no ha tenido reparo en confesar que el paso de su compa\u00f1ero sentimental por la UCI le ha hecho reflexionar sobre lo que es verdaderamente valioso.<\/p>\n<p class=\"paragraph\" id=\"paragraph_6\">\u00abVivir algo as\u00ed te hace darte cuenta de<strong> lo fr\u00e1gil que puede ser todo<\/strong>, y de lo importante que es parar, cuidar y <strong>valorar lo que realmente importa<\/strong>\u00ab, ha admitido.<\/p>\n<blockquote class=\"content__blockquote content__blockquote--left\">\n<p class=\"blockquote__quote\">\u00abPoco a poco va mejorando, aunque todav\u00eda queda camino por hacer\u00bb<\/p>\n<\/blockquote>\n<p class=\"paragraph\" id=\"paragraph_7\">Sin dar detalles sobre la dolencia que ha podido llevar a Sergio Corbera a estar bajo atenci\u00f3n m\u00e9dica especializada, ha tranquilizado a sus followers aclarando que su estado evoluciona favorablemente.<\/p>\n<p class=\"paragraph\" id=\"paragraph_8\">\u00abPor suerte, poco a poco <strong>va mejorando, aunque todav\u00eda queda camino por hacer\u00bb<\/strong>, ha indicado. <strong>\u00ab<\/strong>As\u00ed que solo puedo pediros paciencia, comprensi\u00f3n\u2026 y que nos envi\u00e9is toda la energ\u00eda positiva posible\u00bb.<\/p>\n<p class=\"paragraph\" id=\"paragraph_9\">Por \u00faltimo, ha mostrado su agradecimiento a los profesionales que est\u00e1n ayudando a su pareja a salir adelante de este<strong> contratiempo de salud:<\/strong> \u00abQuiero dar las gracias de coraz\u00f3n a Sonia, Ana, a todo el equipo m\u00e9dico y de enfermer\u00eda de planta y UCI que est\u00e1 cuidando con tanta profesionalidad, cari\u00f1o y humanidad\u00bb.<\/p>\n<p class=\"paragraph\" id=\"paragraph_10\">\u00abNo hay palabras suficientes para agradecer lo que hacen cada d\u00eda. Gracias por estar ah\u00ed, de verdad\u00bb, concluye.<\/p>\n<p><img decoding=\"async\" alt=\"Juan Avellaneda en 'Y ahora Sonsoles'.\" height=\"180\" loading=\"lazy\" width=\"320\" data-lazy-status=\"processed\" id=\"d782a90383\" src=\"https:\/\/www.elespanol.com\/corazon\/famosos\/20251108\/juan-avellaneda-emite-comunicado-ingreso-uci-marido-sergio-corbera-susto-fuerte\/[\" https:=\"\" data-lazy-info=\"changed src\"\/><\/p>\n<p><img decoding=\"async\" alt=\"Juan Avellaneda en un fotomontaje junto a Sergio.\" data-imgm=\"true\" height=\"180\" loading=\"lazy\"  src=\"https:\/\/www.europesays.com\/es\/wp-content\/uploads\/2025\/11\/854925270_242262459_1024x576.jpg\"  width=\"320\"\/><\/p>\n<p>                                                            Juan Avellaneda en un fotomontaje junto a Sergio.<\/p>\n<p>Segundo ingreso en la UCI de Corbera<\/p>\n<p class=\"paragraph\" id=\"paragraph_11\">No es la primera vez que la pareja de Juan Avellaneda atraviesa un problema de salud. El pasado mes de <strong>mayo<\/strong> tambi\u00e9n tuvo que ser ingresado en la UCI.<\/p>\n<p class=\"paragraph\" id=\"paragraph_12\">Entonces, el estilista y dise\u00f1ador habl\u00f3 de ello: \u00abHemos estado tres d\u00edas en la UCI porque<strong> Sergio hab\u00eda tenido un problema de salud\u00bb<\/strong>.<\/p>\n<p class=\"paragraph\" id=\"paragraph_13\">Lo cierto es que, a pesar de la fama de Avellaneda, la relaci\u00f3n entre ambos est\u00e1 blindada a los medios de comunicaci\u00f3n. Poco o nada se conoce de Sergio Corbera, con el que <strong>contrajo matrimonio en 2022.<\/strong><\/p>\n<p class=\"paragraph\" id=\"paragraph_14\">Corbera es un <strong>empresario dedicado a la gesti\u00f3n de muebles de lujo<\/strong> en <strong>Barcelona<\/strong>. Se dieron el &#8216;s\u00ed, quiero&#8217; hace tres a\u00f1os, despu\u00e9s de m\u00e1s de una d\u00e9cada de relaci\u00f3n estable.<\/p>\n<blockquote class=\"content__blockquote content__blockquote--left\">\n<p class=\"blockquote__quote\">\u00abConstruir tu propia familia es muy bonito\u00bb<\/p>\n<\/blockquote>\n<p class=\"paragraph\" id=\"paragraph_15\">Sergio es unos <strong>20 a\u00f1os mayor que Juan<\/strong> y, fruto de una relaci\u00f3n anterior,<strong> tiene hijas y nietos<\/strong>. En una entrevista a Vanitatis en 2024, el catal\u00e1n confes\u00f3 haberse amoldado muy bien a la familia de su marido.<\/p>\n<p class=\"paragraph\" id=\"paragraph_16\">\u00abEstamos en ese momento. <strong>Soy el abuelo Juan.<\/strong> S\u00ed, claro que se me da muy bien. Yo no soy muy de ni\u00f1os, pero me divierte mucho. Construir tu propia familia es muy bonito. <strong>Esto es un regalazo que me ha hecho Sergio y me han hecho sus hijas<\/strong>\u00ab, dec\u00eda.<\/p>\n<p><img decoding=\"async\" alt=\"El dise\u00f1ador Juan Avellaneda en el Festival de Vitoria de televisi\u00f3n.\" height=\"180\" loading=\"lazy\" width=\"320\" data-lazy-status=\"processed\" id=\"4afb620e0b\" src=\"https:\/\/www.elespanol.com\/corazon\/famosos\/20251108\/juan-avellaneda-emite-comunicado-ingreso-uci-marido-sergio-corbera-susto-fuerte\/[\" https:=\"\" data-lazy-info=\"changed src\"\/><\/p>\n<p><img decoding=\"async\" alt=\"Juan Avellaneda en una imagen de sus redes sociales.\" data-imgm=\"true\" height=\"180\" loading=\"lazy\"  src=\"https:\/\/www.europesays.com\/es\/wp-content\/uploads\/2025\/11\/728187885_229743028_1024x576.jpg\"  width=\"320\"\/><\/p>\n<p>                                                            Juan Avellaneda en una imagen de sus redes sociales.<\/p>\n<p>\u00abHemos mantenido la privacidad\u00bb<\/p>\n<p class=\"paragraph\" id=\"paragraph_17\">Aunque el de Barcelona ha compartido p\u00fablicamente el apoyo y cari\u00f1o que recibe de su marido, lo cierto es que ambos se esfuerzan al m\u00e1ximo por mantener su vida privada alejada del foco. <strong>\u00ab<\/strong><strong>Hemos mantenido mucho la privacidad,<\/strong> pero yo estoy encantado\u00bb, reconoc\u00eda en el citado medio.<\/p>\n<p class=\"paragraph\" id=\"paragraph_18\">Siempre en un discreto segundo plano, Sergio Corbera ha sido el mayor apoyo de Avellaneda en su enfermedad. El modisto y comunicador de moda ha tenido varios <strong>problemas de salud<\/strong> destacados a lo largo de su vida.<\/p>\n<blockquote class=\"content__blockquote content__blockquote--left\">\n<p class=\"blockquote__quote\">\u00abLa vida puede cambiar en un instante\u00bb<\/p>\n<\/blockquote>\n<p class=\"paragraph\" id=\"paragraph_19\">En <strong>enero de 2025<\/strong> estuvo <a href=\"https:\/\/www.elespanol.com\/corazon\/famosos\/20250120\/juan-avellaneda-ingresado-problemas-respiratorios-hecho-reflexionar-fragil\/917908567_0.html?utm_cmp_rs=linksinline\" rel=\"nofollow noopener\" target=\"_blank\">ingresado m\u00e1s de una semana en el hospital por complicaciones respiratorias<\/a>: primero una <strong>gripe A<\/strong> que se complic\u00f3 en <strong>neumon\u00eda.<\/strong><\/p>\n<p class=\"paragraph\" id=\"paragraph_20\">Posteriormente tuvo <strong>problemas pulmonares<\/strong> con presencia de <strong>n\u00f3dulos<\/strong>, aunque finalmente su recuperaci\u00f3n fue favorable y sin secuelas.\u200b\u200b<\/p>\n<p class=\"paragraph\" id=\"paragraph_21\">\u00abEsto <strong>me ha hecho reflexionar sobre lo fr\u00e1gil que es todo<\/strong> y lo importante que es disfrutar del presente, porque, de verdad,<strong> la vida puede cambiar en un instante<\/strong>\u00ab, dijo tras su ingreso.<\/p>\n<p class=\"paragraph\" id=\"paragraph_22\">Adem\u00e1s, <a href=\"https:\/\/www.elespanol.com\/corazon\/famosos\/20201127\/juan-avellaneda-habla-cancer-testiculos-encontraron-carcinoma\/539196671_0.html?utm_cmp_rs=linksinline\" rel=\"nofollow noopener\" target=\"_blank\">con solo 26 a\u00f1os fue diagnosticado y tratado de c\u00e1ncer de test\u00edculos,<\/a> enfermedad que ha marcado su vida y de la que ha hablado de forma abierta, incluida una peque\u00f1a reca\u00edda en 2023 que fue detectada a tiempo y tratada con \u00e9xito.<\/p>\n","protected":false},"excerpt":{"rendered":"Los \u00faltimos d\u00edas est\u00e1n siendo especialmente dif\u00edciles para Juan Avellaneda (43 a\u00f1os). Su marido, Sergio Corbera, ha tenido&hellip;\n","protected":false},"author":2,"featured_media":225965,"comment_status":"","ping_status":"","sticky":false,"template":"","format":"standard","meta":{"footnotes":""},"categories":[91],"tags":[146,147,25,24,256,59648,4412,166,23],"class_list":{"0":"post-225964","1":"post","2":"type-post","3":"status-publish","4":"format-standard","5":"has-post-thumbnail","7":"category-entretenimiento","8":"tag-entertainment","9":"tag-entretenimiento","10":"tag-es","11":"tag-espana","12":"tag-famosos","13":"tag-juan-avellaneda","14":"tag-relaciones-de-pareja","15":"tag-salud","16":"tag-spain"},"share_on_mastodon":{"url":"https:\/\/pubeurope.com\/@es\/115517050652737118","error":""},"_links":{"self":[{"href":"https:\/\/www.europesays.com\/es\/wp-json\/wp\/v2\/posts\/225964","targetHints":{"allow":["GET"]}}],"collection":[{"href":"https:\/\/www.europesays.com\/es\/wp-json\/wp\/v2\/posts"}],"about":[{"href":"https:\/\/www.europesays.com\/es\/wp-json\/wp\/v2\/types\/post"}],"author":[{"embeddable":true,"href":"https:\/\/www.europesays.com\/es\/wp-json\/wp\/v2\/users\/2"}],"replies":[{"embeddable":true,"href":"https:\/\/www.europesays.com\/es\/wp-json\/wp\/v2\/comments?post=225964"}],"version-history":[{"count":0,"href":"https:\/\/www.europesays.com\/es\/wp-json\/wp\/v2\/posts\/225964\/revisions"}],"wp:featuredmedia":[{"embeddable":true,"href":"https:\/\/www.europesays.com\/es\/wp-json\/wp\/v2\/media\/225965"}],"wp:attachment":[{"href":"https:\/\/www.europesays.com\/es\/wp-json\/wp\/v2\/media?parent=225964"}],"wp:term":[{"taxonomy":"category","embeddable":true,"href":"https:\/\/www.europesays.com\/es\/wp-json\/wp\/v2\/categories?post=225964"},{"taxonomy":"post_tag","embeddable":true,"href":"https:\/\/www.europesays.com\/es\/wp-json\/wp\/v2\/tags?post=225964"}],"curies":[{"name":"wp","href":"https:\/\/api.w.org\/{rel}","templated":true}]}}