{"id":225967,"date":"2025-11-09T01:06:09","date_gmt":"2025-11-09T01:06:09","guid":{"rendered":"https:\/\/www.europesays.com\/es\/225967\/"},"modified":"2025-11-09T01:06:09","modified_gmt":"2025-11-09T01:06:09","slug":"rodrigo-paz-inaugura-una-nueva-era-con-su-investidura-nunca-mas-una-bolivia-sometida-a-ideologias-fracasadas","status":"publish","type":"post","link":"https:\/\/www.europesays.com\/es\/225967\/","title":{"rendered":"Rodrigo Paz inaugura una nueva era con su investidura: \u201cNunca m\u00e1s una Bolivia sometida a ideolog\u00edas fracasadas\u201d"},"content":{"rendered":"<p class=\"\">El juramento de este s\u00e1bado de <a href=\"https:\/\/elpais.com\/america\/2025-10-21\/rodrigo-paz-espero-que-bolivia-vuelva-al-mundo-y-que-el-mundo-vuelva-a-bolivia.html\" rel=\"nofollow noopener\" target=\"_blank\">Rodrigo Paz<\/a> como el 68\u00ba presidente de Bolivia inaugura una nueva era en el pa\u00eds, cerrando 20 a\u00f1os de gobierno del Movimiento al Socialismo (MAS). \u201cEsta es la nueva Bolivia, que se abre al mundo. Nunca m\u00e1s una Bolivia aislada, sometida a ideolog\u00edas fracasadas\u201d, prometi\u00f3 en su primer discurso oficial, en el que anunci\u00f3 reformas judiciales, econ\u00f3micas y hasta \u201cmorales\u201d. <a href=\"https:\/\/elpais.com\/america\/iberoamerica-democracia\/2025-10-29\/rodrigo-paz-y-el-viraje-boliviano.html\" rel=\"nofollow noopener\" target=\"_blank\">El viraje no es solo econ\u00f3mico<\/a>, sino tambi\u00e9n social y cultural: las vestimentas t\u00edpicas de los pueblos originarios que predominaban en la Asamblea han decrecido en favor del traje y la corbata. La imagen oficial del Estado, que antes recuperaba s\u00edmbolos milenarios de la regi\u00f3n como la cruz andina, ha vuelto a ser el tradicional escudo de armas republicano.<\/p>\n<p class=\"\">Paz dedic\u00f3 buena parte de su mensaje a recorrer los que se\u00f1al\u00f3 como errores de las anteriores gestiones, a las que culp\u00f3 de <a href=\"https:\/\/elpais.com\/america\/2025-10-17\/bolivia-ante-el-reto-de-un-nuevo-modelo-de-desarrollo-sin-gas.html\" rel=\"nofollow noopener\" target=\"_blank\">la profunda crisis econ\u00f3mica y recesi\u00f3n que atraviesa el pa\u00eds<\/a>. \u201cTodo presente y futuro es mejor que el pasado. Vamos a superar ese pasado de desgracia que se gener\u00f3 para los bolivianos. Recibimos un pa\u00eds devastado, quebrado, sin reservas internacionales [\u2026] \u00bfEvo [Morales], [Luis] Arce, d\u00f3nde est\u00e1n el gas y el litio?\u201d. <\/p>\n<p class=\"\">El nuevo jefe de Estado fue investido poco antes con la banda y la medalla presidencial por su vicepresidente, <a href=\"https:\/\/elpais.com\/america\/2025-08-25\/el-capitan-lara-el-fenomeno-electoral-boliviano-que-quiere-llegar-al-poder-desde-tiktok.html\" rel=\"nofollow noopener\" target=\"_blank\">Edmand Lara<\/a>, quien vest\u00eda traje de gala de Polic\u00eda en honor a su origen como gendarme. \u201c\u00a1Dios, patria y familia!\u201d, sentenci\u00f3 antes de jurar.<\/p>\n<p><img decoding=\"auto\" class=\"_re lazyload a_m-h\" height=\"276\"  width=\"414\"  src=\"https:\/\/www.europesays.com\/es\/wp-content\/uploads\/2025\/11\/5IQXZWH6QBKKVEQCMH26D53SZA.jpg\" loading=\"lazy\"\/>Edmand Lara y Rodrigo Paz en La Paz, este s\u00e1bado.Luis Gandarillas (via REUTERS)<\/p>\n<p class=\"\">Si Evo Morales protagoniz\u00f3 de forma in\u00e9dita <a href=\"https:\/\/elpais.com\/internacional\/2006\/01\/21\/actualidad\/1137798005_850215.html\" rel=\"nofollow noopener\" target=\"_blank\">su investidura en 2006 en el sitio ceremonial arqueol\u00f3gico de Tiahuanaco<\/a>, el nuevo presidente ha recibido, tras el acto en el Parlamento y despu\u00e9s de muchos a\u00f1os, los bastones de mando en la Catedral Metropolitana, en La Paz, adem\u00e1s de la bendici\u00f3n de la autoridad eclesi\u00e1stica. No todo el simbolismo de la anterior gesti\u00f3n fue desechado: despu\u00e9s de recibir las distinciones de la Polic\u00eda y el Ej\u00e9rcito, Paz acept\u00f3 dos bastones de comunidades aut\u00f3ctonas, que se entregan por mandato constitucional desde 2009.<\/p>\n<p class=\"\">Los movimientos campesinos y sociales, <a href=\"https:\/\/elpais.com\/america\/2025-10-19\/bolivia-entierra-en-las-urnas-20-anos-de-hegemonia-indigena-del-partido-de-morales.html\" rel=\"nofollow noopener\" target=\"_blank\">que sol\u00edan ocupar puestos en el Ejecutivo<\/a>, estuvieron presentes en los discursos del flamante Gobierno. Fue, en realidad, una respuesta a los s\u00edntomas de molestia que se expresaron desde esos sectores frente a los rumores sobre la conformaci\u00f3n del pr\u00f3ximo gabinete ministerial, que se anunciar\u00e1 este domingo. \u201cLos ministros tienen que mostrar el rostro del pueblo. Si van a mostrar puro corbatudito, de puro nombre americano, ya no ser\u00eda nuestro Gobierno\u201d, reclam\u00f3 d\u00edas atr\u00e1s el militante del oficialista Partido Dem\u00f3crata Cristiano (PDC), Edgar Morales, <a href=\"https:\/\/elpais.com\/america\/2025-09-01\/qamiris-la-alta-burguesia-aimara-que-ahora-da-la-espalda-a-la-izquierda-de-evo-morales.html\" rel=\"nofollow noopener\" target=\"_blank\">quien ayud\u00f3 a conseguir el voto en enclaves ind\u00edgenas andinos<\/a>, antes bastiones del MAS.<\/p>\n<p class=\"\">El vicepresidente Lara le respondi\u00f3 en su discurso: \u201cEs mentira que discriminamos a las organizaciones sociales, les debemos mucho\u201d. Quien tambi\u00e9n fungir\u00e1 como presidente de la Asamblea arrastra el apoyo popular y de las zonas perif\u00e9ricas, a las que no olvid\u00f3 de mencionar en su alegato: \u201cMi respeto a la gente humilde, que trabaja d\u00eda a d\u00eda, a los cuentapropistas, amas de casa, personas con discapacidad. Nadie los va a discriminar ni excluir\u201d. Expolic\u00eda destituido por denunciar hechos de corrupci\u00f3n dentro de la instituci\u00f3n a trav\u00e9s de su cuenta de TikTok, Lara hizo referencia a l\u00edderes ind\u00edgenas como T\u00fapac Katari o Z\u00e1rate Willka.<\/p>\n<p><img decoding=\"auto\" class=\"_re lazyload a_m-h\" height=\"277\"  width=\"414\"  src=\"https:\/\/www.europesays.com\/es\/wp-content\/uploads\/2025\/11\/SNEDYQXE7VJTLJP3YVK6THHKTY.jpg\" loading=\"lazy\"\/>Mar\u00eda Elena Urquidi y Rodrigo Paz Pereira este s\u00e1bado, en La Paz (Bolivia).Juan Ignacio Roncoroni (EFE)<\/p>\n<p class=\"\">El evento en la Asamblea termin\u00f3 con la proyecci\u00f3n de im\u00e1genes de camiones cisterna de combustible entrando a Bolivia. El abastecimiento de gasolina y di\u00e9sel desde el primer d\u00eda de su mandato fue una de las promesas del nuevo presidente. Los hidrocarburos son la principal fuente de divisas para el pa\u00eds; la escasez de producci\u00f3n, a causa de la falta de inversi\u00f3n en exploraci\u00f3n, <a href=\"https:\/\/elpais.com\/internacional\/2023-05-28\/el-milagro-economico-boliviano-cruje-por-la-falta-de-dolares.html\" rel=\"nofollow noopener\" target=\"_blank\">ha provocado el incremento de precios y la ausencia de d\u00f3lares,<\/a> con la consecuente creaci\u00f3n de un mercado paralelo. \u201c\u00bfQu\u00e9 carajo hicieron con tanta bonanza? Porque ahora hay gente que no tiene para comer, si \u00e9ramos tan ricos como dicen. Van a responder a la patria por traici\u00f3n\u201d, advirti\u00f3 Paz.<\/p>\n<p class=\"\">Despu\u00e9s del evento, el mandatario mantuvo sus primeras reuniones informales con los presidentes invitados. Fueron cinco los que llegaron: los mandatarios de Ecuador, Paraguay, Chile, Uruguay y Argentina. Fue el presidente de esta \u00faltima naci\u00f3n, Javier Milei, el m\u00e1s anunciado por la oficina de Gobierno d\u00edas antes. Milei tambi\u00e9n fue el primero en felicitar a Paz cuando gan\u00f3 las elecciones el pasado 19 de octubre. Es una muestra clara de la nueva orientaci\u00f3n que se busca dar a <a href=\"https:\/\/elpais.com\/america\/2025-11-01\/el-boliviano-rodrigo-paz-busca-oxigeno-financiero-en-estados-unidos.html\" rel=\"nofollow noopener\" target=\"_blank\">las relaciones internacionales de Bolivia<\/a>. A fines del mes pasado, el presidente realiz\u00f3 su primera visita oficial a Estados Unidos, tras m\u00e1s de dos d\u00e9cadas de relaciones quebradas entre ambos pa\u00edses.<\/p>\n<p class=\"\">Del mismo modo, el l\u00edder democristiano ya anunci\u00f3 un pr\u00e9stamo de 3.500 millones de d\u00f3lares por parte de la Cooperaci\u00f3n Andina de Fomento (CAF). En el otro extremo, Bolivia fue recientemente expulsada de la Alianza Bolivariana para los Pueblos de Nuestra Am\u00e9rica (ALBA), tras calificar de \u201cantidemocr\u00e1ticos\u201d a Cuba, Venezuela y Nicaragua, pa\u00edses que encabezan dicha organizaci\u00f3n internacional.<\/p>\n","protected":false},"excerpt":{"rendered":"El juramento de este s\u00e1bado de Rodrigo Paz como el 68\u00ba presidente de Bolivia inaugura una nueva era&hellip;\n","protected":false},"author":2,"featured_media":225968,"comment_status":"","ping_status":"","sticky":false,"template":"","format":"standard","meta":{"footnotes":""},"categories":[42],"tags":[889,8997,17,18,9827,20567,20568,13,14,11,33109,61,62,63,64,19,20,1804,9,10,15,16,25600,12,21,22,65,66,67],"class_list":{"0":"post-225967","1":"post","2":"type-post","3":"status-publish","4":"format-standard","5":"has-post-thumbnail","7":"category-internacional","8":"tag-america","9":"tag-bolivia","10":"tag-breaking-news","11":"tag-breakingnews","12":"tag-crisis-economica","13":"tag-elecciones-bolivia","14":"tag-evo-morales","15":"tag-featured-news","16":"tag-featurednews","17":"tag-headlines","18":"tag-hidrocarburos","19":"tag-internacional","20":"tag-international","21":"tag-international-news","22":"tag-internationalnews","23":"tag-latest-news","24":"tag-latestnews","25":"tag-latinoamerica","26":"tag-news","27":"tag-noticias","28":"tag-noticias-destacadas","29":"tag-noticiasdestacadas","30":"tag-rodrigo-paz-pereira","31":"tag-titulares","32":"tag-ultimas-noticias","33":"tag-ultimasnoticias","34":"tag-world","35":"tag-world-news","36":"tag-worldnews"},"share_on_mastodon":{"url":"","error":"Validation failed: Text character limit of 500 exceeded"},"_links":{"self":[{"href":"https:\/\/www.europesays.com\/es\/wp-json\/wp\/v2\/posts\/225967","targetHints":{"allow":["GET"]}}],"collection":[{"href":"https:\/\/www.europesays.com\/es\/wp-json\/wp\/v2\/posts"}],"about":[{"href":"https:\/\/www.europesays.com\/es\/wp-json\/wp\/v2\/types\/post"}],"author":[{"embeddable":true,"href":"https:\/\/www.europesays.com\/es\/wp-json\/wp\/v2\/users\/2"}],"replies":[{"embeddable":true,"href":"https:\/\/www.europesays.com\/es\/wp-json\/wp\/v2\/comments?post=225967"}],"version-history":[{"count":0,"href":"https:\/\/www.europesays.com\/es\/wp-json\/wp\/v2\/posts\/225967\/revisions"}],"wp:featuredmedia":[{"embeddable":true,"href":"https:\/\/www.europesays.com\/es\/wp-json\/wp\/v2\/media\/225968"}],"wp:attachment":[{"href":"https:\/\/www.europesays.com\/es\/wp-json\/wp\/v2\/media?parent=225967"}],"wp:term":[{"taxonomy":"category","embeddable":true,"href":"https:\/\/www.europesays.com\/es\/wp-json\/wp\/v2\/categories?post=225967"},{"taxonomy":"post_tag","embeddable":true,"href":"https:\/\/www.europesays.com\/es\/wp-json\/wp\/v2\/tags?post=225967"}],"curies":[{"name":"wp","href":"https:\/\/api.w.org\/{rel}","templated":true}]}}