{"id":225969,"date":"2025-11-09T01:07:08","date_gmt":"2025-11-09T01:07:08","guid":{"rendered":"https:\/\/www.europesays.com\/es\/225969\/"},"modified":"2025-11-09T01:07:08","modified_gmt":"2025-11-09T01:07:08","slug":"erc-considera-que-el-bloqueo-de-junts-en-el-congreso-beneficia-su-posicion","status":"publish","type":"post","link":"https:\/\/www.europesays.com\/es\/225969\/","title":{"rendered":"ERC considera que el bloqueo de Junts en el Congreso beneficia su posici\u00f3n"},"content":{"rendered":"<p style=\"\">\u00abNo va a cambiar nada en la estrategia de ERC. Nunca vamos a votar en contra de los intereses de los catalanes para fastidiar a S\u00e1nchez. A esto, nosotros no jugamos\u00bb. Con estas palabras, fuentes de la direcci\u00f3n de ERC consultadas por ABC descartaban,  &#8230; este viernes, que los \u00faltimos movimientos de Junts, ruptura de la negociaci\u00f3n con los socialistas y <a href=\"https:\/\/www.abc.es\/espana\/leyes-gobierno-pedro-sanchez-afectadas-enmiendas-totalidad-20251106105726-nt.html\" target=\"_self\" data-voc-vtm-id=\"in-text-traffic\" title=\"bloqueo de la capacidad legislativa del Gobierno en el Congreso,\" data-mrf-link=\"www.abc.es\" rel=\"nofollow noopener\">bloqueo de la capacidad legislativa del Gobierno en el Congreso,<\/a> vayan a mover a los de <a href=\"https:\/\/www.abc.es\/noticias\/oriol-junqueras\/\" target=\"_self\" data-voc-vtm-id=\"in-text-traffic\" title=\"Oriol Junqueras\" data-mrf-link=\"www.abc.es\" rel=\"nofollow noopener\">Oriol Junqueras<\/a> en <strong>su estrategia de \u00absocio fiable\u00bb<\/strong> y, hasta cierto punto, \u00abprevisible\u00bb.<\/p>\n<p class=\"voc-p\" style=\"\">En el cuartel general de ERC, en la calle Calabria de Barcelona, recordaban que desde 2019 \u2013cuando los de Junqueras impidieron una investidura auton\u00f3mica ilegal a distancia de <strong>Carles Puigdemont\u2013<\/strong> son ellos los que van \u00abpor delante\u00bb en todo lo que hace referencia a pactos realistas con el PSOE. \u00abDigamos que impera el principio de realidad\u00bb, apuntaron a este diario fuentes de la c\u00fapula del partido que mantiene acuerdos con <strong>Pedro S\u00e1nchez<\/strong> en la C\u00e1mara Baja y <strong>Salvador Illa<\/strong> en el <a href=\"https:\/\/www.abc.es\/espana\/cataluna\/illa-ruega-erc-comuns-aprueben-presupuestos-2026-20251007182737-nt.html\" target=\"_self\" data-voc-vtm-id=\"in-text-traffic\" title=\"Parlamento de Catalu\u00f1a.\" data-mrf-link=\"www.abc.es\" rel=\"nofollow noopener\">Parlamento de Catalu\u00f1a.<\/a><\/p>\n<p class=\"voc-p\" style=\"\">De esta manera, el anuncio de Puigdemont de dar por finiquitado el acuerdo con el PSOE \u2013que permiti\u00f3 la investidura de S\u00e1nchez en 2023\u2013 y, esta misma semana, avanzar que <a href=\"https:\/\/www.abc.es\/espana\/psoe-cree-junts-reacciona-ante-proximas-encuestas-20251107192449-nt.html\" target=\"_self\" data-voc-vtm-id=\"in-text-traffic\" title=\"los siete diputados de Junts bloquear\u00e1n toda la actividad legislativa de los socialistas y el Gobierno,\" data-mrf-link=\"www.abc.es\" rel=\"nofollow noopener\">los siete diputados de Junts bloquear\u00e1n toda la actividad legislativa de los socialistas y el Gobierno,<\/a> no hace m\u00e1s que reforzar a ERC ante el PSOE. \u00abNos llamaron &#8216;botiflers&#8217; (traidores) en 2019 cuando pactamos con S\u00e1nchez. Y en 2023, Junts se sum\u00f3 al pacto con el Gobierno. <strong>Son ellos los que se van moviendo hacia las posiciones de ERC.<\/strong> El bloqueo en el Congreso solo les retrata\u00bb, a\u00f1adieron desde Calabria.<\/p>\n<p class=\"voc-p\" style=\"\">\u00abSeguiremos igual que hasta ahora, negociando e impidiendo que gobierne el PP, con el apoyo de Vox\u00bb, concretaron en ERC, que descartaron cualquier posibilidad de dejar caer al Ejecutivo si eso supone la llegada a la Moncloa de <strong>Alberto N\u00fa\u00f1ez Feij\u00f3o.<\/strong> Adem\u00e1s, las mismas fuentes a\u00f1adieron: \u00abLa decisi\u00f3n de Puigdemont nos centra. \u00bfA qui\u00e9n van a acudir ahora los empresarios catalanes para negociar en Madrid? \u00bfVotar\u00e1 Junts en contra de una mejora de la financiaci\u00f3n para Catalu\u00f1a? Quiz\u00e1s sea eso a lo que juegan: dinamitar un pacto en financiaci\u00f3n\u00bb.<\/p>\n<p class=\"voc-p\" style=\"\">En la sede de ERC se respira cierto optimismo. Se abre una ventana de oportunidades para Junqueras, que trata de recuperar el foco medi\u00e1tico tras el golpe de efecto de Puigdemont escenificado en Perpi\u00f1\u00e1n (Francia) y concretado de cara al Congreso. \u00abUn partido pol\u00edtico tiene que ser \u00fatil y Junts se dirige a ser cero influyente\u00bb, se\u00f1alaron desde el cuartel general de Calabria. Eso s\u00ed, advirtieron de que su \u00abestrategia\u00bb, en todo caso, <strong>\u00abse validar\u00e1 en las urnas\u00bb.<\/strong> Y es a eso a lo que se agarran. \u00abEstamos en <a href=\"https:\/\/www.abc.es\/espana\/cataluna\/psc-ganaria-elecciones-catalanas-escanos-poco-impacto-20250716122413-nt.html\" target=\"_self\" data-voc-vtm-id=\"in-text-traffic\" title=\"una tendencia al alza\" data-mrf-link=\"www.abc.es\" rel=\"nofollow noopener\">una tendencia al alza<\/a> y m\u00e1s si la comparamos con PSC y Junts\u00bb. La \u00faltima encuesta del bar\u00f3metro de opini\u00f3n de la Generalitat apunta un crecimiento de ERC de tres esca\u00f1os (de 20 23) en el Parlament y uno en el Congreso (de siete a ocho).<\/p>\n<p class=\"voc-p\" style=\"\">As\u00ed, hay distintos aspectos en los que ERC har\u00e1 valer su posici\u00f3n de socio \u00ab\u00fatil\u00bb y contrapunto a Junts, partido que va confirmando su papel como generador de inestabilidad. Por un lado, el ya citado de la influencia y el papel de interlocuci\u00f3n que acentuar\u00e1n los de <strong>Gabriel Rufi\u00e1n<\/strong> en la C\u00e1mara Baja, que hila directamente con la dependencia que Illa tiene de los independentistas en la c\u00e1mara catalana. El l\u00edder del PSC sigue sin encarrilar los presupuestos para 2026, que deber\u00e1 negociar tambi\u00e9n con Comuns. ERC quiere afianzar su rol de partido pactista en Madrid y Barcelona, lo que le permitir\u00e1 tener m\u00e1s visibilidad.<\/p>\n<p class=\"voc-p\" style=\"\">Adem\u00e1s, en su pugna con Junts por ganar el relato, lo que supone un desgaste constante para los dos partidos, ERC tiene la oportunidad de mostrarse como un actor pol\u00edtico responsable frente a la ruptura permanente que pregona Junts y que, por lo visto, est\u00e1 dispuesto a ejercer. Junqueras tratar\u00e1 de recomponer el cr\u00e9dito perdido desde 2017 ante un electorado independentista en horas bajas y con <strong>Alian\u00e7a Catalana<\/strong> subiendo, seg\u00fan auguran las encuestas, a costa, sobre todo, de los de Puigdemont. Aunque <a href=\"https:\/\/www.abc.es\/espana\/alianca-catalana-roba-erc-alcaldes-candidatos-junqueras-20251027032034-nt.html\" target=\"_self\" data-voc-vtm-id=\"in-text-traffic\" title=\"S\u00edlvia Orriols tambi\u00e9n pesca en otros feudos.\" data-mrf-link=\"www.abc.es\" rel=\"nofollow noopener\">S\u00edlvia Orriols tambi\u00e9n pesca en otros feudos.<\/a> \u00abCon este tema, no nos re\u00edmos por el hecho de que Orriols robe m\u00e1s a Junts\u00bb, advirtieron en ERC.<\/p>\n<p class=\"voc-p\" style=\"\">Eso s\u00ed, cualquier plan o t\u00e1ctica que se fije en Calabria, o que modifique el actual planteamiento, pasa ineludiblemente por el cumplimiento de las cesiones firmadas con Illa para que este se hiciera con el asiento del Govern catal\u00e1n. Sobre todo, el concierto econ\u00f3mico o, siempre que sea el mismo resultado que este, una financiaci\u00f3n singular para Catalu\u00f1a. Son conscientes de ello en el cuartel general de los republicanos. <strong>\u00abPaso a paso. Se firm\u00f3 un acuerdo para la financiaci\u00f3n y de ah\u00ed no nos moveremos\u00bb,<\/strong> aseguraron desde la c\u00fapula de ERC.<\/p>\n<p class=\"voc-p\" style=\"\">Solo una cosa, ahora mismo, podr\u00eda hacer saltar por los aires este inter\u00e9s contenido en ERC cuya direcci\u00f3n trata de situarse entre la subordinaci\u00f3n a los socialistas y la seducci\u00f3n de la confrontaci\u00f3n permanente de Junts. \u00abLa l\u00ednea roja sigue siendo la financiaci\u00f3n ilegal del PSOE. Solo entonces, en caso de confirmarse, nos replantear\u00edamos en ERC el apoyo a S\u00e1nchez\u00bb, insistieron las fuentes consultadas que, no obstante, descartaron cualquier tipo de colaboraci\u00f3n con los populares de Feij\u00f3o y de Vox de<strong> Santiago Abascal.<\/strong> Y a\u00f1aden: \u00abNunca trabajaremos para que caiga un gobierno socialista, ni vamos a correr ni propiciar un ejecutivo de PP y Vox\u00bb.<\/p>\n","protected":false},"excerpt":{"rendered":"\u00abNo va a cambiar nada en la estrategia de ERC. Nunca vamos a votar en contra de los&hellip;\n","protected":false},"author":2,"featured_media":225970,"comment_status":"","ping_status":"","sticky":false,"template":"","format":"standard","meta":{"footnotes":""},"categories":[8],"tags":[17907,6647,17,18,11866,2805,6324,25,24,13,14,11,5216,19,20,9,10,15,16,6205,23,12,21,22],"class_list":{"0":"post-225969","1":"post","2":"type-post","3":"status-publish","4":"format-standard","5":"has-post-thumbnail","7":"category-espana","8":"tag-beneficia","9":"tag-bloqueo","10":"tag-breaking-news","11":"tag-breakingnews","12":"tag-congreso","13":"tag-considera","14":"tag-erc","15":"tag-es","16":"tag-espana","17":"tag-featured-news","18":"tag-featurednews","19":"tag-headlines","20":"tag-junts","21":"tag-latest-news","22":"tag-latestnews","23":"tag-news","24":"tag-noticias","25":"tag-noticias-destacadas","26":"tag-noticiasdestacadas","27":"tag-posicion","28":"tag-spain","29":"tag-titulares","30":"tag-ultimas-noticias","31":"tag-ultimasnoticias"},"share_on_mastodon":{"url":"https:\/\/pubeurope.com\/@es\/115517066262056729","error":""},"_links":{"self":[{"href":"https:\/\/www.europesays.com\/es\/wp-json\/wp\/v2\/posts\/225969","targetHints":{"allow":["GET"]}}],"collection":[{"href":"https:\/\/www.europesays.com\/es\/wp-json\/wp\/v2\/posts"}],"about":[{"href":"https:\/\/www.europesays.com\/es\/wp-json\/wp\/v2\/types\/post"}],"author":[{"embeddable":true,"href":"https:\/\/www.europesays.com\/es\/wp-json\/wp\/v2\/users\/2"}],"replies":[{"embeddable":true,"href":"https:\/\/www.europesays.com\/es\/wp-json\/wp\/v2\/comments?post=225969"}],"version-history":[{"count":0,"href":"https:\/\/www.europesays.com\/es\/wp-json\/wp\/v2\/posts\/225969\/revisions"}],"wp:featuredmedia":[{"embeddable":true,"href":"https:\/\/www.europesays.com\/es\/wp-json\/wp\/v2\/media\/225970"}],"wp:attachment":[{"href":"https:\/\/www.europesays.com\/es\/wp-json\/wp\/v2\/media?parent=225969"}],"wp:term":[{"taxonomy":"category","embeddable":true,"href":"https:\/\/www.europesays.com\/es\/wp-json\/wp\/v2\/categories?post=225969"},{"taxonomy":"post_tag","embeddable":true,"href":"https:\/\/www.europesays.com\/es\/wp-json\/wp\/v2\/tags?post=225969"}],"curies":[{"name":"wp","href":"https:\/\/api.w.org\/{rel}","templated":true}]}}