{"id":225982,"date":"2025-11-09T01:22:12","date_gmt":"2025-11-09T01:22:12","guid":{"rendered":"https:\/\/www.europesays.com\/es\/225982\/"},"modified":"2025-11-09T01:22:12","modified_gmt":"2025-11-09T01:22:12","slug":"golden-cancion-de-las-guerreras-k-pop-arrasa-en-las-nominaciones-a-los-grammy","status":"publish","type":"post","link":"https:\/\/www.europesays.com\/es\/225982\/","title":{"rendered":"&#8216;Golden&#8217;, canci\u00f3n de &#8216;Las guerreras k-pop&#8217;, arrasa en las nominaciones a los Grammy"},"content":{"rendered":"<p>&#8216;Golden&#8217;, el tema principal de la pel\u00edcula de animaci\u00f3n &#8216;<a href=\"https:\/\/www.ecartelera.com\/peliculas\/las-guerreras-k-pop\/\" rel=\"nofollow noopener\" target=\"_blank\">Las guerreras k-pop<\/a>&#8216;, ha hecho historia en los Grammy. La canci\u00f3n, interpretada por el tr\u00edo Huntr\/x (EJAE, Audrey Nuna y Rei Ami), ha obtenido <b>cuatro nominaciones, entre ellas la codiciada candidatura a canci\u00f3n del a\u00f1o<\/b>. Adem\u00e1s, competir\u00e1 en las categor\u00edas de mejor interpretaci\u00f3n pop de d\u00fao o grupo, mejor canci\u00f3n escrita para medio audiovisual y mejor grabaci\u00f3n remezclada, consolidando su estatus como <b>uno de los mayores fen\u00f3menos musicales del a\u00f1o<\/b>.<\/p>\n<p>Tr\u00e1iler espa\u00f1ol &#8216;Las guerreras k-pop&#8217;<\/p>\n<p><video id=\"vid-36007\" class=\"video-js vjs-default-skin\" data-title=\"Tr\u00e1iler espa\u00f1ol 'Las guerreras k-pop'\" poster=\"https:\/\/www.ecartelera.com\/images\/videos\/36000\/f36007.jpg\" controls=\"\" preload=\"auto\" width=\"640\" height=\"360\" playsinline=\"\" data-vtt=\"\/\/v1.ecartelera.com\/video\/36000\/36007_sprite.vtt\" data-stream=\"1\">El navegador no soporta el tag de v\u00eddeo.<\/video><\/p>\n<p>X<\/p>\n<p>El tema, compuesto por EJAE, Mark Sonnenblick, DO, 24 y Teddy, forma parte de la banda sonora del exitoso filme de Netflix, que <b>desde su estreno en junio se convirti\u00f3 en la pel\u00edcula m\u00e1s vista de la plataforma<\/b>. El impacto de &#8216;Golden&#8217; no se ha limitado al \u00e1mbito cinematogr\u00e1fico: tres de sus canciones \u2014&#8217;Golden&#8217;, &#8216;Your Idol&#8217; y &#8216;Soda Pop&#8217;\u2014 se han mantenido <b>entre los temas m\u00e1s populares del Billboard Hot 100<\/b> durante semanas.<\/p>\n<p>Poco despu\u00e9s de conocerse las nominaciones, <b>las integrantes de Huntr\/x han expresado su emoci\u00f3n<\/b> en declaraciones a <a target=\"_blank\" href=\"https:\/\/variety.com\/2025\/music\/news\/kpop-demon-hunters-grammy-nominations-golden-1236570485\/\" rel=\"nofollow noopener\">Variety<\/a>. \u00abTodav\u00eda no puedo procesarlo, sigo en shock\u00bb, confiesa EJAE visiblemente emocionada. Rei Ami, entre l\u00e1grimas, a\u00f1ade: \u00abSe siente como algo de otro mundo\u00bb. Audrey Nuna, por su parte, subraya <b>la importancia de la representaci\u00f3n<\/b>: \u00abHabr\u00e1 tres rostros coreanos ah\u00ed. Pensar en los ni\u00f1os que ver\u00e1n eso y entender\u00e1n lo que pueden llegar a hacer en este mundo me pone la piel de gallina\u00bb.<\/p>\n<p>\t\t\t\t\t\t\t<img decoding=\"async\" loading=\"lazy\" src=\"https:\/\/www.europesays.com\/es\/wp-content\/uploads\/2025\/11\/247602_golden-cancion-de-las-guerreras-k-pop-arrasa.jpg\" alt=\"'Las guerreras k-pop' consigue cuatro nominaciones a los Grammy\" width=\"1200\" height=\"810\"\/>\t<\/p>\n<p>\t\t\t\t\t\t&#8216;Las guerreras k-pop&#8217; consigue cuatro nominaciones a los Grammy (Netflix)<\/p>\n<p>EJAE hace historia al convertirse en la primera compositora coreano-estadounidense nominada a canci\u00f3n del a\u00f1o, aunque <b>reconoce sentir \u00abs\u00edndrome del impostor\u00bb<\/b>. Ami apunta al esfuerzo constante que implica abrirse camino como mujer coreana en la industria musical: \u00abNos dicen que <b>tenemos que trabajar el doble<\/b>, llegar antes y destacar m\u00e1s para recibir el mismo reconocimiento que otros\u00bb.<\/p>\n<p>Haciendo historia<\/p>\n<p>Un <b>remix de David Guetta de &#8216;Golden&#8217; tambi\u00e9n ha sido nominado a mejor grabaci\u00f3n remezclada<\/b>, mientras que la banda sonora completa de &#8216;Las guerreras k-pop&#8217; competir\u00e1 en la categor\u00eda de mejor recopilaci\u00f3n para medio audiovisual. La canci\u00f3n se enfrentar\u00e1 a temas de artistas como <a href=\"https:\/\/www.ecartelera.com\/personas\/lady-gaga\/\" rel=\"nofollow noopener\" target=\"_blank\">Lady Gaga<\/a> (&#8216;Abracadabra&#8217;), Doechii (&#8216;Anxiety&#8217;), <a href=\"https:\/\/www.ecartelera.com\/personas\/bad-bunny\/\" rel=\"nofollow noopener\" target=\"_blank\">Bad Bunny<\/a> (&#8216;DtMF&#8217;), Kendrick Lamar y SZA (&#8216;Luther&#8217;) o Billie Eilish (&#8216;Wildflower&#8217;).<\/p>\n<p>\t\t\t\t\t\t\t<img decoding=\"async\" loading=\"lazy\" src=\"https:\/\/www.europesays.com\/es\/wp-content\/uploads\/2025\/11\/247600_golden-cancion-de-las-guerreras-k-pop-arrasa.jpg\" alt=\"'Las guerreras k-pop', el mayor fen\u00f3meno de Neflix\" width=\"1200\" height=\"810\"\/>\t<\/p>\n<p>\t\t\t\t\t\t&#8216;Las guerreras k-pop&#8217;, el mayor fen\u00f3meno de Neflix (Neflix)<\/p>\n<p>Pese al entusiasmo de la cr\u00edtica y las predicciones de la industria, &#8216;Golden&#8217; <b>no logr\u00f3 entrar en la categor\u00eda de grabaci\u00f3n del a\u00f1o, una nominaci\u00f3n que habr\u00eda marcado un precedente hist\u00f3rico<\/b> para un grupo de K-pop. Aun as\u00ed, Huntr\/x celebra las cuatro menciones con gratitud y entusiasmo: \u00abEstamos deseando ver a todos los nominados&#8230; y especialmente a <a href=\"https:\/\/www.ecartelera.com\/personas\/sabrina-carpenter\/\" rel=\"nofollow noopener\" target=\"_blank\">Sabrina Carpenter<\/a>\u00ab, comenta Ami entre risas.<\/p>\n<p>El fen\u00f3meno de &#8216;Las cazadoras k-pop ha trascendido la pantalla. Ante la avalancha de fans, Netflix ha organizado <b>funciones sing-along en cines durante agosto y octubre<\/b>, donde el p\u00fablico pudo cantar junto a los personajes. En su primer fin de semana, la pel\u00edcula recaud\u00f3 cerca de 18 millones de d\u00f3lares, una cifra sorprendente para un t\u00edtulo disponible en streaming. Con su <b>mezcla de animaci\u00f3n, cultura pop y empoderamiento femenino<\/b>, el filme se ha convertido en un s\u00edmbolo de representaci\u00f3n global y en uno de los mayores \u00e9xitos de la era post-pandemia.<\/p>\n","protected":false},"excerpt":{"rendered":"&#8216;Golden&#8217;, el tema principal de la pel\u00edcula de animaci\u00f3n &#8216;Las guerreras k-pop&#8216;, ha hecho historia en los Grammy.&hellip;\n","protected":false},"author":2,"featured_media":225983,"comment_status":"","ping_status":"","sticky":false,"template":"","format":"standard","meta":{"footnotes":""},"categories":[170],"tags":[1014,1015,1013,177,1011,146,147,25,24,782,1019,1016,184,185,753,1012,23,1017,1018],"class_list":{"0":"post-225982","1":"post","2":"type-post","3":"status-publish","4":"format-standard","5":"has-post-thumbnail","7":"category-musica","8":"tag-actores","9":"tag-actrices","10":"tag-cartelera","11":"tag-cine","12":"tag-ecartelera","13":"tag-entertainment","14":"tag-entretenimiento","15":"tag-es","16":"tag-espana","17":"tag-estrellas","18":"tag-fotogramas","19":"tag-fotos","20":"tag-music","21":"tag-musica","22":"tag-peliculas","23":"tag-pelis","24":"tag-spain","25":"tag-trailers","26":"tag-videos"},"share_on_mastodon":{"url":"https:\/\/pubeurope.com\/@es\/115517125256282858","error":""},"_links":{"self":[{"href":"https:\/\/www.europesays.com\/es\/wp-json\/wp\/v2\/posts\/225982","targetHints":{"allow":["GET"]}}],"collection":[{"href":"https:\/\/www.europesays.com\/es\/wp-json\/wp\/v2\/posts"}],"about":[{"href":"https:\/\/www.europesays.com\/es\/wp-json\/wp\/v2\/types\/post"}],"author":[{"embeddable":true,"href":"https:\/\/www.europesays.com\/es\/wp-json\/wp\/v2\/users\/2"}],"replies":[{"embeddable":true,"href":"https:\/\/www.europesays.com\/es\/wp-json\/wp\/v2\/comments?post=225982"}],"version-history":[{"count":0,"href":"https:\/\/www.europesays.com\/es\/wp-json\/wp\/v2\/posts\/225982\/revisions"}],"wp:featuredmedia":[{"embeddable":true,"href":"https:\/\/www.europesays.com\/es\/wp-json\/wp\/v2\/media\/225983"}],"wp:attachment":[{"href":"https:\/\/www.europesays.com\/es\/wp-json\/wp\/v2\/media?parent=225982"}],"wp:term":[{"taxonomy":"category","embeddable":true,"href":"https:\/\/www.europesays.com\/es\/wp-json\/wp\/v2\/categories?post=225982"},{"taxonomy":"post_tag","embeddable":true,"href":"https:\/\/www.europesays.com\/es\/wp-json\/wp\/v2\/tags?post=225982"}],"curies":[{"name":"wp","href":"https:\/\/api.w.org\/{rel}","templated":true}]}}