{"id":225990,"date":"2025-11-09T01:26:18","date_gmt":"2025-11-09T01:26:18","guid":{"rendered":"https:\/\/www.europesays.com\/es\/225990\/"},"modified":"2025-11-09T01:26:18","modified_gmt":"2025-11-09T01:26:18","slug":"carlota-casiraghi-la-princesa-filosofa-la-fragilidad-hoy-exige-demasiado-tiempo","status":"publish","type":"post","link":"https:\/\/www.europesays.com\/es\/225990\/","title":{"rendered":"Carlota Casiraghi, la\u00a0princesa fil\u00f3sofa:\u00a0\u00abLa fragilidad hoy exige demasiado tiempo\u00bb"},"content":{"rendered":"<p>\t\t\t\t\t\tLa\u00a0hija de Carolina de M\u00f3naco\u00a0present\u00f3\u00a0en Madrid el libro \u00abInfancia y violencia\u00bb, que ella prologa, mientras prepara para enero la publicaci\u00f3n de su primera obra<br \/>\n\t\t\t\t\t\t\t\t\t\t\t\t<strong>07 nov 2025<\/strong> . Actualizado a las 16:46 h.\t\t\t\t\t\t<\/p>\n<p class=\"first-paragraph txt\"><strong>Carlota Casiraghi<\/strong> ha visitado esta semana Madrid con motivo de la presentaci\u00f3n del libro <strong>Infancia y violencia<\/strong>, del neuropsiquiatra franc\u00e9s Boris Cyrulnik, que ella ha prologado. La princesa fil\u00f3sofa ha participado en un encuentro literario en el Instituto Franc\u00e9s junto al autor de la obra; la embajadora de Francia, Kareen Rispal; el consejero de Cultura, Simond de Galbert; y Leopoldo Kulesz, director de la editorial Libros del Zorzal.<\/p>\n<p class=\"txt\">Una cita en la que han debatido sobre filosof\u00eda, neurociencia, empat\u00eda, educaci\u00f3n y redes sociales que ha llevado a Carlota a plantear la b\u00fasqueda de soluciones r\u00e1pidas como signo de los tiempos: \u00abLo que exige mucha paciencia finalmente no es muy interesante o no entra en la l\u00f3gica del mercado\u00bb, ha reflexionado. \u00abTodo lo que es fr\u00e1gil hay que repararlo\u00bb, ha recordado, subrayando \u00ablas dificultades que los adolescentes pueden sufrir porque se busca el diagn\u00f3stico r\u00e1pido\u00bb. \u00abLa fragilidad hoy exige demasiado tiempo\u00bb, ha expresado.<\/p>\n<p class=\"txt\"><strong>Cavilaciones fruto de su pasi\u00f3n por la filosof\u00eda que contrastan con su faceta m\u00e1s fr\u00edvola como it girl\u00a0de la realeza europea,<\/strong> heredera del glamur\u00a0de su madre, <strong>Carolina de M\u00f3naco<\/strong>, y de su abuela, <strong><a href=\"https:\/\/www.lavozdegalicia.es\/temas\/grace-kelly\" rel=\"nofollow noopener\" target=\"_blank\">Grace Kelly<\/a><\/strong> y como protagonista de la prensa del coraz\u00f3n. En su haber, se encuentran colaboraciones en medios como Lib\u00e9ration, Madame Figaro\u00a0o Another Magazine, donde aborda temas de cultura, arte y filosof\u00eda, junto a portadas en revistas de tendencias como Vogue Paris, Harper&#8217;s Bazaar, Elle\u00a0o Vanity Fair. Una dualidad que la ha llevado a ser imagen de firmas como Gucci\u00a0y Chanel al tiempo que organizaba los Encuentros Filos\u00f3ficos de M\u00f3naco.<\/p>\n<p class=\"txt\">Paralelamente, su vida se ha visto reflejada en el papel cuch\u00e9, desde su primer amor conocido, el arist\u00f3crata austr\u00edaco Hubertus Herring Frankensdort, con quien estuvo a principios de los 2000, hasta <a class=\"link-txt\" href=\"https:\/\/www.lavozdegalicia.es\/noticia\/gente\/2024\/03\/01\/divorciado-padre-escritor-exito-nicolas-mathieu-nueva-pareja-carlota-casiraghi\/0003_202403G1P44993.htm\" rel=\"nofollow noopener\" target=\"_blank\">Nicolas Mathieu<\/a>, el escritor franc\u00e9s con quien se la relaciona desde <a class=\"link-txt\" href=\"https:\/\/www.lavozdegalicia.es\/noticia\/sociedad\/2024\/01\/28\/carlota-casiraghi-dimitri-rassam-divorcian-tenian-vida-familiar\/00031706460654256813247.htm\" rel=\"nofollow noopener\" target=\"_blank\">su separaci\u00f3n del productor de cine franc\u00e9s Dimitri Rassam<\/a>, padre de su hijo menor. Una lista de romances en la que tambi\u00e9n se cuentan Felix Winckler, Alex Dellal y <a class=\"link-txt\" href=\"https:\/\/www.lavozdegalicia.es\/noticia\/gente\/2015\/06\/04\/roto-gad-elmaleh-carlota-monaco\/00031433409616728485809.htm\" rel=\"nofollow noopener\" target=\"_blank\">Gad Elmaleh<\/a>, el actor y comediante franc\u00e9s con quien tuvo a su primog\u00e9nito.<\/p>\n<p class=\"txt\">\n<p>\t\t\t\t\t\t\t\t\t\t\t\t&#13;<br \/>\n\t\t\t\t\t\t\t\t&#13;<br \/>\n&#13;<br \/>\n&#13;<\/p>\n<p>\t\t\t&#13;<br \/>\n\t&#13;<\/p>\n<p>\t\t\t<a href=\"https:\/\/www.lavozdegalicia.es\/noticia\/gente\/2024\/03\/01\/divorciado-padre-escritor-exito-nicolas-mathieu-nueva-pareja-carlota-casiraghi\/0003_202403G1P44993.htm\" data-analytics=\"link-embed\" rel=\"nofollow noopener\" target=\"_blank\">Divorciado, padre y escritor de \u00e9xito: as\u00ed es Nicolas Mathieu, la nueva pareja de Carlota Casiraghi<\/a><\/p>\n<p class=\"a-min-author\">\n<p>\t\t\t\t\t\t\t\t\t\t\tjoaquina due\u00f1as<\/p>\n<p>\t&#13;<br \/>\n\t&#13;<br \/>\n&#13;<\/p>\n<p class=\"txt\">La hija de la princesa Carolina y de Stefano Casiraghi <a class=\"link-txt\" href=\"https:\/\/www.lavozdegalicia.es\/noticia\/gente\/2015\/10\/13\/carlota-casiraghi-lleva-monaco-pasion-filosofia\/00031444750285171404406.htm\" rel=\"nofollow noopener\" target=\"_blank\">descubri\u00f3 la filosof\u00eda<\/a> mientras estudiaba Bachillerato en el instituto Fran\u00e7ois Couperin de Fontainebleau, a unos 60 kil\u00f3metros de Par\u00eds. El profesor Robert Maggiori plant\u00f3 en ella <strong>una semilla de pensamiento cr\u00edtico y reflexi\u00f3n que no ha cesado de florecer<\/strong> desde entonces. La admiraci\u00f3n es mutua, tanto que para Maggiori, Carlota se convirti\u00f3 en su mejor alumna y ella le correspondi\u00f3 eligiendo cursar Filosof\u00eda en la Universidad de la Sorbona.<\/p>\n<p class=\"txt\">En las dos \u00faltimas d\u00e9cadas, se ha empe\u00f1ado en divulgar la filosof\u00eda y en poner en valor la importancia del pensamiento y la reflexi\u00f3n en todos los \u00e1mbitos: \u00abEl lujo y la vida cosmopolita forman parte de la sensibilidad\u00bb, dijo hace unos a\u00f1os. Y, aunque sabe que la filosof\u00eda no debe analizarse en clave personal, reconoce que su posici\u00f3n de privilegio condiciona su interpretaci\u00f3n del mundo y as\u00ed lo acepta.<\/p>\n<p class=\"txt\">De ah\u00ed que entre sus temas recurrentes est\u00e9n las pasiones y c\u00f3mo transformarlas para alcanzar la libertad interior, la belleza y el arte como v\u00eda de conocimiento y redenci\u00f3n emocional, la libertad femenina y el papel de la mujer en el pensamiento filos\u00f3fico y en la sociedad o la naturaleza y el cuidado vinculando la ecolog\u00eda con la sensibilidad y la \u00e9tica. Entre sus principales influencias, Baruch Spinoza, Jean-Jaques Rousseau, Michel Foucault, Simone Weil y Gilles Deleuze.<\/p>\n<p class=\"txt\">Una trayectoria intelectual que alcanzar\u00e1 un nuevo hito el pr\u00f3ximo a\u00f1o, cuando vea la luz <strong>el primer libro en solitario de la princesa<\/strong>. La editorial francesa \u00c9ditios Julliard lanzar\u00e1 el 29 de enero de 2026 La F\u00ealure (t\u00edtulo que puede traducirse como la fisura o la grieta), en el que, tal como ha planteado en su paso por Madrid, presenta <strong>un recorrido intelectual y emocional por la fragilidad humana<\/strong> a partir de los textos de grandes autores.<\/p>\n<p class=\"txt\">\u00abUna investigaci\u00f3n literaria y sensible sobre la noci\u00f3n de fisura\u00bb, explica la prensa francesa, en la que la sobrina de <a href=\"https:\/\/www.lavozdegalicia.es\/temas\/alberto-de-monaco\" rel=\"nofollow noopener\" target=\"_blank\">Alberto de M\u00f3naco<\/a> explora obras y vidas de escritores, poetas y aventureros para reflexionar alrededor de esta idea. No es un ensayo filos\u00f3fico \u00abpuro\u00bb ni una autobiograf\u00eda, sino <strong>una \u00abtraves\u00eda\u00bb a trav\u00e9s de la \u00abgrieta interior\u00bb<\/strong>, de aquello que en nosotros est\u00e1 roto y de c\u00f3mo eso puede tener un valor. Un recorrido que Carlota hace desde las vidas y obras de personalidades como Francis Scott Fitzgerald, art\u00edfice de t\u00edtulos como El gran Gatsby\u00a0y A este lado del para\u00edso; la poeta Anna Akhmatova; las escritoras Ingeborg Bachmann, Colette y Marguerite Duras; el navegador Bernard Moitessier y el cantante J. J. Cale.<\/p>\n<p>&#13;<br \/>\n\tArchivado en:&#13;<br \/>\n\t\t\t\t\t<a href=\"https:\/\/www.lavozdegalicia.es\/temas\/grace-kelly\/\" target=\"_blank\" class=\"mg-l\" rel=\"nofollow noopener\">Grace Kelly<\/a>&#13;<br \/>\n\t\t\t\t\t<a href=\"https:\/\/www.lavozdegalicia.es\/temas\/alberto-de-monaco\/\" target=\"_blank\" class=\"mg-l\" rel=\"nofollow noopener\">Alberto de M\u00f3naco<\/a>&#13;<br \/>\n\t&#13;<\/p>\n","protected":false},"excerpt":{"rendered":"La\u00a0hija de Carolina de M\u00f3naco\u00a0present\u00f3\u00a0en Madrid el libro \u00abInfancia y violencia\u00bb, que ella prologa, mientras prepara para enero&hellip;\n","protected":false},"author":2,"featured_media":225991,"comment_status":"","ping_status":"","sticky":false,"template":"","format":"standard","meta":{"footnotes":""},"categories":[91],"tags":[35387,146,147,25,24,59652,23],"class_list":{"0":"post-225990","1":"post","2":"type-post","3":"status-publish","4":"format-standard","5":"has-post-thumbnail","7":"category-entretenimiento","8":"tag-alberto-de-monaco","9":"tag-entertainment","10":"tag-entretenimiento","11":"tag-es","12":"tag-espana","13":"tag-grace-kelly","14":"tag-spain"},"share_on_mastodon":{"url":"https:\/\/pubeurope.com\/@es\/115517140716561134","error":""},"_links":{"self":[{"href":"https:\/\/www.europesays.com\/es\/wp-json\/wp\/v2\/posts\/225990","targetHints":{"allow":["GET"]}}],"collection":[{"href":"https:\/\/www.europesays.com\/es\/wp-json\/wp\/v2\/posts"}],"about":[{"href":"https:\/\/www.europesays.com\/es\/wp-json\/wp\/v2\/types\/post"}],"author":[{"embeddable":true,"href":"https:\/\/www.europesays.com\/es\/wp-json\/wp\/v2\/users\/2"}],"replies":[{"embeddable":true,"href":"https:\/\/www.europesays.com\/es\/wp-json\/wp\/v2\/comments?post=225990"}],"version-history":[{"count":0,"href":"https:\/\/www.europesays.com\/es\/wp-json\/wp\/v2\/posts\/225990\/revisions"}],"wp:featuredmedia":[{"embeddable":true,"href":"https:\/\/www.europesays.com\/es\/wp-json\/wp\/v2\/media\/225991"}],"wp:attachment":[{"href":"https:\/\/www.europesays.com\/es\/wp-json\/wp\/v2\/media?parent=225990"}],"wp:term":[{"taxonomy":"category","embeddable":true,"href":"https:\/\/www.europesays.com\/es\/wp-json\/wp\/v2\/categories?post=225990"},{"taxonomy":"post_tag","embeddable":true,"href":"https:\/\/www.europesays.com\/es\/wp-json\/wp\/v2\/tags?post=225990"}],"curies":[{"name":"wp","href":"https:\/\/api.w.org\/{rel}","templated":true}]}}