{"id":226032,"date":"2025-11-09T02:12:15","date_gmt":"2025-11-09T02:12:15","guid":{"rendered":"https:\/\/www.europesays.com\/es\/226032\/"},"modified":"2025-11-09T02:12:15","modified_gmt":"2025-11-09T02:12:15","slug":"angulo-muerto-de-cristian-beteta-gana-el-terrorificamente","status":"publish","type":"post","link":"https:\/\/www.europesays.com\/es\/226032\/","title":{"rendered":"&#8216;\u00c1ngulo muerto&#8217;, de Cristian Beteta, gana el Terror\u00edficamente"},"content":{"rendered":"<p>El Jurado del Festival Terror\u00edficamente Cortos -que en esta edici\u00f3n cont\u00f3 con Roberto Montalvo (Fin de tramo), ganador de la anterior, como jurado de honor- otorg\u00f3 el Premio al Mejor Cortometraje a \u00c1ngulo muerto, dirigido por Cristian Beteta.\u00a0<\/p>\n<p>La cinta premiada narra la historia de Estela y Ram\u00f3n, una pareja marcada por la separaci\u00f3n y el suicidio de su hijo Hugo (13 a\u00f1os) tras sufrir acoso escolar. Cuando Estela obtiene un v\u00eddeo grabado por los agresores, decide que ha llegado el momento de hablar con Ram\u00f3n: mientras reconstruyen la realidad de lo ocurrido, ambos tratan de esclarecer si podr\u00edan haberlo evitado y si estuvieron a la altura como padres. El filme se ha impuesto en una edici\u00f3n de alto nivel art\u00edstico y con una gran respuesta del p\u00fablico en las tres noches de Secci\u00f3n Oficial.<\/p>\n<p>El palmar\u00e9s del XIV Terror\u00edficamente Cortos se completa con el Premio del P\u00fablico al Mejor Cortometraje: Berta, de Luc\u00eda Forner; Premio Mejor Interpretaci\u00f3n, Eva Llorach, por \u00c1ngulo muerto; Premio Mejor Fotograf\u00eda, Beatriz Delgado, por Tinieblas; Premio Mejores Efectos Especiales, Christian Lizcano, por Polvo de \u00e1ngel; Premio Mejor Banda Sonora, Carlos Rodriguez por El fantasma de la Quinta; Premio Mejor Dise\u00f1o de Producci\u00f3n, Pakoto Mart\u00ednez y James A. Castillo, por El fantasma de la Quinta; Premio AMGu Mejor Sonido, Jes\u00fas Cend\u00f3n por KillJote; Premio AMGu del P\u00fablico, Berta, de Luc\u00eda Forner; y Premio Sociograph al Corto m\u00e1s Impactante, Polvo de \u00e1ngel, de Miguel Varela.<\/p>\n","protected":false},"excerpt":{"rendered":"El Jurado del Festival Terror\u00edficamente Cortos -que en esta edici\u00f3n cont\u00f3 con Roberto Montalvo (Fin de tramo), ganador&hellip;\n","protected":false},"author":2,"featured_media":226033,"comment_status":"","ping_status":"","sticky":false,"template":"","format":"standard","meta":{"footnotes":""},"categories":[169],"tags":[29305,177,32706,146,147,25,24,176,175,23,12421,57670],"class_list":{"0":"post-226032","1":"post","2":"type-post","3":"status-publish","4":"format-standard","5":"has-post-thumbnail","7":"category-cine","8":"tag-acoso-escolar","9":"tag-cine","10":"tag-cortometrajes","11":"tag-entertainment","12":"tag-entretenimiento","13":"tag-es","14":"tag-espana","15":"tag-film","16":"tag-movies","17":"tag-spain","18":"tag-suicidio","19":"tag-terrorificamente-cortos"},"share_on_mastodon":{"url":"https:\/\/pubeurope.com\/@es\/115517321640171764","error":""},"_links":{"self":[{"href":"https:\/\/www.europesays.com\/es\/wp-json\/wp\/v2\/posts\/226032","targetHints":{"allow":["GET"]}}],"collection":[{"href":"https:\/\/www.europesays.com\/es\/wp-json\/wp\/v2\/posts"}],"about":[{"href":"https:\/\/www.europesays.com\/es\/wp-json\/wp\/v2\/types\/post"}],"author":[{"embeddable":true,"href":"https:\/\/www.europesays.com\/es\/wp-json\/wp\/v2\/users\/2"}],"replies":[{"embeddable":true,"href":"https:\/\/www.europesays.com\/es\/wp-json\/wp\/v2\/comments?post=226032"}],"version-history":[{"count":0,"href":"https:\/\/www.europesays.com\/es\/wp-json\/wp\/v2\/posts\/226032\/revisions"}],"wp:featuredmedia":[{"embeddable":true,"href":"https:\/\/www.europesays.com\/es\/wp-json\/wp\/v2\/media\/226033"}],"wp:attachment":[{"href":"https:\/\/www.europesays.com\/es\/wp-json\/wp\/v2\/media?parent=226032"}],"wp:term":[{"taxonomy":"category","embeddable":true,"href":"https:\/\/www.europesays.com\/es\/wp-json\/wp\/v2\/categories?post=226032"},{"taxonomy":"post_tag","embeddable":true,"href":"https:\/\/www.europesays.com\/es\/wp-json\/wp\/v2\/tags?post=226032"}],"curies":[{"name":"wp","href":"https:\/\/api.w.org\/{rel}","templated":true}]}}