{"id":226047,"date":"2025-11-09T02:28:11","date_gmt":"2025-11-09T02:28:11","guid":{"rendered":"https:\/\/www.europesays.com\/es\/226047\/"},"modified":"2025-11-09T02:28:11","modified_gmt":"2025-11-09T02:28:11","slug":"nueva-victoria-del-recoletas-zamora-zamarat-ante-sant-feliu-en-liga-femenina-cahllenge-de-baloncesto","status":"publish","type":"post","link":"https:\/\/www.europesays.com\/es\/226047\/","title":{"rendered":"Nueva victoria del Recoletas Zamora Zamarat ante Sant Feliu en Liga femenina Cahllenge de Baloncesto"},"content":{"rendered":"<p class=\"ft-text\">El <a class=\"ft-link ft-link--decoration\" href=\"https:\/\/www.laopiniondezamora.es\/deportes\/2025\/11\/08\/recoletas-dispuesto-volver-ganar-barcelona-123485367.html\" rel=\"nofollow noopener\" target=\"_blank\">Recoletas Navarra gana a domicilio por 64-70 al Santfeliuenc en un partido muy disputado que se complic\u00f3 en el tercer cuarto<\/a> y que se decidi\u00f3 en los \u00faltimos minutos. Con este triunfo, las zamoranas consolidan su buen momento y <strong>encadenan su tercera victoria consecutiva<\/strong>, lo que las hace escalar hasta la quinta posici\u00f3n de la clasificaci\u00f3n. Niski y Filor lideraron la puntuaci\u00f3n de las naranjas, convirti\u00e9ndose en una aut\u00e9ntica pesadilla para las defensoras catalanas.<\/p>\n<p class=\"ft-text\">El primer cuarto fue para las zamoranas, que desde el minuto uno salieron m\u00e1s intensas y activas que las locales. En los primeros compases del partido supieron encontrar los huecos en la defensa santfeliuenca y con un buen acierto en el tiro empezaron a castigar a las locales en el marcador. Las de Ra\u00fal P\u00e9rez generaban espacios y desajustes defensivos, con posesiones r\u00e1pidas de lado a lado de la pista y con una gran selecci\u00f3n de tiro que les estaba permitiendo abrir brecha en el marcador. <strong>Al final del primer cuarto el marcador era de 11-15, con cuatro puntos de ventaja para las visitantes.<\/strong><\/p>\n<p class=\"ft-text\">En el segundo tramo la din\u00e1mica fue muy parecida, con el Recoletas Zamora manteniendo su intensidad y buena circulaci\u00f3n de bal\u00f3n, lo que les permiti\u00f3 seguir encontrando ventajas en ataque. Filor y Ana P\u00e9rez se hicieron notar con penetraciones y aciertos desde media distancia, <strong>mientras que Niski continuaba siendo un quebradero de cabeza constante para la defensa catalana.<\/strong> El Santfeliuenc tuvo problemas para frenar a las naranjas y sufri\u00f3 p\u00e9rdidas de bal\u00f3n que las naranjas aprovecharon para aumentar la diferencia, cerrando la primera mitad con un 24-34 favorable a las visitantes.<\/p>\n<p>Reacci\u00f3n rival<\/p>\n<p class=\"ft-text\">Tras el paso por vestuarios, <strong>el CB Santfeliuenc reaccion\u00f3 con fuerza en el tercer cuarto<\/strong>. Con un parcial de 23-14, las locales lograron reducir la desventaja gracias a una defensa m\u00e1s intensa y transiciones r\u00e1pidas que les permitieron anotar con fluidez. Marotte y Adama lideraron el ataque, encontrando buenos tiros y cargando el rebote ofensivo. Este cuarto devolvi\u00f3 emoci\u00f3n al encuentro y dej\u00f3 todo abierto para un \u00faltimo periodo que se preve\u00eda de alta intensidad.<\/p>\n<p class=\"ft-text\">En el cuarto parcial, el partido se decidi\u00f3 en los \u00faltimos minutos. El Zamarat supo volver a imponerse, ajustando su defensa y manteniendo el acierto ofensivo de Niski y Filor, quienes sumaron puntos clave para sentenciar el encuentro. <a class=\"ft-link ft-link--decoration\" href=\"https:\/\/www.laopiniondezamora.es\/deportes\/2025\/11\/07\/ana-perez-recoletas-zamora-hemos-123448146.html\" rel=\"nofollow noopener\" target=\"_blank\">A pesar de los esfuerzos del Santfeliuenc,<\/a> que busc\u00f3 la remontada incasablemente con tiros exteriores y penetraciones agresivas, las visitantes lograron controlar el marcador. Un parcial de 17-22 en el \u00faltimo cuarto dej\u00f3 el definitivo 64-70.<\/p>\n<p class=\"ft-text\">Con esta victoria, las zamoranas sigue en su buena din\u00e1mica y logra otra victoria a domicilio. El Recoletas Zamora demuestra que est\u00e1 en racha y que su combinaci\u00f3n de talento ofensivo y defensa organizada puede traer consigo logros importantes en esta temporada, por ahora ilusionante.<\/p>\n","protected":false},"excerpt":{"rendered":"El Recoletas Navarra gana a domicilio por 64-70 al Santfeliuenc en un partido muy disputado que se complic\u00f3&hellip;\n","protected":false},"author":2,"featured_media":226048,"comment_status":"","ping_status":"","sticky":false,"template":"","format":"standard","meta":{"footnotes":""},"categories":[269],"tags":[299,298,168,25,24,795,8480,23,167,2752,1261,2946],"class_list":{"0":"post-226047","1":"post","2":"type-post","3":"status-publish","4":"format-standard","5":"has-post-thumbnail","7":"category-baloncesto","8":"tag-baloncesto","9":"tag-basketball","10":"tag-deportes","11":"tag-es","12":"tag-espana","13":"tag-nueva","14":"tag-recoletas","15":"tag-spain","16":"tag-sports","17":"tag-trabajo","18":"tag-victoria","19":"tag-zamora"},"share_on_mastodon":{"url":"https:\/\/pubeurope.com\/@es\/115517384560179211","error":""},"_links":{"self":[{"href":"https:\/\/www.europesays.com\/es\/wp-json\/wp\/v2\/posts\/226047","targetHints":{"allow":["GET"]}}],"collection":[{"href":"https:\/\/www.europesays.com\/es\/wp-json\/wp\/v2\/posts"}],"about":[{"href":"https:\/\/www.europesays.com\/es\/wp-json\/wp\/v2\/types\/post"}],"author":[{"embeddable":true,"href":"https:\/\/www.europesays.com\/es\/wp-json\/wp\/v2\/users\/2"}],"replies":[{"embeddable":true,"href":"https:\/\/www.europesays.com\/es\/wp-json\/wp\/v2\/comments?post=226047"}],"version-history":[{"count":0,"href":"https:\/\/www.europesays.com\/es\/wp-json\/wp\/v2\/posts\/226047\/revisions"}],"wp:featuredmedia":[{"embeddable":true,"href":"https:\/\/www.europesays.com\/es\/wp-json\/wp\/v2\/media\/226048"}],"wp:attachment":[{"href":"https:\/\/www.europesays.com\/es\/wp-json\/wp\/v2\/media?parent=226047"}],"wp:term":[{"taxonomy":"category","embeddable":true,"href":"https:\/\/www.europesays.com\/es\/wp-json\/wp\/v2\/categories?post=226047"},{"taxonomy":"post_tag","embeddable":true,"href":"https:\/\/www.europesays.com\/es\/wp-json\/wp\/v2\/tags?post=226047"}],"curies":[{"name":"wp","href":"https:\/\/api.w.org\/{rel}","templated":true}]}}