{"id":226082,"date":"2025-11-09T03:00:26","date_gmt":"2025-11-09T03:00:26","guid":{"rendered":"https:\/\/www.europesays.com\/es\/226082\/"},"modified":"2025-11-09T03:00:26","modified_gmt":"2025-11-09T03:00:26","slug":"cientificos-estadounidenses-identifican-la-fuente-en-el-cerebro-que-alimenta-la-demencia","status":"publish","type":"post","link":"https:\/\/www.europesays.com\/es\/226082\/","title":{"rendered":"Cient\u00edficos estadounidenses identifican la fuente en el cerebro que &#8216;alimenta&#8217; la demencia"},"content":{"rendered":"<p class=\"c-paragraph\">Un grupo de cient\u00edficos estadounidenses han identificado un elemento clave en el desarrollo de la <a href=\"https:\/\/www.20minutos.es\/tags\/temas\/demencia-senil.html\" title=\"Demencia senil\" rel=\"nofollow noopener\" target=\"_blank\">demencia<\/a>: <b>radicales libres<\/b> procedentes de regiones espec\u00edficas de unas c\u00e9lulas de soporte cerebral con forma de estrella llamadas astrocitos.<\/p>\n<p class=\"c-paragraph\">Los investigadores de la universidad\u00a0<b>Weill Cornell Medicine en Nueva York <\/b>centraron<a href=\"https:\/\/www.nature.com\/articles\/s42255-025-01390-y\" rel=\"nofollow noreferrer noopener\" title=\"Mitochondrial complex III-derived ROS amplify immunometabolic changes in astrocytes and promote dementia pathology\" target=\"_blank\"> su investigaci\u00f3n<\/a><a href=\"https:\/\/www.nature.com\/articles\/s42255-025-01390-y#Sec2\" rel=\"nofollow noreferrer noopener\" title=\"Mitochondrial complex III-derived ROS amplify immunometabolic changes in astrocytes and promote dementia pathology\" target=\"_blank\">, publicada en la revista Nature Metabolism<\/a>, en las mitocondrias, peque\u00f1as estructuras presentes en los astrocitos y otras c\u00e9lulas que absorben los nutrientes de los alimentos y los convierten en energ\u00eda qu\u00edmica.<\/p>\n<p class=\"c-paragraph\">Si bien las mitocondrias generan la mayor parte de la energ\u00eda que el cuerpo necesita para funcionar, tambi\u00e9n liberan especies reactivas de ox\u00edgeno (ROS), mol\u00e9culas conocidas com\u00fanmente como<b> radicales libres.<\/b><\/p>\n<p class=\"c-paragraph\">En niveles normales, las ROS ayudan a regular funciones celulares esenciales, pero su producci\u00f3n excesiva o descontrolada puede da\u00f1ar las c\u00e9lulas.\u00a0En los astrocitos enfermos, los desencadenantes externos, como las <b>mol\u00e9culas inflamatorias<\/b> o las prote\u00ednas beta-amiloides relacionadas con el <a href=\"https:\/\/www.20minutos.es\/tags\/temas\/alzheimer.html\" title=\"Alzh\u00e9imer\" rel=\"nofollow noopener\" target=\"_blank\">Alzheimer<\/a>, provocaron que un sitio espec\u00edfico de la mitocondria sobreprodujera ROS en el momento y lugar equivocados.<\/p>\n<p class=\"c-paragraph\">Cuando los investigadores administraron <b>un compuesto llamado S3QEL<\/b> a ratones que modelaban la demencia frontotemporal, los astrocitos se activaron menos, las se\u00f1ales inflamatorias disminuyeron en todo el cerebro y se produjo una disminuci\u00f3n de las prote\u00ednas tau relacionadas con la demencia.\u00a0Sorprendentemente, estos efectos aparecieron incluso cuando el tratamiento comenz\u00f3 despu\u00e9s de que ya se hab\u00edan iniciado los s\u00edntomas de la demencia.<\/p>\n<p class=\"c-paragraph\">Los cient\u00edficos tambi\u00e9n dicen que los ratones que recibieron <b>el tratamiento experimental <\/b>en su alimento vivieron m\u00e1s tiempo que los ratones que comieron pienso est\u00e1ndar sin S3QEL.<\/p>\n<p class=\"c-paragraph\">Este proceso es altamente espec\u00edfico, ya que implica se\u00f1ales espec\u00edficas que activan radicales libres en una ubicaci\u00f3n particular de las mitocondrias de la c\u00e9lula, causando <b>da\u00f1o a un conjunto selecto de prote\u00ednas.<\/b><\/p>\n<p class=\"c-paragraph\">Los cient\u00edficos administraron el f\u00e1rmaco a los ratones mezcl\u00e1ndolo con su alimento especial o inyect\u00e1ndolo. Posteriormente, trataron a los ratones propensos a la demencia durante varios meses. Para comprobar la eficacia del f\u00e1rmaco, <b>observaron cambios clave.\u00a0<\/b><\/p>\n<p class=\"c-paragraph\"><b>Analizaron el comportamiento de los ratones<\/b>, como sus movimientos y coordinaci\u00f3n, para comprobar si mejoraban sus s\u00edntomas. Tambi\u00e9n examinaron sus cerebros al microscopio en busca de signos de inflamaci\u00f3n y prote\u00ednas da\u00f1inas tras su muerte.<\/p>\n<p class=\"c-paragraph\">Al mismo tiempo, llevaron a cabo un experimento en el laboratorio con c\u00e9lulas cerebrales extra\u00eddas, incluyendo<b> neuronas, astrocitos y microglia<\/b>, obtenidas de cr\u00edas de rat\u00f3n gen\u00e9ticamente modificadas.\u00a0<\/p>\n<p class=\"c-paragraph\">Criaron ratones gen\u00e9ticamente equipados para eludir el complejo CIII. Luego, tomaron muestras de cultivo de astrocitos en sus cerebros. Los investigadores pretend\u00edan demostrar que sus hallazgos se deb\u00edan espec\u00edficamente a la v\u00eda del<b> Complejo III (CIII) <\/b>en los astrocitos, el proceso espec\u00edfico dentro de las mitocondrias donde el Complejo III genera radicales libres da\u00f1inos que da\u00f1an los astrocitos en el cerebro y otras c\u00e9lulas en todo el cuerpo.\u00a0<\/p>\n<p class=\"c-paragraph\">Los compuestos S3QEL fueron dise\u00f1ados espec\u00edficamente para actuar sobre esta v\u00eda dentro de las mitocondrias con la esperanza de reducir la producci\u00f3n de radicales libres. Descubrieron que los radicales libres da\u00f1inos emitidos por los astrocitos activan <b>genes conocidos por impulsar la inflamaci\u00f3n cerebral.<\/b><\/p>\n<p class=\"c-paragraph\">Pero cuando administraron el compuesto experimental, esa reacci\u00f3n se redujo, de forma similar a <b>bajar el volumen de un equipo de m\u00fasica.<\/b><\/p>\n<p class=\"c-paragraph\">Posteriormente, el equipo trat\u00f3 a<b> ratones enfermos con S3QEL<\/b> o un placebo y realiz\u00f3 una serie de pruebas durante semanas evaluando sus movimientos, coordinaci\u00f3n y niveles generales de actividad para comprobar si el tratamiento mejoraba su funcionamiento diario y sus s\u00edntomas.<\/p>\n<p class=\"c-paragraph\">Los ratones enfermos presentaban <b>una flexi\u00f3n anormal de las patas cuando se les sujetaba por la cola<\/b>, un reflejo que indica un control motor deficiente, pero el f\u00e1rmaco redujo este s\u00edntoma.<\/p>\n<p class=\"c-paragraph\">Cuando se practic\u00f3 la <b>eutanasia humanitaria<\/b> a los ratones, los investigadores descubrieron que los ratones tratados presentaban menores marcadores de inflamaci\u00f3n en sus cerebros y menor cantidad de microgl\u00eda activada, las c\u00e9lulas inmunitarias del sistema nervioso central.<\/p>\n<p class=\"c-paragraph\">Tambi\u00e9n presentaban menor cantidad de <b>prote\u00ednas tau t\u00f3xicas<\/b>, que se cree que desempe\u00f1an un papel fundamental en el desarrollo de la enfermedad de Alzheimer.<\/p>\n<p class=\"c-paragraph\">En las c\u00e9lulas cerebrales sanas, la prote\u00edna tau ayuda a estabilizar las estructuras internas. Pero en casos de demencia,<b> se desprende y se agrupa formando ovillos t\u00f3xicos<\/b> dentro de las neuronas, lo que finalmente las mata.<\/p>\n<p class=\"c-paragraph\">En una cohorte separada de ratones que no fueron sacrificados, los ratones tratados tambi\u00e9n vivieron entre <b>un 17 y un 20% m\u00e1s <\/b>que sus contrapartes que recibieron el placebo.<\/p>\n<p class=\"c-paragraph\">El autor principal, el doctor <b>Adam Orr,<\/b> concluye: \u00abEl estudio realmente ha cambiado nuestra forma de pensar sobre los radicales libres y ha abierto muchas nuevas v\u00edas de investigaci\u00f3n\u00bb.<\/p>\n","protected":false},"excerpt":{"rendered":"Un grupo de cient\u00edficos estadounidenses han identificado un elemento clave en el desarrollo de la demencia: radicales libres&hellip;\n","protected":false},"author":2,"featured_media":226083,"comment_status":"","ping_status":"","sticky":false,"template":"","format":"standard","meta":{"footnotes":""},"categories":[92],"tags":[2670,645,25,24,27234,6865,165,10289,166,23],"class_list":{"0":"post-226082","1":"post","2":"type-post","3":"status-publish","4":"format-standard","5":"has-post-thumbnail","7":"category-salud","8":"tag-cerebro","9":"tag-cientificos","10":"tag-es","11":"tag-espana","12":"tag-estadounidenses","13":"tag-fuente","14":"tag-health","15":"tag-identifican","16":"tag-salud","17":"tag-spain"},"share_on_mastodon":{"url":"https:\/\/pubeurope.com\/@es\/115517510538208567","error":""},"_links":{"self":[{"href":"https:\/\/www.europesays.com\/es\/wp-json\/wp\/v2\/posts\/226082","targetHints":{"allow":["GET"]}}],"collection":[{"href":"https:\/\/www.europesays.com\/es\/wp-json\/wp\/v2\/posts"}],"about":[{"href":"https:\/\/www.europesays.com\/es\/wp-json\/wp\/v2\/types\/post"}],"author":[{"embeddable":true,"href":"https:\/\/www.europesays.com\/es\/wp-json\/wp\/v2\/users\/2"}],"replies":[{"embeddable":true,"href":"https:\/\/www.europesays.com\/es\/wp-json\/wp\/v2\/comments?post=226082"}],"version-history":[{"count":0,"href":"https:\/\/www.europesays.com\/es\/wp-json\/wp\/v2\/posts\/226082\/revisions"}],"wp:featuredmedia":[{"embeddable":true,"href":"https:\/\/www.europesays.com\/es\/wp-json\/wp\/v2\/media\/226083"}],"wp:attachment":[{"href":"https:\/\/www.europesays.com\/es\/wp-json\/wp\/v2\/media?parent=226082"}],"wp:term":[{"taxonomy":"category","embeddable":true,"href":"https:\/\/www.europesays.com\/es\/wp-json\/wp\/v2\/categories?post=226082"},{"taxonomy":"post_tag","embeddable":true,"href":"https:\/\/www.europesays.com\/es\/wp-json\/wp\/v2\/tags?post=226082"}],"curies":[{"name":"wp","href":"https:\/\/api.w.org\/{rel}","templated":true}]}}