{"id":226116,"date":"2025-11-09T03:35:12","date_gmt":"2025-11-09T03:35:12","guid":{"rendered":"https:\/\/www.europesays.com\/es\/226116\/"},"modified":"2025-11-09T03:35:12","modified_gmt":"2025-11-09T03:35:12","slug":"quiero-ganar-roubaix-y-flandes","status":"publish","type":"post","link":"https:\/\/www.europesays.com\/es\/226116\/","title":{"rendered":"Quiero ganar Roubaix y Flandes"},"content":{"rendered":"<p data-mrf-recirculation=\"Links P\u00e1rrafos\" class=\"ue-c-article__paragraph paragraph ue-c-article--first-letter-highlighted\">H\u00e9ctor <strong>\u00c1lvarez<\/strong>, fan del f\u00fatbol y del FC Barcelona como su ya compa\u00f1ero <strong>Juan Ayuso<\/strong>, analiza para <strong>MARCA desde el Criterium de Saitama<\/strong>, arropado por banderines de conjuntos futboleros locales, un a\u00f1o que empez\u00f3 torcido por diferentes problemas, pero que acab\u00f3 con la flecha para arriba y grandes resultados. La joven perla del Lidl-Trek, llamado a ser uno de los grandes nombres del futuro, analiza la importancia de las cl\u00e1sicas, la experiencia en <strong>Europeos y Mundiales,<\/strong>\u00a0su progresi\u00f3n dentro de un equipo que apuesta por \u00e9l y de la ambici\u00f3n que le mueve: ganar grandes carreras con un grupo con el que espera renovar hasta 2028, buscar el &#8216;doblete&#8217; el pr\u00f3ximo curso con Espa\u00f1a y llegar preparado a eventos como los <strong>Juegos Ol\u00edmpicos de Los \u00c1ngeles 2028.<\/strong><\/p>\n<p data-mrf-recirculation=\"Links P\u00e1rrafos\" class=\"ue-c-article__paragraph paragraph\"><strong>Pregunta. \u00bfQu\u00e9 balance hace de la temporada?<\/strong><\/p>\n<p data-mrf-recirculation=\"Links P\u00e1rrafos\" class=\"ue-c-article__paragraph paragraph\"><strong>Respuesta.<\/strong>\u00a0Tengo que hacer un balance bueno. En la primera parte de la temporada si que, habiendo ca\u00eddas, lesiones, etc\u00e9tera, no pude dar mi rendimiento, pero bueno, en el momento que pasamos ese tramo de mala suerte y pudimos empezar a entrenar bien, los resultados empezaron a salir y tengo que estar muy contento de c\u00f3mo acaba el a\u00f1o.<\/p>\n<blockquote class=\"ue-c-article__blockquote\">\n<p>Soy un corredor de cl\u00e1sicas y cuando pierdes la temporada de las cl\u00e1sicas&#8230; duele<\/p>\n<p>H\u00e9ctor \u00c1lvarez a MARCA<\/p><\/blockquote>\n<p data-mrf-recirculation=\"Links P\u00e1rrafos\" class=\"ue-c-article__paragraph paragraph\"><strong>P. \u00bfHubiera cambiado algo?<\/strong><\/p>\n<p data-mrf-recirculation=\"Links P\u00e1rrafos\" class=\"ue-c-article__paragraph paragraph\">R. La primera parte de la temporada, al final soy un corredor de cl\u00e1sicas y cuando pierdes la temporada de las cl\u00e1sicas, pues al final he tirado a buscar un poco m\u00e1s en otros aspectos, como en vueltas de una semana, Europeo o Mundial. Pero bueno, mi plato fuerte son las cl\u00e1sicas y las he perdido, entonces hubiese cambiado que las cl\u00e1sicas hubiesen salido un poco mejor.<\/p>\n<p><img decoding=\"async\" width=\"1980\" height=\"1320\" class=\"ue-c-article__image lazyload\" alt=\"H\u00e9ctor \u00c1lvarez, con MARCA en Saitama.\" loading=\"lazy\" src=\"https:\/\/www.europesays.com\/es\/wp-content\/uploads\/2025\/11\/690f5d852d3cf.jpeg\"\/><\/p>\n<p>H\u00e9ctor \u00c1lvarez, con MARCA en Saitama.N. LABARGA (MARCA)<\/p>\n<p data-mrf-recirculation=\"Links P\u00e1rrafos\" class=\"ue-c-article__paragraph paragraph\"><strong>P. \u00bfQu\u00e9 nota se pone al a\u00f1o?<\/strong><\/p>\n<p data-mrf-recirculation=\"Links P\u00e1rrafos\" class=\"ue-c-article__paragraph paragraph\">R. Un 7, un notable. Creo que est\u00e1 bien. Cuando acabas el final de temporada como he acabado, que iba a todas las carreras con un mont\u00f3n de ganas, que no estaba cansado, no estaba ya al l\u00edmite, creo que tengo que ponerme un 7, quitando lo del inicio para ponerme el 10. Un 7 est\u00e1 bien.<\/p>\n<blockquote class=\"ue-c-article__blockquote\">\n<p>Necesitamos oler sangre. En las sub-23 es donde podemos seguir oliendo la victoria<\/p>\n<p>H\u00e9ctor \u00c1lvarez a MARCA<\/p><\/blockquote>\n<p data-mrf-recirculation=\"Links P\u00e1rrafos\" class=\"ue-c-article__paragraph paragraph\"><strong>P. El papel con Espa\u00f1a ha sido bueno, pese a que volvi\u00f3 a quedarse a un paso de las medallas en el Mundial.<\/strong><\/p>\n<p data-mrf-recirculation=\"Links P\u00e1rrafos\" class=\"ue-c-article__paragraph paragraph\"><strong>R.<\/strong>\u00a0Ya me pas\u00f3 el a\u00f1o pasado tambi\u00e9n. En el Mundial llegaba en la mejor forma: hice segundo en el Europeo el a\u00f1o pasado, hice sexto en el Mundial cuando estaba peleando el arcoiris. Este a\u00f1o otra vez ve\u00eda las medallas ah\u00ed cerca en Kigali y otra vez las he perdido en el Mundial. Tengo esa cosa dentro que quiero quitarme alg\u00fan d\u00eda. Siempre veo el lado bueno de aprender, de saber que estoy en una \u00e9poca de aprendizaje y saber que cuando llegue el momento clave, un Mundial \u00e9lite, no puedo fallar. Despu\u00e9s, en el Europeo, todo sali\u00f3 mejor.<\/p>\n<blockquote class=\"ue-c-article__blockquote\">\n<p>No s\u00e9 todav\u00eda qu\u00e9 tipo de corredor soy. Estamos en ese proceso<\/p>\n<p>H\u00e9ctor \u00c1lvarez a MARCA<\/p><\/blockquote>\n<p data-mrf-recirculation=\"Links P\u00e1rrafos\" class=\"ue-c-article__paragraph paragraph\"><strong>P. \u00bfLe gusta o le molesta la presi\u00f3n? Ahora tiene 18 a\u00f1os y el pr\u00f3ximo mes cumple 19. \u00a1A\u00fan es un chaval!<\/strong><\/p>\n<p data-mrf-recirculation=\"Links P\u00e1rrafos\" class=\"ue-c-article__paragraph paragraph\"><strong>R.<\/strong>\u00a0Ahora me preguntan si voy a ganar el d\u00eda de carrera, pero eso lo hac\u00eda yo cuando era un ni\u00f1o. Tengo ganas y me gusta demostrar mi nivel en las carreras. No me molesta esa presi\u00f3n.<\/p>\n<p data-mrf-recirculation=\"Links P\u00e1rrafos\" class=\"ue-c-article__paragraph paragraph\"><strong>P. \u00bfEs de los que tiene fotos de peque\u00f1o con los cracks?<\/strong><\/p>\n<p data-mrf-recirculation=\"Links P\u00e1rrafos\" class=\"ue-c-article__paragraph paragraph\">R. Tenemos ah\u00ed en el ordenador una carpeta de fotos con todos los corredores, que hay algunos que son seleccionadores nacionales ahora, que las miro y digo: &#8216;\u00a1ostras, cu\u00e1nto ha cambiado todo en tres a\u00f1os!&#8217;.<\/p>\n<p data-mrf-recirculation=\"Links P\u00e1rrafos\" class=\"ue-c-article__paragraph paragraph\"><strong>P. Su figura es un poco extra\u00f1a, porque no est\u00e1 ni en el primer equipo ni en el Future, est\u00e1 un poco a caballo entre ambas estructuras.<\/strong><\/p>\n<p data-mrf-recirculation=\"Links P\u00e1rrafos\" class=\"ue-c-article__paragraph paragraph\">R. Es una figura en la que me siento c\u00f3modo. Quer\u00edamos hacer dos a\u00f1os de desarrollo; el primer a\u00f1o lo hemos cumplido y el segundo a\u00f1o queremos hacer un calendario m\u00e1s mixto con el equipo de desarrollo para seguir creciendo. Un ciclista como yo necesita ganar, necesita oler sangre. Y en carreras sub 23 es donde puedo seguir oliendo esa victoria. Y luego usar las citas World Tour para ayudar al equipo, crecer y seguir mirando hacia arriba.<\/p>\n<p data-mrf-recirculation=\"Links P\u00e1rrafos\" class=\"ue-c-article__paragraph paragraph\"><strong>P. Si pudiera elegir un calendario, \u00bfcu\u00e1l se pedir\u00eda?<\/strong><\/p>\n<p data-mrf-recirculation=\"Links P\u00e1rrafos\" class=\"ue-c-article__paragraph paragraph\">R. He pedido al equipo la Volta a la Comunidad Valenciana, quiero que sea una carrera que est\u00e9 en mi calendario de 100%. Tambi\u00e9n me gusta el encadenado Burgos y Getxo. Despu\u00e9s, mi pareja es de B\u00e9lgica y me gustar\u00eda correr esa carrera. Todav\u00eda no puedo pensar en grandes. Mi m\u00e1ximo nivel es 2.0 pro. Quiz\u00e1 en 2027 o 2028 llegue mi primera grande.<\/p>\n<p data-mrf-recirculation=\"Links P\u00e1rrafos\" class=\"ue-c-article__paragraph paragraph\"><strong>P. \u00bfEl salto en septiembre est\u00e1 contemplado?<\/strong><\/p>\n<p data-mrf-recirculation=\"Links P\u00e1rrafos\" class=\"ue-c-article__paragraph paragraph\">R. La idea de quedarse aqu\u00ed es para hacer Mundial y Europeo como sub23. Por eso la idea de subir de &#8216;stagiere&#8217; la quitamos porque ser\u00eda absurdo. Vamos a aguantar todo el a\u00f1o con licencia continental para poder correr esas dos citas.\u00a0<\/p>\n<p data-mrf-recirculation=\"Links P\u00e1rrafos\" class=\"ue-c-article__paragraph paragraph\"><strong>P. \u00bfQu\u00e9 le parecen los recorridos de Canad\u00e1 y Eslovenia?<\/strong><\/p>\n<p data-mrf-recirculation=\"Links P\u00e1rrafos\" class=\"ue-c-article__paragraph paragraph\">R. Ahora mismo no s\u00e9 decir. Hasta que no estemos all\u00ed\u2026 El Europeo de Francia era dur\u00edsimo para m\u00ed y pude hacer tercero; el Mundial tambi\u00e9n era dur\u00edsimo y pude hacer cuarto. Entonces ahora mismo, como no s\u00e9 ni qu\u00e9 tipo de corredor soy, a lo mejor llego all\u00ed y es un circuito que no me va bien, pero parece que me va muy bien.<\/p>\n<p data-mrf-recirculation=\"Links P\u00e1rrafos\" class=\"ue-c-article__paragraph paragraph\"><strong>P. A\u00fan no sabe qu\u00e9 tipo de ciclista es pero, \u00bfcu\u00e1l puede ser su techo?<\/strong><\/p>\n<p data-mrf-recirculation=\"Links P\u00e1rrafos\" class=\"ue-c-article__paragraph paragraph\">R. No lo s\u00e9. Tampoco lo sabe Markel Irizar (su jefe). Esta temporada hemos visto que puedo subir puertos de 20-15 minutos bien, que puedo esprintar\u2026 entonces no sabemos, no sabemos. Hay que esperar.<\/p>\n<p data-mrf-recirculation=\"Links P\u00e1rrafos\" class=\"ue-c-article__paragraph paragraph\"><strong>P. Un momento duro este curso fue no ir al Porvenir.<\/strong><\/p>\n<p data-mrf-recirculation=\"Links P\u00e1rrafos\" class=\"ue-c-article__paragraph paragraph\">R. Al final era un objetivo desde el principio de temporada. El equipo y yo, haciendo el calendario, pusimos que el Porvenir iba a ser uno de los objetivos de la temporada para ver si consegu\u00edamos una etapa y luchar en la general como Pablo Torres. Lleg\u00f3 el momento, no me llam\u00f3 el seleccionador; yo pensaba que s\u00ed que me iba a llamar, pero al final no me llam\u00f3. El equipo me dio por otro lado una carrera como Tour Poitou &#8211; Charentes en Nouvelle Aquitaine, rendimos muy bien todo el equipo, sacamos buenos puestos. Entonces el Lidl-Trek estaba contento conmigo y yo con ellos. Cambiamos el plan, pero sali\u00f3 bien.<\/p>\n<blockquote class=\"ue-c-article__blockquote\">\n<p>Ten\u00eda el Porvenir marcado, pero no me llam\u00f3 el seleccionador. Fue duro. Acept\u00e9 la decisi\u00f3n<\/p>\n<p>H\u00e9ctor \u00c1lvarez a MARCA<\/p><\/blockquote>\n<p data-mrf-recirculation=\"Links P\u00e1rrafos\" class=\"ue-c-article__paragraph paragraph\"><strong>P. Pero es un hombre clave con Espa\u00f1a pese a no ir a ese Porvenir.<\/strong><\/p>\n<p data-mrf-recirculation=\"Links P\u00e1rrafos\" class=\"ue-c-article__paragraph paragraph\">R. Tambi\u00e9n decir que al final la selecci\u00f3n espa\u00f1ola ha confiado todo el a\u00f1o en m\u00ed, en el Mundial y Europeo. Entonces al final hay que estar contento con el seleccionador: fue una decisi\u00f3n suya y hay que aceptarla. Estoy s\u00faper agradecido de representar al pa\u00eds en el Mundial y Europeo y creo que lo dimos todo y supimos poner al pa\u00eds en su sitio.<\/p>\n<p data-mrf-recirculation=\"Links P\u00e1rrafos\" class=\"ue-c-article__paragraph paragraph\"><strong>P. Y tambi\u00e9n con la pista, ahora viene de competir en Chile. \u00bfCu\u00e1les son sus retos?<\/strong><\/p>\n<p data-mrf-recirculation=\"Links P\u00e1rrafos\" class=\"ue-c-article__paragraph paragraph\">R. Habl\u00e9 con el seleccionador y con el responsable de rendimiento. Les he dicho que mi objetivo es llegar a Los \u00c1ngeles 2028, que me gustar\u00eda hacer toda la preparaci\u00f3n y la clasificaci\u00f3n para los Juegos Ol\u00edmpicos de Los \u00c1ngeles. Pero nunca sabes: el equipo (Lidl-Trek) a veces pone un poco de l\u00edmites y quiere que demuestre el potencial en el equipo. Pero mi idea es seguir en la pista y preparar el omnium y la madison para 2028.<\/p>\n<blockquote class=\"ue-c-article__blockquote\">\n<p>Mi objetivo es llegar a Los \u00c1ngeles 2028 y preparar el omnium y la madison<\/p>\n<p>H\u00e9ctor \u00c1lvarez a MARCA<\/p><\/blockquote>\n<p data-mrf-recirculation=\"Links P\u00e1rrafos\" class=\"ue-c-article__paragraph paragraph\"><strong>P. Su contrato termina en 2026, \u00bftiene hablado ya para renovar?<\/strong><\/p>\n<p data-mrf-recirculation=\"Links P\u00e1rrafos\" class=\"ue-c-article__paragraph paragraph\">R. Ahora estamos acabando de negociar y lo m\u00e1s seguro es que tenga el 2027 y el 2028 asegurado con el WorldTour de Lidl-Trek. Es una progresi\u00f3n: dos a\u00f1os en el Devo y dos a\u00f1os en el WorldTour.<\/p>\n<p data-mrf-recirculation=\"Links P\u00e1rrafos\" class=\"ue-c-article__paragraph paragraph\"><strong>P. A su equipo llega su amigo Ayuso, \u00bfc\u00f3mo es? Es uno de los hombres m\u00e1s medi\u00e1ticos del a\u00f1o.<\/strong><\/p>\n<p data-mrf-recirculation=\"Links P\u00e1rrafos\" class=\"ue-c-article__paragraph paragraph\">R. \u00c9l estuvo en la escuela de mi padre cuando \u00e9ramos infantiles. Hemos entrenado juntos siempre en la escuela, nos llevamos s\u00faper bien. Mi padre ha sido su director durante muchos a\u00f1os. Cuando me enter\u00e9 que ven\u00eda, me escribi\u00f3 y me dijo que \u00edbamos a estar juntos. Fue una noticia s\u00faper agradable. Cuando te juntas con un compa\u00f1ero de antes, viendo qu\u00e9 corredor es, es un punto a favor para m\u00ed, para Lidl-Trek y para todos. \u00c9l est\u00e1 a 45 minutos en bici de mi casa. Me gusta m\u00e1s mi zona para entrenar, pero algunas veces vamos a ir juntos.<\/p>\n<blockquote class=\"ue-c-article__blockquote\">\n<p>Lo m\u00e1s seguro es que tenga 2027 y 2028 asegurado con el WorldTour de Lidl-Trek<\/p>\n<p>H\u00e9ctor \u00c1lvarez a MARCA<\/p><\/blockquote>\n<p data-mrf-recirculation=\"Links P\u00e1rrafos\" class=\"ue-c-article__paragraph paragraph\"><strong>P. Su cambio de equipo ha sido valiente. Y llega a un equipo con varios espa\u00f1oles.<\/strong><\/p>\n<p data-mrf-recirculation=\"Links P\u00e1rrafos\" class=\"ue-c-article__paragraph paragraph\">R. Llega con ambici\u00f3n de UAE. Para \u00e9l es una buena opci\u00f3n. Necesita ese liderazgo, saber que damos todo para \u00e9l. Creo que puede darle un plus para ganar una gran vuelta. Adem\u00e1s, aqu\u00ed estamos un buen grupo de espa\u00f1oles.\u00a0El ambiente es bueno. No te llevas mal con nadie; es un ambiente en el que te gusta estar y te gusta trabajar aqu\u00ed. Aqu\u00ed formamos una familia. Se ve desde fuera.<\/p>\n<blockquote class=\"ue-c-article__blockquote\">\n<p>Ayuso estuvo en la escuela de mi padre. Hemos crecido juntos. Que venga es una gran noticia<\/p>\n<p>H\u00e9ctor \u00c1lvarez a MARCA<\/p><\/blockquote>\n<p data-mrf-recirculation=\"Links P\u00e1rrafos\" class=\"ue-c-article__paragraph paragraph\"><strong>P. El que no seguir\u00e1 ah\u00ed en Lidl-Trek es Juanpe L\u00f3pez, que hizo cosas importantes en esa estructura.<\/strong><\/p>\n<p data-mrf-recirculation=\"Links P\u00e1rrafos\" class=\"ue-c-article__paragraph paragraph\">R. Nos da pena a nosotros y le da pena a \u00e9l. Me acuerdo que hablaba con \u00e9l en Burgos y me dec\u00eda: &#8216;\u00a1ostras, es que me da pena que despu\u00e9s de tantos a\u00f1os salir de esa estructura\u2026!&#8217;. Est\u00e1s tan a gusto que da pena. Aqu\u00ed en Lidl-Trek le ten\u00edamos mucho cari\u00f1o, pero bueno, ahora va a un nuevo equipo (Movistar) y seguro que lo va a hacer muy bien.<\/p>\n<p data-mrf-recirculation=\"Links P\u00e1rrafos\" class=\"ue-c-article__paragraph paragraph\"><strong>P. \u00bfC\u00f3mo lo hacen para gestionar tanto ego? Tienen a Ciccone, Milan,\u00a0Skeljmose, Ayuso&#8230;<\/strong><\/p>\n<p data-mrf-recirculation=\"Links P\u00e1rrafos\" class=\"ue-c-article__paragraph paragraph\">R. He corrido con varios, pero aqu\u00ed en el bus siempre hay un plan claro. A lo mejor hay otros equipos que les gusta jugar con ambas plazas; cuando llegamos al bus tenemos un l\u00edder claro y todo el mundo vamos para \u00e9l. Cuando se va para Milan se va para \u00e9l, incluso tira Ciccone&#8230; y al rev\u00e9s. Cuando se va contigo sabes que todos van a ir con todo y eso se agradece.<\/p>\n<blockquote class=\"ue-c-article__blockquote\">\n<p>Sabemos que podemos ser el mejor equipo del mundo. Lo vemos como ambici\u00f3n, no como presi\u00f3n<\/p>\n<p>H\u00e9ctor \u00c1lvarez a MARCA<\/p><\/blockquote>\n<p data-mrf-recirculation=\"Links P\u00e1rrafos\" class=\"ue-c-article__paragraph paragraph\"><strong>P. \u00bfLa \u00e9lite es tal y como se esperaba?<\/strong><\/p>\n<p data-mrf-recirculation=\"Links P\u00e1rrafos\" class=\"ue-c-article__paragraph paragraph\">R. Estar aqu\u00ed es un sue\u00f1o cumplido. Siempre has so\u00f1ado como ni\u00f1o y solo haces que sorprenderte m\u00e1s y m\u00e1s de c\u00f3mo son los ciclistas. Siempre ves esa faceta que ense\u00f1an en redes, pero luego los conoces por dentro y cambia todo. Cambia la manera de ver el ciclismo y c\u00f3mo es todo. Cuando entras en carrera est\u00e1 claro que hay tensi\u00f3n y estamos todos serios, pero fuera hay buen rollo.<\/p>\n<p data-mrf-recirculation=\"Links P\u00e1rrafos\" class=\"ue-c-article__paragraph paragraph\"><strong>P. \u00bfAlg\u00fan ejemplo de esos cambios?<\/strong><\/p>\n<p data-mrf-recirculation=\"Links P\u00e1rrafos\" class=\"ue-c-article__paragraph paragraph\">R. Por ejemplo, Ciccone parece serio, as\u00ed italiano, que le gusta quejarse\u2026 pero es un t\u00edo de 10. Y Jonathan (Milan), que no lo conoc\u00eda, llevamos cinco d\u00edas aqu\u00ed en Asia y parece que nos conocemos de toda la vida.<\/p>\n<blockquote class=\"ue-c-article__blockquote\">\n<p>Herederos hay muchos: Ayuso, Del Toro, Onley, Lipowitz, Remco&#8230; Luego est\u00e1n los superh\u00e9roes como Pogacar<\/p>\n<p>H\u00e9ctor \u00c1lvarez a MARCA<\/p><\/blockquote>\n<p data-mrf-recirculation=\"Links P\u00e1rrafos\" class=\"ue-c-article__paragraph paragraph\"><strong>P. Con las prisas que hay en este nuevo ciclismo, \u00bfle da miedo no despuntar fuerte r\u00e1pido y que vayan pasando a\u00f1os?<\/strong><\/p>\n<p data-mrf-recirculation=\"Links P\u00e1rrafos\" class=\"ue-c-article__paragraph paragraph\">R. La verdad que s\u00ed que tengo un poco de miedo. Las cosas van muy r\u00e1pido. Lo bueno es que he ido con calma gracias a mis padre o a Markel. No quiero que nos coma la bola. Quiero saber hasta d\u00f3nde puedo llegar sin prisa.<\/p>\n<p data-mrf-recirculation=\"Links P\u00e1rrafos\" class=\"ue-c-article__paragraph paragraph\"><strong>P. Pero el ciclismo es muy duro, mire Pogacar c\u00f3mo sufri\u00f3 en el Tour pese a que gan\u00f3.<\/strong><\/p>\n<p data-mrf-recirculation=\"Links P\u00e1rrafos\" class=\"ue-c-article__paragraph paragraph\">R. Yo de momento no lo veo as\u00ed, no tengo su presi\u00f3n. Soy un ni\u00f1o, estoy en otra burbuja. Yo vivo el disfrute. Salgo a correr y disfruto de la bici. Todav\u00eda no veo ese estr\u00e9s. Ahora mismo es como si fuera con mis amigos a las carreras. Esta es mi pasi\u00f3n y mi zona de confort. Poco a poco iremos prepar\u00e1ndonos para ese estr\u00e9s. S\u00e9 que est\u00e1 ah\u00ed porque se ve en los corredores, pero poco a poco me ir\u00e9 preparando para poder afrontarlo muy bien.<\/p>\n<p data-mrf-recirculation=\"Links P\u00e1rrafos\" class=\"ue-c-article__paragraph paragraph\"><strong>P. Su equipo quiere ser el n\u00famero uno del mundo. \u00bfLo conseguir\u00e1n?<\/strong><\/p>\n<p data-mrf-recirculation=\"Links P\u00e1rrafos\" class=\"ue-c-article__paragraph paragraph\">R. El otro d\u00eda en Alemania tuvimos la charla del jefe. La idea era clara. Sabemos que tenemos potencial para ser el mejor equipo del mundo. Lo vemos como ambici\u00f3n, no presi\u00f3n. Cuando empez\u00f3 Trek-Segafredo, luego Lidl-Trek, empez\u00f3 a sumar, este a\u00f1o ha cogido toda la responsabilidad con un mayor porcentaje. Nos est\u00e1n apretando y es ambici\u00f3n. Por qu\u00e9 no, en uno o dos a\u00f1os podemos estar ah\u00ed con UAE. Con gente como Cicco, Ayuso,\u00a0Skeljmose, Milan&#8230; lo podemos conseguir.<\/p>\n<p data-mrf-recirculation=\"Links P\u00e1rrafos\" class=\"ue-c-article__paragraph paragraph\"><strong>P. \u00bfQu\u00e9 nos puede decir de Espargar\u00f3? Han compartido equipo.<\/strong><\/p>\n<p data-mrf-recirculation=\"Links P\u00e1rrafos\" class=\"ue-c-article__paragraph paragraph\">R. Es un deportista de los pies a la cabeza. Da igual lo que le pongas: una moto, una bici, que le pongan a correr&#8230;. Es un aficionado del deporte. Me parece un t\u00edo de 10, tanto como persona como deportista. Siendo lo que ha sido en MotoGP, que venga a la bici y me pregunte c\u00f3mo se pone un dorsal me parece llamativo. Ama mucho el deporte.<\/p>\n<blockquote class=\"ue-c-article__blockquote\">\n<p>Mi deseo para 2026 es conseguir mi primera victoria profesional y pelear por el arco\u00edris y el Europeo. Quiero intentar el doblete<\/p>\n<p>H\u00e9ctor \u00c1lvarez a MARCA<\/p><\/blockquote>\n<p data-mrf-recirculation=\"Links P\u00e1rrafos\" class=\"ue-c-article__paragraph paragraph\"><strong>P. Pero tiene &#8216;haters&#8217; en redes.<\/strong><\/p>\n<p data-mrf-recirculation=\"Links P\u00e1rrafos\" class=\"ue-c-article__paragraph paragraph\">R. Le he preguntado por eso. Me gusta leer mucho Twitter y se lo he comentado. \u00c9l dice que no le puedes gustar a todo el mundo. Intenta hacerlo lo mejor que puede. Para m\u00ed no tiene nada que ver a veces lo que es en redes sociales como es en persona. Si la gente lo conociera en persona lo ver\u00eda diferente. Al final hay que conocer a las personas.<\/p>\n<p data-mrf-recirculation=\"Links P\u00e1rrafos\" class=\"ue-c-article__paragraph paragraph\"><strong>P. \u00bfSe obsesiona usted con las cr\u00edticas en redes? \u00bfLas sigue mucho?<\/strong><\/p>\n<p data-mrf-recirculation=\"Links P\u00e1rrafos\" class=\"ue-c-article__paragraph paragraph\">R. A m\u00ed me gusta leer un poco las cr\u00edticas para poder valorar c\u00f3mo estoy haciendo. No cambio nada en mi vida, pero me gusta ver c\u00f3mo la gente me percibe. Lo lees y lo olvidas r\u00e1pido porque piensas que est\u00e1s haciendo lo correcto.<\/p>\n<p data-mrf-recirculation=\"Links P\u00e1rrafos\" class=\"ue-c-article__paragraph paragraph\"><strong>P. \u00bfC\u00f3mo ve lo de Pogacar?<\/strong><\/p>\n<p data-mrf-recirculation=\"Links P\u00e1rrafos\" class=\"ue-c-article__paragraph paragraph\">R. Yo por suerte no he podido correr con Pogacar, pero he corrido con Del Toro. Un d\u00eda en Getxo nos arranc\u00f3 en la cara como si fu\u00e9ramos paseando turistas. Yo pens\u00e9, si Del Toro ha hecho esto no s\u00e9 qu\u00e9 nos puede hacer Pogacar. Es un superdotado y hay que aceptarlo.<\/p>\n<p data-mrf-recirculation=\"Links P\u00e1rrafos\" class=\"ue-c-article__paragraph paragraph\"><strong>P. \u00bfVe a Del Toro como heredero de Pogacar?<\/strong><\/p>\n<p data-mrf-recirculation=\"Links P\u00e1rrafos\" class=\"ue-c-article__paragraph paragraph\">R. \u00bfHerederos? S\u00ed, pero tambi\u00e9n est\u00e1n otros corredores como Ayuso, \u00d3scar Onley, Lipowitz, incluso Remco Est\u00e1n los humanos, los interhumanos y luego los superh\u00e9roes como puede ser Pogacar. Si no estuviera Tadej ser\u00eda un ciclismo diferente.\u00a0<\/p>\n<p data-mrf-recirculation=\"Links P\u00e1rrafos\" class=\"ue-c-article__paragraph paragraph\"><strong>P. \u00bfY Seixas?<\/strong><\/p>\n<p data-mrf-recirculation=\"Links P\u00e1rrafos\" class=\"ue-c-article__paragraph paragraph\">R. Corr\u00ed con \u00e9l todo el a\u00f1o pasado. Ver que ha dado un salto incre\u00edble me motiva. Todav\u00eda tengo pasos que dar. Tengo muchas llamadas con Markel (Irizar) y me dice d\u00f3nde tengo que apretar: gimnasio, core\u2026 tenemos mucho que mejorar y eso me da ambici\u00f3n. No sabemos d\u00f3nde puede llegar Finn o Seixas, pero su crecimiento me da motivaci\u00f3n.<\/p>\n<p data-mrf-recirculation=\"Links P\u00e1rrafos\" class=\"ue-c-article__paragraph paragraph\"><strong>P. \u00bfSus grandes retos a futuro?<\/strong><\/p>\n<p data-mrf-recirculation=\"Links P\u00e1rrafos\" class=\"ue-c-article__paragraph paragraph\">R. Quiero ganar la Roubaix y el Tour de Flandes. Esos ser\u00edan mis objetivos, mis sue\u00f1os. No se ha visto nunca en nuestro pa\u00eds y por qu\u00e9 no alg\u00fan d\u00eda ser un ciclista que haya ganado los cinco Monumentos.<\/p>\n<p data-mrf-recirculation=\"Links P\u00e1rrafos\" class=\"ue-c-article__paragraph paragraph\"><strong>P.  \u00bfY para este curso?<\/strong><\/p>\n<p data-mrf-recirculation=\"Links P\u00e1rrafos\" class=\"ue-c-article__paragraph paragraph\">R. Mi primera victoria profesional y estar peleando por el maillot de arco\u00edris y el de Europa en categor\u00eda sub 23. Es la \u00faltima oportunidad sub-23 y quiero preparar la contrarreloj bien y la ruta para intentar hacer el doblete.<\/p>\n<p>H\u00e9ctor \u00c1lvarez, al primer toque:<\/p>\n<p>H\u00e9ctor \u00c1lvarez, al primer toque con MARCA en Jap\u00f3nN. LABARGA(MARCA).<\/p>\n<p data-mrf-recirculation=\"Links P\u00e1rrafos\" class=\"ue-c-article__paragraph paragraph\"><strong>\u00cddolo de la infancia:<\/strong> Contador.<\/p>\n<p data-mrf-recirculation=\"Links P\u00e1rrafos\" class=\"ue-c-article__paragraph paragraph\"><strong>Carrera favorita:<\/strong> Roubaix.<\/p>\n<p data-mrf-recirculation=\"Links P\u00e1rrafos\" class=\"ue-c-article__paragraph paragraph\"><strong>Puerto m\u00e1s duro: <\/strong>Mortirolo.<\/p>\n<p data-mrf-recirculation=\"Links P\u00e1rrafos\" class=\"ue-c-article__paragraph paragraph\"><strong>Mejor y peor d\u00eda sobre la bici<\/strong>: El mejor cuando fui campe\u00f3n de Europa de pista y el peor el Mundial junior 2024.<\/p>\n<p data-mrf-recirculation=\"Links P\u00e1rrafos\" class=\"ue-c-article__paragraph paragraph\"><strong>Mejor amigo del pelot\u00f3n: <\/strong>Seb Grindley.<\/p>\n<p data-mrf-recirculation=\"Links P\u00e1rrafos\" class=\"ue-c-article__paragraph paragraph\"><strong>Reto a futuro:<\/strong> Ganar Flandes y Roubaix.<\/p>\n<p>Un &#8216;rey de la pista&#8217; con H\u00e9ctor \u00c1lvarez:<\/p>\n<p data-mrf-recirculation=\"Links P\u00e1rrafos\" class=\"ue-c-article__paragraph paragraph\"><strong>Landa o Mas: <\/strong>Landa<\/p>\n<p data-mrf-recirculation=\"Links P\u00e1rrafos\" class=\"ue-c-article__paragraph paragraph\"><strong>Landa o Ayuso: <\/strong>Ayuso.<\/p>\n<p data-mrf-recirculation=\"Links P\u00e1rrafos\" class=\"ue-c-article__paragraph paragraph\"><strong>Ayuso o Froome: <\/strong>Ayuso.<\/p>\n<p data-mrf-recirculation=\"Links P\u00e1rrafos\" class=\"ue-c-article__paragraph paragraph\"><strong>Ayuso o Valverde: <\/strong>Valverde.<\/p>\n<p data-mrf-recirculation=\"Links P\u00e1rrafos\" class=\"ue-c-article__paragraph paragraph\"><strong>Valverde o Contador:<\/strong> Contador.<\/p>\n<p data-mrf-recirculation=\"Links P\u00e1rrafos\" class=\"ue-c-article__paragraph paragraph\"><strong>Contador o Indurain: <\/strong>Contador.<\/p>\n<p data-mrf-recirculation=\"Links P\u00e1rrafos\" class=\"ue-c-article__paragraph paragraph\"><strong>Contador o Roglic:<\/strong> Contador.<\/p>\n<p data-mrf-recirculation=\"Links P\u00e1rrafos\" class=\"ue-c-article__paragraph paragraph\"><strong>Contador o Nibali: <\/strong>Contador.<\/p>\n<p data-mrf-recirculation=\"Links P\u00e1rrafos\" class=\"ue-c-article__paragraph paragraph\"><strong>Contador o Vingegaard:<\/strong> Contador.<\/p>\n<p data-mrf-recirculation=\"Links P\u00e1rrafos\" class=\"ue-c-article__paragraph paragraph\"><strong>Contador o Pogacar:<\/strong> Contador.<\/p>\n<p data-mrf-recirculation=\"Links P\u00e1rrafos\" class=\"ue-c-article__paragraph paragraph\"><strong>Contador o Hinault: <\/strong>Contador.<\/p>\n<p data-mrf-recirculation=\"Links P\u00e1rrafos\" class=\"ue-c-article__paragraph paragraph\"><strong>Contador o Merckx: <\/strong>Contador, siempre ha sido mi referente y recuerdo que, con su victoria en el Angliru en su \u00faltima etapa, casi no llego a la carrera de escuelas.<\/p>\n","protected":false},"excerpt":{"rendered":"H\u00e9ctor \u00c1lvarez, fan del f\u00fatbol y del FC Barcelona como su ya compa\u00f1ero Juan Ayuso, analiza para MARCA&hellip;\n","protected":false},"author":2,"featured_media":226117,"comment_status":"","ping_status":"","sticky":false,"template":"","format":"standard","meta":{"footnotes":""},"categories":[273],"tags":[313,312,168,25,24,23,167],"class_list":{"0":"post-226116","1":"post","2":"type-post","3":"status-publish","4":"format-standard","5":"has-post-thumbnail","7":"category-ciclismo","8":"tag-ciclismo","9":"tag-cycling","10":"tag-deportes","11":"tag-es","12":"tag-espana","13":"tag-spain","14":"tag-sports"},"share_on_mastodon":{"url":"https:\/\/pubeurope.com\/@es\/115517648251735185","error":""},"_links":{"self":[{"href":"https:\/\/www.europesays.com\/es\/wp-json\/wp\/v2\/posts\/226116","targetHints":{"allow":["GET"]}}],"collection":[{"href":"https:\/\/www.europesays.com\/es\/wp-json\/wp\/v2\/posts"}],"about":[{"href":"https:\/\/www.europesays.com\/es\/wp-json\/wp\/v2\/types\/post"}],"author":[{"embeddable":true,"href":"https:\/\/www.europesays.com\/es\/wp-json\/wp\/v2\/users\/2"}],"replies":[{"embeddable":true,"href":"https:\/\/www.europesays.com\/es\/wp-json\/wp\/v2\/comments?post=226116"}],"version-history":[{"count":0,"href":"https:\/\/www.europesays.com\/es\/wp-json\/wp\/v2\/posts\/226116\/revisions"}],"wp:featuredmedia":[{"embeddable":true,"href":"https:\/\/www.europesays.com\/es\/wp-json\/wp\/v2\/media\/226117"}],"wp:attachment":[{"href":"https:\/\/www.europesays.com\/es\/wp-json\/wp\/v2\/media?parent=226116"}],"wp:term":[{"taxonomy":"category","embeddable":true,"href":"https:\/\/www.europesays.com\/es\/wp-json\/wp\/v2\/categories?post=226116"},{"taxonomy":"post_tag","embeddable":true,"href":"https:\/\/www.europesays.com\/es\/wp-json\/wp\/v2\/tags?post=226116"}],"curies":[{"name":"wp","href":"https:\/\/api.w.org\/{rel}","templated":true}]}}